{"id":66292,"date":"2025-08-23T06:04:19","date_gmt":"2025-08-23T06:04:19","guid":{"rendered":"https:\/\/www.europesays.com\/es\/66292\/"},"modified":"2025-08-23T06:04:19","modified_gmt":"2025-08-23T06:04:19","slug":"jessica-bueno-se-emociona-al-reencontrarse-con-su-viejo-saco-de-supervivientes-2011","status":"publish","type":"post","link":"https:\/\/www.europesays.com\/es\/66292\/","title":{"rendered":"Jessica Bueno se emociona al reencontrarse con su viejo saco de &#8216;Supervivientes 2011&#8217;"},"content":{"rendered":"<p data-journey-content=\"true\" data-node-id=\"2\" class=\"css-i9p093 emevuu60\"><strong data-node-id=\"2.0\">Jessica Bueno est\u00e1 deseando volver a Honduras para revivir \u00abuna de las experiencias m\u00e1s intensas\u00bb de su vida<\/strong>, tal y como lo define ella. La que fuera concursante de <a href=\"https:\/\/www.diezminutos.es\/supervivientes-television\/\" target=\"_blank\" data-vars-ga-outbound-link=\"https:\/\/www.diezminutos.es\/supervivientes-television\/\" data-vars-ga-ux-element=\"Hyperlink\" data-vars-ga-call-to-action=\"&#039;Supervivientes 2011&#039;\" data-node-id=\"2.2\" class=\"body-link css-177bzfx emevuu60\" rel=\"nofollow noopener\">&#8216;Supervivientes 2011&#8217;<\/a> se convirti\u00f3 en la primera confirmada de la <a href=\"https:\/\/www.diezminutos.es\/teleprograma\/programas-tv\/g65474640\/supervivientes-all-stars-2025-concursantes\/\" target=\"_blank\" data-vars-ga-outbound-link=\"https:\/\/www.diezminutos.es\/teleprograma\/programas-tv\/g65474640\/supervivientes-all-stars-2025-concursantes\/\" data-vars-ga-ux-element=\"Hyperlink\" data-vars-ga-call-to-action=\"segunda edici\u00f3n de &#039;Supervivientes All Stars&#039;\" data-node-id=\"2.4\" class=\"body-link css-177bzfx emevuu60\" rel=\"nofollow noopener\">segunda edici\u00f3n de &#8216;Supervivientes All Stars&#8217;<\/a> que, previsiblemente, se estrenar\u00e1 el 4 de septiembre. All\u00ed conoci\u00f3 a Kiko Rivera, que se convertir\u00eda en su pareja y padre de su hijo mayor. Aunque la cosa no funcion\u00f3 bien entre ellos, Jessica guarda <a href=\"https:\/\/www.diezminutos.es\/teleprograma\/programas-tv\/a65515853\/jessica-bueno-razon-participacion-supervivientes\/\" target=\"_blank\" data-vars-ga-outbound-link=\"https:\/\/www.diezminutos.es\/teleprograma\/programas-tv\/a65515853\/jessica-bueno-razon-participacion-supervivientes\/\" data-vars-ga-ux-element=\"Hyperlink\" data-vars-ga-call-to-action=\"muy buenos recuerdos de su participaci\u00f3n en el reality\" data-node-id=\"2.6\" class=\"body-link css-177bzfx emevuu60\" rel=\"nofollow noopener\">muy buenos recuerdos de su participaci\u00f3n en el reality<\/a>. Unos recuerdos que no s\u00f3lo est\u00e1n en su cabeza, tambi\u00e9n los hay materiales. A pocos d\u00edas de participar de nuevo en el concurso, <strong data-node-id=\"2.8\">la modelo sevillana se ha marcado un &#8216;unboxing&#8217; en toda regla<\/strong> con el saco en el que guardaba sus pertenencia la primera vez que estuvo en &#8216;Supervivientes&#8217;.<\/p>\n<p><img draggable=\"true\" alt=\"jessica bueno\" title=\"Jessica Bueno\" loading=\"lazy\" width=\"4800\" height=\"7200\" decoding=\"async\" data-nimg=\"1\" style=\"color:transparent;width:100%;height:auto;\"   src=\"https:\/\/www.europesays.com\/es\/wp-content\/uploads\/2025\/08\/jessica-bueno-sv-saco-68a838479ef9d.jpg\" class=\"css-0 e1g79fud0\"\/><\/p>\n<p>Stories<\/p>\n<p data-journey-content=\"true\" data-node-id=\"4\" class=\"css-i9p093 emevuu60\">\u00abEste 2025 regreso a la aventura &#8216;Supervivientes&#8217; y<strong data-node-id=\"4.1\"> no se me ocurre mejor forma de empezar que recordando de d\u00f3nde vengo<\/strong> y todo lo que me ha tra\u00eddo hasta aqu\u00ed. Porque los recuerdos nos hacen valorar el presente\u2026 y so\u00f1ar con lo que est\u00e1 por venir\u00bb, ha escrito Jessica Bueno en sus redes sociales junto a un emotivo video en el que recupera el saco de las pertenencias que se llev\u00f3 y trajo de Honduras. <strong data-node-id=\"4.3\">Lo hace junto a sus hijos que, curiosos y sorprendidos, preguntan a su madre por todo<\/strong>.<\/p>\n<p><img draggable=\"true\" alt=\"jessica bueno\" title=\"Jessica Bueno\" loading=\"lazy\" width=\"4800\" height=\"7200\" decoding=\"async\" data-nimg=\"1\" style=\"color:transparent;width:100%;height:auto;\"   src=\"https:\/\/www.europesays.com\/es\/wp-content\/uploads\/2025\/08\/jessica-bueno-gafas-68a8384789d30.jpg\" class=\"css-0 e1g79fud0\"\/><\/p>\n<p>Stories<\/p>\n<p data-journey-content=\"true\" data-node-id=\"6\" class=\"css-i9p093 emevuu60\">\u00abQu\u00e9 emoci\u00f3n abrir esta caja que me ha tra\u00eddo mi madre y que ha tenido guardada 14 a\u00f1os. <strong data-node-id=\"6.1\">Es mi saco de cuando estuve en &#8216;Supervivientes&#8217;, <a href=\"https:\/\/www.diezminutos.es\/famosos-corazon\/famosos-espanoles\/a65526958\/jessica-bueno-vida\/\" target=\"_blank\" data-vars-ga-outbound-link=\"https:\/\/www.diezminutos.es\/famosos-corazon\/famosos-espanoles\/a65526958\/jessica-bueno-vida\/\" data-vars-ga-ux-element=\"Hyperlink\" data-vars-ga-call-to-action=\"cuando mam\u00e1 ten\u00eda 19 casi para 20 a\u00f1os\" data-node-id=\"6.1.1\" class=\"body-link css-177bzfx emevuu60\" rel=\"nofollow noopener\">cuando mam\u00e1 ten\u00eda 19 casi para 20 a\u00f1os<\/a><\/strong>. A ver que hay aqu\u00ed\u00bb, dice la modelo a sus hijos, que no paraban de insistirle para ver de una vez los &#8216;tesoros&#8217; que guardaba su madre.<\/p>\n<p>Jessica Bueno sorprende a sus hijos con sus recuerdos<\/p>\n<p data-journey-content=\"true\" data-node-id=\"9\" class=\"css-i9p093 emevuu60\">\u00abSon las cosas que yo usaba, os lo ense\u00f1o. Estos son los pergaminos que nos dejaban por all\u00ed cuando ten\u00edamos que hacer un reto de conseguir comida. Me acuerdo de esa prueba, pescar 30 peces y todo por un kilo de az\u00facar\u00bb, comentaba Jessica, mientras <strong data-node-id=\"9.1\">uno de sus hijos reaccionaba, con un ocurrente comentario: \u00abPero el az\u00facar es para engordar\u00bb<\/strong>.<\/p>\n<p><img draggable=\"true\" alt=\"jessica bueno\" title=\"Jessica Bueno\" loading=\"lazy\" width=\"4800\" height=\"7200\" decoding=\"async\" data-nimg=\"1\" style=\"color:transparent;width:100%;height:auto;\"   src=\"https:\/\/www.europesays.com\/es\/wp-content\/uploads\/2025\/08\/jessica-bueno-esterilla-68a83847893c2.jpg\" class=\"css-0 e1g79fud0\"\/><\/p>\n<p>Stories<\/p>\n<p data-journey-content=\"true\" data-node-id=\"11\" class=\"css-i9p093 emevuu60\">Entre las pertenencias, la influencer tambi\u00e9n guardaba sus ca\u00f1as de pescar, una camiseta firmada por sus amigos, un bikini rojo roto y las gafas que se llev\u00f3. \u00abUy, la funda de mis gafas. Yo no veo nada, ya sab\u00e9is que mam\u00e1 no ve y me llev\u00e9 mis gafas de ver, est\u00e1 oxidadas, dobladas, me las puse s\u00faper poco\u00bb, les cuenta Jessica Bueno a sus hijos, que apuntan a todo el \u00abpolvo\u00bb que tienen las gafas. <strong data-node-id=\"11.1\">\u00abQu\u00e9 asco\u00bb, grita uno de ellos cuando Jessica les ense\u00f1a la esterilla en la que dorm\u00eda<\/strong>.<\/p>\n<p><img draggable=\"true\" alt=\"jessica bueno\" title=\"Jessica Bueno\" loading=\"lazy\" width=\"4800\" height=\"7200\" decoding=\"async\" data-nimg=\"1\" style=\"color:transparent;width:100%;height:auto;\"   src=\"https:\/\/www.europesays.com\/es\/wp-content\/uploads\/2025\/08\/jessica-bueno-bol-coco-68a83847d095f.jpg\" class=\"css-0 e1g79fud0\"\/><\/p>\n<p>Stories<\/p>\n<p data-journey-content=\"true\" data-node-id=\"13\" class=\"css-i9p093 emevuu60\">Pero sin duda, <strong data-node-id=\"13.1\">uno de los objetos que m\u00e1s ha sorprendido a <a href=\"https:\/\/www.diezminutos.es\/famosos-corazon\/famosos-espanoles\/a65435030\/jessica-bueno-jota-peleteiro-reencuentro-novedades-juicio-hijos-parado\/\" target=\"_blank\" data-vars-ga-outbound-link=\"https:\/\/www.diezminutos.es\/famosos-corazon\/famosos-espanoles\/a65435030\/jessica-bueno-jota-peleteiro-reencuentro-novedades-juicio-hijos-parado\/\" data-vars-ga-ux-element=\"Hyperlink\" data-vars-ga-call-to-action=\"los hijos de Jessica Bueno\" data-node-id=\"13.1.1\" class=\"body-link css-177bzfx emevuu60\" rel=\"nofollow noopener\">los hijos de Jessica Bueno<\/a> han sido su bol para comer<\/strong>: \u00abEl bol de coco. Yo com\u00eda aqu\u00ed mi porci\u00f3n de arroz\u00bb, dec\u00eda la modelo ante la incredulidad de uno de sus hijos: <strong data-node-id=\"13.3\">\u00ab\u00bfPero es coco de verdad?\u00bb mientras otro exclama: \u00abOh, qu\u00e9 guay\u00bb<\/strong>. Uno de los momentos m\u00e1s bonitos del v\u00eddeo es cuando la modelo Y tambi\u00e9n les ha gustado mucho un collar con una concha que se hizo Jessica en Honduras y que le ha regalado a uno de sus hijos.<br data-node-id=\"13.5\"\/><\/p>\n<p><img src=\"https:\/\/www.europesays.com\/es\/wp-content\/uploads\/2025\/08\/1755929059_775_edf7d479-6cd4-48bc-8600-bcfd6ef75c9d_1734435678.jpg\" alt=\"Headshot of Magdalena Pi\u00f1ero\" title=\"Headshot of Magdalena Pi\u00f1ero\" width=\"100%\" height=\"100%\" decoding=\"async\" loading=\"lazy\" class=\"css-o0wq4v ev8dhu53\"\/><\/p>\n<p>Magdalena Pi\u00f1ero es periodista experta en coraz\u00f3n, celebridades y sociedad. Licenciada en Periodismo por la Universidad de Sevilla, se mud\u00f3 a Madrid para cursar el M\u00e1ster de Periodismo de la Agencia EFE. Hizo pr\u00e1cticas en la secci\u00f3n de Tribunales y en la de Sociedad y Televisi\u00f3n. En ambas disfrut\u00f3 mucho, pero fue en la segunda en la que descubri\u00f3 que cubrir el estreno de la serie de televisi\u00f3n del momento y entrevistar a sus protagonistas le apasionaba mucho m\u00e1s de lo que jam\u00e1s hubiera imaginado. Sonr\u00ede al recordar sus primeras ruedas de prensa, entre ellas &#8216;El programa de Ana Rosa&#8217;.<br \/>\nLleva m\u00e1s de una d\u00e9cada trabajando en la web de Diezminutos.es, pero es una nost\u00e1lgica y recuerda con cari\u00f1o su etapa en el formato de papel de la revista, en la que estuvo colaborando. Un tiempo en el que ha visto y trabajado en las noticias m\u00e1s destacadas del panorama nacional como la boda de Pilar Rubio y Sergio Ramos; el divorcio de Paula Echavarr\u00eda y David Bustamante; y acontecimientos hist\u00f3ricos como la coronaci\u00f3n de Felipe VI como rey de Espa\u00f1a.<br \/>\nAdem\u00e1s del coraz\u00f3n, le encanta la moda y la belleza. De ah\u00ed que ponga el mismo entusiasmo escribiendo sobre los looks de la Reina Letizia que sobre la crema favorita de Isasaweis. Tiene ojo cl\u00ednico para detectar si dos famosas han llevado el mismo vestido y hacer un tema sobre cu\u00e1l de ellas lo lleva mejor.<br \/>\nEn sus ratos libres, adem\u00e1s de seguir form\u00e1ndose en las \u00faltimas novedades digitales para aplicarlas en su trabajo, le encanta ver realities como &#8216;Supervivientes&#8217; y &#8216;Soy Georgina&#8217; (comparte con Georgina Rodr\u00edguez su amor por los ib\u00e9ricos), programas de coraz\u00f3n y todo lo que se emita en la parrilla televisiva de lo que pueda sacar un buen salseo. \u00bfLa excusa que pone siempre para verlos sin que la molesten? : \u00abLo hago por trabajo\u00bb.<\/p>\n","protected":false},"excerpt":{"rendered":"Jessica Bueno est\u00e1 deseando volver a Honduras para revivir \u00abuna de las experiencias m\u00e1s intensas\u00bb de su vida,&hellip;\n","protected":false},"author":2,"featured_media":66293,"comment_status":"","ping_status":"","sticky":false,"template":"","format":"standard","meta":{"footnotes":""},"categories":[171],"tags":[253,146,147,25,24,23,214],"class_list":{"0":"post-66292","1":"post","2":"type-post","3":"status-publish","4":"format-standard","5":"has-post-thumbnail","7":"category-tv","8":"tag-discover","9":"tag-entertainment","10":"tag-entretenimiento","11":"tag-es","12":"tag-espana","13":"tag-spain","14":"tag-tv"},"share_on_mastodon":{"url":"","error":""},"_links":{"self":[{"href":"https:\/\/www.europesays.com\/es\/wp-json\/wp\/v2\/posts\/66292","targetHints":{"allow":["GET"]}}],"collection":[{"href":"https:\/\/www.europesays.com\/es\/wp-json\/wp\/v2\/posts"}],"about":[{"href":"https:\/\/www.europesays.com\/es\/wp-json\/wp\/v2\/types\/post"}],"author":[{"embeddable":true,"href":"https:\/\/www.europesays.com\/es\/wp-json\/wp\/v2\/users\/2"}],"replies":[{"embeddable":true,"href":"https:\/\/www.europesays.com\/es\/wp-json\/wp\/v2\/comments?post=66292"}],"version-history":[{"count":0,"href":"https:\/\/www.europesays.com\/es\/wp-json\/wp\/v2\/posts\/66292\/revisions"}],"wp:featuredmedia":[{"embeddable":true,"href":"https:\/\/www.europesays.com\/es\/wp-json\/wp\/v2\/media\/66293"}],"wp:attachment":[{"href":"https:\/\/www.europesays.com\/es\/wp-json\/wp\/v2\/media?parent=66292"}],"wp:term":[{"taxonomy":"category","embeddable":true,"href":"https:\/\/www.europesays.com\/es\/wp-json\/wp\/v2\/categories?post=66292"},{"taxonomy":"post_tag","embeddable":true,"href":"https:\/\/www.europesays.com\/es\/wp-json\/wp\/v2\/tags?post=66292"}],"curies":[{"name":"wp","href":"https:\/\/api.w.org\/{rel}","templated":true}]}}