{"id":662988,"date":"2026-07-17T14:09:08","date_gmt":"2026-07-17T14:09:08","guid":{"rendered":"https:\/\/www.europesays.com\/es\/662988\/"},"modified":"2026-07-17T14:09:08","modified_gmt":"2026-07-17T14:09:08","slug":"de-viernes-anuncia-a-sus-7-invitados-contra-la-final-de-tu-cara-me-suena-con-el-foco-en-cantora-y-las-campos","status":"publish","type":"post","link":"https:\/\/www.europesays.com\/es\/662988\/","title":{"rendered":"&#8216;De Viernes&#8217; anuncia a sus 7 invitados contra la final de &#8216;Tu cara me suena&#8217;, con el foco en Cantora y las Campos"},"content":{"rendered":"<p class=\"article-text\">\n        <a href=\"https:\/\/www.eldiario.es\/vertele\/temas\/de-viernes\/\" data-mrf-recirculation=\"links-noticia\" class=\"link\" rel=\"nofollow noopener\" target=\"_blank\">De Viernes<\/a> est\u00e1 de vuelta. Despu\u00e9s de <a href=\"https:\/\/www.eldiario.es\/vertele\/noticias\/telecinco-emitira-refrito-viernes-durante-espana-belgica-mundial-rtve-vt_1_13367288.html\" data-mrf-recirculation=\"links-noticia\" class=\"link\" rel=\"nofollow noopener\" target=\"_blank\">no emitirse la semana pasada<\/a> para evitar coincidir con el partido de cuartos de final del Mundial entre Espa\u00f1a y B\u00e9lgica, el espacio conducido por <a href=\"https:\/\/www.eldiario.es\/vertele\/temas\/santi-acosta\/\" data-mrf-recirculation=\"links-noticia\" class=\"link\" rel=\"nofollow noopener\" target=\"_blank\"><strong>Santi Acosta<\/strong><\/a> y <a href=\"https:\/\/www.eldiario.es\/vertele\/temas\/beatriz-archidona\/\" data-mrf-recirculation=\"links-noticia\" class=\"link\" rel=\"nofollow noopener\" target=\"_blank\"><strong>Beatriz Archidona<\/strong><\/a> recupera este viernes su cita habitual en <a href=\"https:\/\/www.eldiario.es\/vertele\/temas\/telecinco\/\" data-mrf-recirculation=\"links-noticia\" class=\"link\" rel=\"nofollow noopener\" target=\"_blank\">Telecinco<\/a>. Adem\u00e1s, esta ser\u00e1 la primera vez que ambos presentadores compaginen el formato semanal con <a href=\"https:\/\/www.eldiario.es\/vertele\/temas\/de-lunes-a-viernes\/\" data-mrf-recirculation=\"links-noticia\" class=\"link\" rel=\"nofollow noopener\" target=\"_blank\">De lunes a viernes<\/a>, el nuevo magac\u00edn diario de la cadena.\n    <\/p>\n<p>    <a href=\"https:\/\/www.eldiario.es\/vertele\/analisis\/tu-cara-me-suena-13-final-audiencias-tv-verso-libre-cambio-narrativo-oportunidad-j-kbello-cristina-castano_1_13382811.html\" data-mrf-recirculation=\"saber-mas\" data-dl-event=\"saber-mas\" rel=\"nofollow noopener\" target=\"_blank\"><\/p>\n<p class=\"know-more__title\">ESPECIAL | &#8216;Tu cara me suena 13&#8217;, el verso libre de las audiencias en TV que llega a su final con un cambio narrativo y una oportunidad<\/p>\n<p>            <img decoding=\"async\" class=\"lazy\" loading=\"lazy\" data-src=\"https:\/\/static.eldiario.es\/clip\/309a9c4d-b0f9-436e-8a14-d3a6268bcefe_16-9-aspect-ratio_default_0.jpg\" src=\"data:image\/svg+xml,%3Csvg xmlns=\" http:=\"\" viewbox=\"0 0 880 495\" alt=\"'Tu cara me suena 13', el verso libre de las audiencias en TV que llega a su final con un cambio narrativo y una oportunidad\"\/><\/p>\n<p>                        <\/a><\/p>\n<p class=\"article-text\">\n        El regreso del programa se produce en una de las noches m\u00e1s complicadas de la temporada en t\u00e9rminos de competencia. <a href=\"https:\/\/www.eldiario.es\/vertele\/temas\/de-viernes\/\" data-mrf-recirculation=\"links-noticia\" class=\"link\" rel=\"nofollow noopener\" target=\"_blank\">De Viernes<\/a> tendr\u00e1 que enfrentarse a la gran final de <a href=\"https:\/\/www.eldiario.es\/vertele\/temas\/tu-cara-me-suena\/\" data-mrf-recirculation=\"links-noticia\" class=\"link\" rel=\"nofollow noopener\" target=\"_blank\">Tu cara me suena<\/a> en <a href=\"https:\/\/www.eldiario.es\/vertele\/temas\/antena-3\/\" data-mrf-recirculation=\"links-noticia\" class=\"link\" rel=\"nofollow noopener\" target=\"_blank\"><strong>Antena 3<\/strong><\/a>, as\u00ed como a la programaci\u00f3n especial que <a href=\"https:\/\/www.eldiario.es\/vertele\/temas\/la-1\/\" data-mrf-recirculation=\"links-noticia\" class=\"link\" rel=\"nofollow noopener\" target=\"_blank\"><strong>La 1<\/strong><\/a> ha preparado con motivo de la previa de <strong>la final del Mundial de f\u00fatbol entre Espa\u00f1a y Argentina<\/strong>. Un escenario que obligar\u00e1 al formato de Telecinco a pelear por la audiencia en una franja especialmente disputada.\n    <\/p>\n<p class=\"article-text\">\n        Las cifras de la semana pasada invitan a pensar que la competencia volver\u00e1 a ser muy exigente. <strong>A pesar de coincidir con el encuentro entre Espa\u00f1a y B\u00e9lgica<\/strong>, <a href=\"https:\/\/www.eldiario.es\/vertele\/temas\/tu-cara-me-suena\/\" data-mrf-recirculation=\"links-noticia\" class=\"link\" rel=\"nofollow noopener\" target=\"_blank\">Tu cara me suena<\/a> logr\u00f3 mantener un s\u00f3lido <strong>18% de cuota de pantalla y 1,14 millones de espectadores,<\/strong> demostrando la fortaleza del formato incluso frente a una jornada marcada por el f\u00fatbol. Un precedente que anticipa una noche complicada para la oferta de Mediaset.\n    <\/p>\n<p>    <strong>Cantora y las Campos como temas estrella<\/strong><\/p>\n<p class=\"article-text\">\n        Para intentar hacerse un hueco frente a sus rivales, <a href=\"https:\/\/www.eldiario.es\/vertele\/temas\/de-viernes\/\" data-mrf-recirculation=\"links-noticia\" class=\"link\" rel=\"nofollow noopener\" target=\"_blank\">De Viernes<\/a> volver\u00e1 a apostar por los testimonios exclusivos. La principal protagonista de la noche ser\u00e1 <strong>Teresa Rivera<\/strong>, hermana de Paquirri, que regresar\u00e1 al programa para pronunciarse sobre la situaci\u00f3n de <strong>Cantora <\/strong>tras las im\u00e1genes emitidas recientemente desde el interior de la finca, una visita in\u00e9dita en televisi\u00f3n en las \u00faltimas cuatro d\u00e9cadas. Junto a ella, el espacio completar\u00e1 su entrega con nuevos invitados y otros asuntos de la actualidad del coraz\u00f3n.\n    <\/p>\n<p class=\"article-text\">\n        La invitada recordar\u00e1 c\u00f3mo era Cantora durante los a\u00f1os en los que compart\u00eda all\u00ed los veranos con su hermano y cuestionar\u00e1 la gesti\u00f3n que<a href=\"https:\/\/www.eldiario.es\/vertele\/noticias\/de-viernes-impacta-isa-pantoja-imagenes-cantora-no-hablar-no-encuentro_1_13338439.html\" data-mrf-recirculation=\"links-noticia\" class=\"link\" rel=\"nofollow noopener\" target=\"_blank\"> Isabel Pantoja<\/a> ha realizado del legado del torero. Adem\u00e1s, reaccionar\u00e1 a unas im\u00e1genes in\u00e9ditas en las que Canales Rivera rememora c\u00f3mo vivi\u00f3 la familia <strong>la separaci\u00f3n de Paquirri y Carmina Ord\u00f3\u00f1ez<\/strong>. Teresa Rivera tambi\u00e9n expresar\u00e1 su malestar por el estado actual de la finca tras la reciente visita de su sobrino, Canales Rivera, y defender\u00e1 que no se ha respetado la voluntad del diestro.\n    <\/p>\n<p class=\"article-text\">\n        Otro de los asuntos que abordar\u00e1 el programa ser\u00e1 <strong>la controversia surgida en torno a la vivienda de las Campos en M\u00e1laga<\/strong>, despu\u00e9s de que se difundieran unas fotograf\u00edas del inmueble junto a un supuesto anuncio de venta que fue retirado poco despu\u00e9s de publicarse. Para aclarar lo ocurrido, <strong>Jos\u00e9 Mar\u00eda Almoguera<\/strong>, hijo de Carmen Borrego, responder\u00e1 a las dudas que han surgido en torno a este asunto y ofrecer\u00e1 su versi\u00f3n sobre si la vivienda lleg\u00f3 realmente a ponerse en el mercado y qu\u00e9 ocurri\u00f3 con las im\u00e1genes difundidas.\n    <\/p>\n<blockquote class=\"twitter-tweet\" data-lang=\"es\"><p><a href=\"https:\/\/twitter.com\/X\/status\/2077864617934545296?ref_src=twsrc%5Etfw\" rel=\"nofollow noopener\" target=\"_blank\"><\/p><\/blockquote>\n<p>    <strong>Reencuentro familiar y regreso televisivo<\/strong><\/p>\n<p class=\"article-text\">\n        El programa tambi\u00e9n contar\u00e1 con la presencia de <strong>Stefan y Estefan\u00eda<\/strong>, una de las parejas de <a href=\"https:\/\/www.eldiario.es\/vertele\/temas\/casados-a-primera-vista\/\" data-mrf-recirculation=\"links-noticia\" class=\"link\" rel=\"nofollow noopener\" target=\"_blank\">Casados a primera vista<\/a>, que har\u00e1n balance de su relaci\u00f3n tras el reality. Ambos explicar\u00e1n c\u00f3mo es su nueva vida en Lanzarote y valorar\u00e1n la evoluci\u00f3n sentimental de otros participantes del programa.\n    <\/p>\n<p class=\"article-text\">\n        La emisi\u00f3n tambi\u00e9n mostrar\u00e1 el reencuentro entre <a href=\"https:\/\/www.eldiario.es\/vertele\/analisis\/supervivientes-claudia-chacon-salvado-telecinco-merece-superar-duelo-fraticida-edicion-maica_1_13272658.html\" data-mrf-recirculation=\"links-noticia\" class=\"link\" rel=\"nofollow noopener\" target=\"_blank\"><strong>Claudia Chac\u00f3n<\/strong><\/a> y su madre Julia despu\u00e9s de que la colaboradora relatara hace unas semanas la complicada relaci\u00f3n familiar que marc\u00f3 su infancia y adolescencia. Ambas mantendr\u00e1n por primera vez una conversaci\u00f3n ante las c\u00e1maras.\n    <\/p>\n<p>    <a href=\"https:\/\/www.eldiario.es\/vertele\/noticias\/rtve-final-mundial-espana-argentina-programacion-especial-horarios-show-descanso_1_13388318.html\" data-mrf-recirculation=\"saber-mas-abajo\" data-dl-event=\"saber-mas-abajo\" rel=\"nofollow noopener\" target=\"_blank\"><\/p>\n<p class=\"know-more__title\">As\u00ed se ver\u00e1 la final del Mundial Espa\u00f1a &#8211; Argentina en RTVE: programaci\u00f3n especial, horarios y show del descanso\n<\/p>\n<p>            <img decoding=\"async\" class=\"lazy\" loading=\"lazy\" data-src=\"https:\/\/static.eldiario.es\/clip\/41e77b03-15a4-40ef-9294-e2f7d03911b4_16-9-aspect-ratio_default_0.jpg\" src=\"data:image\/svg+xml,%3Csvg xmlns=\" http:=\"\" viewbox=\"0 0 880 495\" alt=\"As\u00ed se ver\u00e1 la final del Mundial Espa\u00f1a - Argentina en RTVE: programaci\u00f3n especial, horarios y show del descanso\"\/><\/p>\n<p>                        <\/a><\/p>\n<p class=\"article-text\">\n        Por su parte, <strong>Techi Cabrera<\/strong> regresar\u00e1 a la televisi\u00f3n cuatro a\u00f1os despu\u00e9s para hablar del trastorno bipolar que le fue diagnosticado, de los momentos m\u00e1s dif\u00edciles que ha atravesado durante este tiempo y de la relaci\u00f3n que mantiene actualmente con <strong>Kiko Rivera, Isabel Pantoja y Agust\u00edn Pantoja<\/strong>.\n    <\/p>\n<p>                                        <script async src=\"https:\/\/platform.twitter.com\/widgets.js\" charset=\"utf-8\"><\/script><\/p>\n","protected":false},"excerpt":{"rendered":"De Viernes est\u00e1 de vuelta. Despu\u00e9s de no emitirse la semana pasada para evitar coincidir con el partido&hellip;\n","protected":false},"author":2,"featured_media":662989,"comment_status":"","ping_status":"","sticky":false,"template":"","format":"standard","meta":{"footnotes":""},"categories":[171],"tags":[17207,3272,146,147,25,24,3551,193,121000,9721,2902,773,5294,23,692,214,381,118621],"class_list":["post-662988","post","type-post","status-publish","format-standard","has-post-thumbnail","category-tv","tag-anunciado","tag-ausencia","tag-entertainment","tag-entretenimiento","tag-es","tag-espana","tag-invitados","tag-noche","tag-ocuparan","tag-plato","tag-regresa","tag-semana","tag-siete","tag-spain","tag-telecinco","tag-tv","tag-viernes","tag-vt"],"share_on_mastodon":{"url":"https:\/\/pubeurope.com\/@es\/116935718668950097","error":""},"_links":{"self":[{"href":"https:\/\/www.europesays.com\/es\/wp-json\/wp\/v2\/posts\/662988","targetHints":{"allow":["GET"]}}],"collection":[{"href":"https:\/\/www.europesays.com\/es\/wp-json\/wp\/v2\/posts"}],"about":[{"href":"https:\/\/www.europesays.com\/es\/wp-json\/wp\/v2\/types\/post"}],"author":[{"embeddable":true,"href":"https:\/\/www.europesays.com\/es\/wp-json\/wp\/v2\/users\/2"}],"replies":[{"embeddable":true,"href":"https:\/\/www.europesays.com\/es\/wp-json\/wp\/v2\/comments?post=662988"}],"version-history":[{"count":0,"href":"https:\/\/www.europesays.com\/es\/wp-json\/wp\/v2\/posts\/662988\/revisions"}],"wp:featuredmedia":[{"embeddable":true,"href":"https:\/\/www.europesays.com\/es\/wp-json\/wp\/v2\/media\/662989"}],"wp:attachment":[{"href":"https:\/\/www.europesays.com\/es\/wp-json\/wp\/v2\/media?parent=662988"}],"wp:term":[{"taxonomy":"category","embeddable":true,"href":"https:\/\/www.europesays.com\/es\/wp-json\/wp\/v2\/categories?post=662988"},{"taxonomy":"post_tag","embeddable":true,"href":"https:\/\/www.europesays.com\/es\/wp-json\/wp\/v2\/tags?post=662988"}],"curies":[{"name":"wp","href":"https:\/\/api.w.org\/{rel}","templated":true}]}}