{"id":662992,"date":"2026-07-17T14:12:12","date_gmt":"2026-07-17T14:12:12","guid":{"rendered":"https:\/\/www.europesays.com\/es\/662992\/"},"modified":"2026-07-17T14:12:12","modified_gmt":"2026-07-17T14:12:12","slug":"vincic-arbitro-de-la-polemica-expulsion-de-camavinga-en-champions-pitara-la-final","status":"publish","type":"post","link":"https:\/\/www.europesays.com\/es\/662992\/","title":{"rendered":"Vincic, \u00e1rbitro de la pol\u00e9mica expulsi\u00f3n de Camavinga en Champions, pitar\u00e1 la final"},"content":{"rendered":"<p style=\"\">El \u00faltimo partido del <strong>Mundial 2026<\/strong>, el que decidir\u00e1 quien levanta al cielo de Nueva York la Copa del Mundo, ya tiene \u00e1rbitro. Ser\u00e1 el esloveno <strong>Slavko Vincic<\/strong>, un colegiado con amplia experiencia en competiciones europeas, quien dirigir\u00e1 <a href=\"https:\/\/www.abc.es\/deportes\/futbol\/mundial\/fuente-scaloni-final-maestro-discipulo-20260716014711-nt.html\" target=\"_self\" data-voc-vtm-id=\"in-text-traffic\" rel=\"nofollow noopener\">el apasionante duelo entre Espa\u00f1a y Argentina<\/a> &#8230;  este domingo 19 de julio a las 21.00 horas, asistido en las bandas por Tomaz Klancnik y Andraz Kovacic y con el jordano Adham Makhadmeh como cuarto \u00e1rbitro.<\/p>\n<p class=\"v-d-p\" style=\"\">Pese a que uno de los finalistas pertenece a la UEFA el comit\u00e9 arbitral de la FIFA ha designado a Vincic <strong>por su experiencia en partidos de primer nivel<\/strong>, que incluye tambi\u00e9n varios encuentros mundialistas, tanto de esta edici\u00f3n en Estados Unidos, M\u00e9xico y Canad\u00e1 como de la anterior en Qatar.<\/p>\n<p class=\"v-d-p\" style=\"\">Como curiosidad hay que se\u00f1alar que el esloveno <strong>fue el \u00e1rbitro de la \u00faltima derrota de la selecci\u00f3n de Argentina en una cita mundialista<\/strong>, pues dirigi\u00f3 el choque entre la albiceleste y Arabia Saud\u00ed hace cuatro a\u00f1os, que acab\u00f3 con la albiceleste doblando la rodilla.<\/p>\n<ul class=\"v-cmp-rld__u\">\n<li class=\"v-cmp-rld__l\">\n<p><a class=\"v-a-lnk\" href=\"http:\/\/www.abc.es\/deportes\/futbol\/mundial\/negreira-hunde-arbitros-espanoles-pitan-futbol-mundial-20260715235912-nt.html#vtm_modulosEngag=noticiasrelacionadas-cmp-uno:deportes:noticia:1\" data-voc-vtm-id=\"in-text-traffic\" rel=\"nofollow noopener\" target=\"_blank\"><br \/>\n<img decoding=\"async\" loading=\"lazy\" src=\"https:\/\/www.europesays.com\/es\/wp-content\/uploads\/2026\/07\/2026-06-20T021440Z_811839445_UP1EM6K068ENP_RTRMADP_3_SOCCER-WORLDCUP-BRA-HTI-U63428667300OaV-366x256.jpeg\" class=\"v-a-img\" width=\"258\" height=\"180\" alt=\"El caso Negreira hunde a los \u00e1rbitros espa\u00f1oles: no pitan nada en el f\u00fatbol mundial\"\/><br \/>\n<\/a><\/p>\n<\/li>\n<\/ul>\n<p class=\"v-d-p\" style=\"\">En la presente edici\u00f3n de la Copa del Mundo Vincic ya ha dirigido el Brasil-Marruecos (1-1) y el M\u00e9xico-Ecuador (2-0), ambos de la fase de grupos. En el segundo de ellos fue noticia por <strong>la aplicaci\u00f3n de la que se ha venido en llamar &#8216;Ley Vinicius&#8217;<\/strong>, pues expuls\u00f3 al defensor ecuatoriano Hincapi\u00e9 por taparse la boca mientras se dirig\u00eda a un jugador del equipo rival. <\/p>\n<p>\nBuenos precedentes para Espa\u00f1a\n<\/p>\n<p class=\"v-d-p\" style=\"\">El historial de la selecci\u00f3n espa\u00f1ola con Vincic es prometedor, pues el esloveno ha dirigido en cinco ocasiones a &#8216;la Roja&#8217; y <strong>nunca la vio perder<\/strong>. Dirigi\u00f3 un 2-2 ante Colombia en 2017, un 0-0 ante Suecia en la Eurocopa 2020, un 2-1 a Italia en semifinales de la Nations League de 2023 y dos choques de la \u00faltima Eurocopa, un 1-0 contra Italia y la trascendental victoria por 2-1 ante Francia en semifinales.<\/p>\n<p class=\"v-d-p\" style=\"\">No tan buen recuerdo tiene sin embargo un equipo espa\u00f1ol, el Real Madrid, que se quej\u00f3 amargamente de que en la vuelta de los cuartos de final de la \u00faltima edici\u00f3n de la Champions League, en el Allianz Arena, <strong>expulsase a Camavinga por desplazar la pelota tras una falta<\/strong>. <\/p>\n<p class=\"v-d-p\" style=\"\">Muchos acusaron entonces al \u00e1rbitro esloveno de haberle sacado la <a href=\"https:\/\/www.abc.es\/deportes\/real-madrid\/camavinga-expulsion-tonta-peor-momento-20260415230605-nt.html\" target=\"_self\" data-voc-vtm-id=\"in-text-traffic\" rel=\"nofollow noopener\">tarjeta al centrocampista franc\u00e9s<\/a> tras olvidar que ya ten\u00eda otra amonestaci\u00f3n. La expulsi\u00f3n termin\u00f3 de desequilibrar un choque que acab\u00f3 con la eliminaci\u00f3n del equipo entrenado entonces por \u00c1lvaro Arbeloa. <\/p>\n<p class=\"v-d-p\" style=\"\">Frente al respaldo de la FIFA, que ve en Slavko Vincic a un colegiado experimentado y sobradamente preparado para afrontar el partido por el t\u00edtulo, son muchas las cr\u00edticas que el organismo rector del f\u00fatbol mundial ha recibido en redes tras su elecci\u00f3n. Argumentan que el esloveno no hab\u00eda hecho una buena temporada antes de la cita de selecciones, y que incluso en muchos partidos que dirigi\u00f3 se vio sobrepasado por la tensi\u00f3n del momento, tomando discutibles decisiones.<\/p>\n<p class=\"v-d-p\" style=\"\">En el Espa\u00f1a-Argentina, en el que <a href=\"https:\/\/www.abc.es\/deportes\/futbol\/mundial\/secreto-espana-limpia-finge-pierde-tiempo-broncas-20260716235736-nt.html\" target=\"_self\" data-voc-vtm-id=\"in-text-traffic\" rel=\"nofollow noopener\">los europeos<\/a> buscan su segunda estrella y los sudamericanos revalidar el t\u00edtulo y acumular la cuarta, est\u00e1 fuera de toda duda que la tensi\u00f3n ser\u00e1 m\u00e1xima y pondr\u00e1 a prueba el temple del esloveno. <\/p>\n","protected":false},"excerpt":{"rendered":"El \u00faltimo partido del Mundial 2026, el que decidir\u00e1 quien levanta al cielo de Nueva York la Copa&hellip;\n","protected":false},"author":2,"featured_media":662993,"comment_status":"","ping_status":"","sticky":false,"template":"","format":"standard","meta":{"footnotes":""},"categories":[93],"tags":[19418,19067,11681,168,25,24,3193,1058,120647,1526,23,167,121001],"class_list":["post-662992","post","type-post","status-publish","format-standard","has-post-thumbnail","category-deportes","tag-arbitro","tag-camavinga","tag-champions","tag-deportes","tag-es","tag-espana","tag-expulsion","tag-final","tag-pitara","tag-polemica","tag-spain","tag-sports","tag-vincic"],"share_on_mastodon":{"url":"https:\/\/pubeurope.com\/@es\/116935730714112890","error":""},"_links":{"self":[{"href":"https:\/\/www.europesays.com\/es\/wp-json\/wp\/v2\/posts\/662992","targetHints":{"allow":["GET"]}}],"collection":[{"href":"https:\/\/www.europesays.com\/es\/wp-json\/wp\/v2\/posts"}],"about":[{"href":"https:\/\/www.europesays.com\/es\/wp-json\/wp\/v2\/types\/post"}],"author":[{"embeddable":true,"href":"https:\/\/www.europesays.com\/es\/wp-json\/wp\/v2\/users\/2"}],"replies":[{"embeddable":true,"href":"https:\/\/www.europesays.com\/es\/wp-json\/wp\/v2\/comments?post=662992"}],"version-history":[{"count":0,"href":"https:\/\/www.europesays.com\/es\/wp-json\/wp\/v2\/posts\/662992\/revisions"}],"wp:featuredmedia":[{"embeddable":true,"href":"https:\/\/www.europesays.com\/es\/wp-json\/wp\/v2\/media\/662993"}],"wp:attachment":[{"href":"https:\/\/www.europesays.com\/es\/wp-json\/wp\/v2\/media?parent=662992"}],"wp:term":[{"taxonomy":"category","embeddable":true,"href":"https:\/\/www.europesays.com\/es\/wp-json\/wp\/v2\/categories?post=662992"},{"taxonomy":"post_tag","embeddable":true,"href":"https:\/\/www.europesays.com\/es\/wp-json\/wp\/v2\/tags?post=662992"}],"curies":[{"name":"wp","href":"https:\/\/api.w.org\/{rel}","templated":true}]}}