{"id":66303,"date":"2025-08-23T06:11:17","date_gmt":"2025-08-23T06:11:17","guid":{"rendered":"https:\/\/www.europesays.com\/es\/66303\/"},"modified":"2025-08-23T06:11:17","modified_gmt":"2025-08-23T06:11:17","slug":"el-mercado-aplaude-el-cambio-de-rumbo-de-la-fed-y-el-ibex-toca-maximos-de-2007","status":"publish","type":"post","link":"https:\/\/www.europesays.com\/es\/66303\/","title":{"rendered":"El mercado aplaude el cambio de rumbo de la Fed y el Ibex toca m\u00e1ximos de 2007"},"content":{"rendered":"<p>Las bolsas reaccionaron positivamente a las <a href=\"https:\/\/www.canarias7.es\/economia\/mercados\/powell-abre-puerta-bajar-tipos-ante-aranceles-20250822162420-ntrc.html\" data-voc-vtm-id=\"in-text-traffic\" title=\"palabras del presidente de la Reserva Federal (Fed)\" rel=\"nofollow noopener\" target=\"_blank\">palabras del presidente de la Reserva Federal (Fed)<\/a> despu\u00e9s de que el presidente Jerome Powell haya abierto este  &#8230; viernes la puerta a un recorte de los tipos de inter\u00e9s que impulse la econom\u00eda estadounidense. Wall Street subi\u00f3 con fuerza tras el discurso realizado de Powell en la reuni\u00f3n anual de los banqueros centrales en Jackson Hole, donde los indices marcaron alzas del 2% en su mejor sesi\u00f3n desde mayo, con el Dow Jones y el S&amp;P 500 en nuevos m\u00e1ximos al cierre de sesi\u00f3n en Europa, y el Nasdaq tambi\u00e9n creciendo al 1,3%. El mercado de divisas reaccion\u00f3 al instante y el euro super\u00f3 los 1,17 d\u00f3lares tras apreciarse un 0,9%.<\/p>\n<p class=\"v-p\">En Espa\u00f1a el Ibex cerr\u00f3 su tercera semana consecutiva de subidas y toc\u00f3 m\u00e1ximos de 2007. El selectivo espa\u00f1ol se revaloriz\u00f3 un 0,8% m\u00e1s este viernes hasta rozar los 15.400 puntos. Pese a que este viernes se conoci\u00f3 que la econom\u00eda alemana sufri\u00f3 un descalabro mayor del esperado en el segundo trimestre, las palabras de Powell han terminado de impulsar al parqu\u00e9 madrile\u00f1o que cerr\u00f3 la sesi\u00f3n con un alza del 0,6%. <\/p>\n<p class=\"v-p\">Las mayores subidas las protagonizaron Cellnex (+3,7%), Fluidra (+3%), ArcelorMittal (+2,3%), IAG (+2,2%), Merlin (+2%), Colonial (+1,7%) o Solaria (+1,6%). Y en &#8216;rojo&#8217; solo terminaron CaixaBank (-0,6%), Naturgy (-0,4%), Mapfre (-0,4%) y Endesa (-0,1%). Ni siquiera Telef\u00f3nica, que el d\u00eda anterior se dej\u00f3 casi un 5% por las especulaciones sobre una pr\u00f3xima ampliaci\u00f3n de capital, terminaba con p\u00e9rdidas sino que la operadora logr\u00f3 mantener el pulso en los 4,6 euros por acci\u00f3n.<\/p>\n<p class=\"v-p\">En este sentido, los expertos consideran que no se ver\u00e1 una gran ca\u00edda en las pr\u00f3ximas semanas a no ser que las expectativas que recoge el selectivo no se materialicen. Lo mismo ocurre con las principales plazas burs\u00e1tiles de Europa, que cerraron con subidas: Mil\u00e1n avanz\u00f3 un 0,7%; Par\u00eds, un 0,4%; Fr\u00e1ncfort, un 0,3%; y Londres, un 0,1%. Adem\u00e1s, el precio del barril de crudo Brent bajaba un 0,22% hasta situarse en los 67,53 d\u00f3lares.<\/p>\n","protected":false},"excerpt":{"rendered":"Las bolsas reaccionaron positivamente a las palabras del presidente de la Reserva Federal (Fed) despu\u00e9s de que el&hellip;\n","protected":false},"author":2,"featured_media":66304,"comment_status":"","ping_status":"","sticky":false,"template":"","format":"standard","meta":{"footnotes":""},"categories":[80],"tags":[26925,82,500,95,94,25,24,5222,11039,773,23,18705,4453,2393,575],"class_list":{"0":"post-66303","1":"post","2":"type-post","3":"status-publish","4":"format-standard","5":"has-post-thumbnail","7":"category-economia","8":"tag-26925","9":"tag-business","10":"tag-cierra","11":"tag-economia","12":"tag-economy","13":"tag-es","14":"tag-espana","15":"tag-ibex","16":"tag-maximos","17":"tag-semana","18":"tag-spain","19":"tag-subidas","20":"tag-sumar","21":"tag-tercera","22":"tag-tras"},"share_on_mastodon":{"url":"","error":""},"_links":{"self":[{"href":"https:\/\/www.europesays.com\/es\/wp-json\/wp\/v2\/posts\/66303","targetHints":{"allow":["GET"]}}],"collection":[{"href":"https:\/\/www.europesays.com\/es\/wp-json\/wp\/v2\/posts"}],"about":[{"href":"https:\/\/www.europesays.com\/es\/wp-json\/wp\/v2\/types\/post"}],"author":[{"embeddable":true,"href":"https:\/\/www.europesays.com\/es\/wp-json\/wp\/v2\/users\/2"}],"replies":[{"embeddable":true,"href":"https:\/\/www.europesays.com\/es\/wp-json\/wp\/v2\/comments?post=66303"}],"version-history":[{"count":0,"href":"https:\/\/www.europesays.com\/es\/wp-json\/wp\/v2\/posts\/66303\/revisions"}],"wp:featuredmedia":[{"embeddable":true,"href":"https:\/\/www.europesays.com\/es\/wp-json\/wp\/v2\/media\/66304"}],"wp:attachment":[{"href":"https:\/\/www.europesays.com\/es\/wp-json\/wp\/v2\/media?parent=66303"}],"wp:term":[{"taxonomy":"category","embeddable":true,"href":"https:\/\/www.europesays.com\/es\/wp-json\/wp\/v2\/categories?post=66303"},{"taxonomy":"post_tag","embeddable":true,"href":"https:\/\/www.europesays.com\/es\/wp-json\/wp\/v2\/tags?post=66303"}],"curies":[{"name":"wp","href":"https:\/\/api.w.org\/{rel}","templated":true}]}}