{"id":663036,"date":"2026-07-17T14:42:27","date_gmt":"2026-07-17T14:42:27","guid":{"rendered":"https:\/\/www.europesays.com\/es\/663036\/"},"modified":"2026-07-17T14:42:27","modified_gmt":"2026-07-17T14:42:27","slug":"el-partido-laborista-nombra-a-andy-burnham-para-sustituir-a-starmer-como-primer-ministro-del-reino-unido","status":"publish","type":"post","link":"https:\/\/www.europesays.com\/es\/663036\/","title":{"rendered":"El Partido Laborista nombra a Andy Burnham para sustituir a Starmer como primer ministro del Reino Unido"},"content":{"rendered":"<p class=\"article-text\">\n        Un mes y medio despu\u00e9s de la<a href=\"https:\/\/www.eldiario.es\/internacional\/partido-laborista-starmer-derrumba-elecciones-locales_1_13204109.html\" target=\"_blank\" data-mrf-recirculation=\"links-noticia\" class=\"link\" rel=\"nofollow noopener\"> debacle electoral en las elecciones locales<\/a>, el Partido Laborista cambi\u00f3 este viernes de l\u00edder, y as\u00ed el Reino Unido tendr\u00e1 su s\u00e9ptimo primer ministro en una d\u00e9cada. <a href=\"https:\/\/www.eldiario.es\/internacional\/andy-burnham-favorito-suceder-starmer-primer-ministro-reino-unido_1_13321153.html\" target=\"_blank\" data-mrf-recirculation=\"links-noticia\" class=\"link\" rel=\"nofollow noopener\">Andy Burnham <\/a>entrar\u00e1 en Downing Street el lunes despu\u00e9s de unas primarias expr\u00e9s y sin rivales para relevar a Keir Starmer.\n    <\/p>\n<p>    <a href=\"https:\/\/www.eldiario.es\/internacional\/planes-proximo-primer-ministro-britanico-dar-poderes-ciudades-gobernar-manchester_1_13340927.html\" data-mrf-recirculation=\"saber-mas\" data-dl-event=\"saber-mas\" rel=\"nofollow noopener\" target=\"_blank\"><\/p>\n<p class=\"know-more__title\">Los planes del pr\u00f3ximo primer ministro brit\u00e1nico: dar m\u00e1s poderes a las ciudades y gobernar desde M\u00e1nchester<\/p>\n<p>            <img decoding=\"async\" class=\"lazy\" loading=\"lazy\" data-src=\"https:\/\/static.eldiario.es\/clip\/72e24435-81d3-42f1-9db7-acbd120ca3bc_16-9-aspect-ratio_default_0.jpg\" src=\"data:image\/svg+xml,%3Csvg xmlns=\" http:=\"\" viewbox=\"0 0 880 495\" alt=\"Los planes del pr\u00f3ximo primer ministro brit\u00e1nico: dar m\u00e1s poderes a las ciudades y gobernar desde M\u00e1nchester\"\/><\/p>\n<p>                        <\/a><\/p>\n<p class=\"article-text\">\n        El partido proclam\u00f3 la victoria del diputado y hasta mayo alcalde de M\u00e1nchester con el apoyo de 379 diputados laboristas, es decir el 95% del grupo parlamentario. Starmer renunci\u00f3 a presentarse a las primarias y ning\u00fan otro aspirante se atrevi\u00f3 a lanzarse contra el pol\u00edtico laborista ahora m\u00e1s popular en las encuestas.\n    <\/p>\n<p class=\"article-text\">\n        Starmer presentar\u00e1 su dimisi\u00f3n oficial ante el rey Carlos III el lunes por la ma\u00f1ana y Burnham asumir\u00e1 justo despu\u00e9s el cargo de primer ministro. Este viernes ya hab\u00eda un cami\u00f3n de mudanza delante de Downing Street. Starmer hizo su \u00faltimo viaje oficial este jueves, a Kiev.\n    <\/p>\n<p>            <img decoding=\"async\" class=\"lazy\" loading=\"lazy\" data-src=\"https:\/\/static.eldiario.es\/clip\/0867b462-1221-4df4-b569-72ec73902da2_16-9-discover-aspect-ratio_default_0.jpg\" src=\"data:image\/svg+xml,%3Csvg xmlns=\" http:=\"\" viewbox=\"0 0 1200 675\" alt=\"El primer ministro brit\u00e1nico, Keir Starmer, durante su \u00faltima visita oficial a Kiev, Ucrania, este jueves con una responsable de emergencias ante un edificio bombardeado por Rusia.\"\/><\/p>\n<p class=\"article-text\">\n        Burnham promete ahora un Gobierno \u201cinequ\u00edvocamente laborista\u201d y m\u00e1s centrado en asuntos dom\u00e9sticos. Su primer mensaje como l\u00edder del partido ha sido contra la liberalizaci\u00f3n de Margaret Thatcher en los a\u00f1os 80 y la centralizaci\u00f3n del Estado. \u201cLas d\u00e9cadas del neoliberalismo que empez\u00f3 en los a\u00f1os 80 no han sido beneficiosas para los lugares que han construido nuestro partido\u201d, dijo este viernes en Londres en su discurso ante los diputados y sindicalistas que lo acababan de elegir. Tambi\u00e9n a\u00f1adi\u00f3 que ser\u00e1 \u201cun l\u00edder del Partido Laborista pro-empresas\u201d.\n    <\/p>\n<p class=\"article-text\">\n        Burnham defiende que el pa\u00eds necesita \u201cun nuevo camino diferente del de los \u00faltimos 40 a\u00f1os\u201d. Seg\u00fan \u00e9l, cambiar\u00e1 \u201cla manera en la que se gobierna el Reino Unido\u201d y as\u00ed derrotar\u00e1 a la \u201cnueva derecha\u201d, en referencia a Reform, el partido de extrema derecha de Nigel Farage que ha liderado las encuestas de intenci\u00f3n de voto en los \u00faltimos meses.\n    <\/p>\n<p class=\"article-text\">\n        La mayor\u00eda de las pol\u00edticas que Burnham menciona, como las ayudas para el coste de la vida y la apuesta por la intervenci\u00f3n p\u00fablica en los servicios privatizados, ya estaban en marcha con el actual Gobierno de Starmer, pero el partido cuenta con que el \u00e9nfasis y la capacidad de transmitir un mensaje claro marquen la diferencia.\n    <\/p>\n<p class=\"article-text\">\n        Uno de sus primeros mensajes de Burnham como nuevo l\u00edder ha sido sobre las ayudas a la dependencia, que asegura ser\u00e1n una prioridad de su ejecutivo. La falta de trabajadores por el efecto del Brexit y las limitaciones migratorias de los \u00faltimos a\u00f1os es uno de los grandes problemas en el sector de salud y cuidados, pero Burnham ha repetido que est\u00e1 a favor de pol\u00edticas restrictivas para evitar la entrada de extranjeros y limitar su estancia.\n    <\/p>\n<p class=\"article-text\">\n        Burnham tampoco ha dado se\u00f1ales ahora de que vaya a acelerar el acercamiento a la Uni\u00f3n Europea empezado por Starmer.\n    <\/p>\n<p class=\"article-text\">\n        El nuevo l\u00edder del partido y del pa\u00eds incidir\u00e1 m\u00e1s en<a href=\"https:\/\/www.eldiario.es\/internacional\/planes-proximo-primer-ministro-britanico-dar-poderes-ciudades-gobernar-manchester_1_13340927.html\" data-mrf-recirculation=\"links-noticia\" class=\"link\" rel=\"nofollow noopener\" target=\"_blank\"> la descentralizaci\u00f3n de Inglaterra <\/a>\u2013las competencias para Escocia, Gales e Irlanda del Norte ya est\u00e1n transferidas\u2013 y el refuerzo de las grandes ciudades como M\u00e1nchester, que tendr\u00e1 una nueva sede del Gobierno. Despu\u00e9s de semanas hablando casi exclusivamente de Inglaterra, este viernes recalc\u00f3 que ser\u00e1 \u201cun l\u00edder\u201d para todo el pa\u00eds.\n    <\/p>\n<p>    \u00bfElecciones anticipadas?<\/p>\n<p class=\"article-text\">\n        Burnham es el s\u00e9ptimo primer ministro en una d\u00e9cada para el Reino Unido. Tambi\u00e9n es uno de los que no ha sido elegido de primeras en las urnas, sino por el partido para relevar a un colega, como ya pas\u00f3 en el Partido Conservador con Theresa May, Boris Johnson, Liz Truss y Rishi Sunak. Y, como sucedi\u00f3 con esos l\u00edderes, las peticiones de que Burnham adelante las elecciones generales, ahora previstas para 2029, se intensificar\u00e1n.\n    <\/p>\n<p class=\"article-text\">\n        Ahora bien, es improbable que el nuevo primer ministro haga un movimiento temprano. Su equipo intentar\u00e1 primero reconquistar a votantes desmovilizados o que se han pasado a partidos a izquierda y a derecha del laborismo. En unos meses, puede haber una oportunidad, especialmente si la extrema derecha de Nigel Farage sigue en crisis.\n    <\/p>\n<p>    <a href=\"https:\/\/www.eldiario.es\/internacional\/tom-mctague-director-the-new-statesman-andy-burnham-intentara-parecerse-pedro-sanchez_1_13335445.html\" data-mrf-recirculation=\"saber-mas-abajo\" data-dl-event=\"saber-mas-abajo\" rel=\"nofollow noopener\" target=\"_blank\"><\/p>\n<p class=\"know-more__title\">Tom McTague, director de &#8216;The New Statesman&#8217;: \u201cAndy Burnham intentar\u00e1 parecerse m\u00e1s a Pedro S\u00e1nchez\u201d<\/p>\n<p>            <img decoding=\"async\" class=\"lazy\" loading=\"lazy\" data-src=\"https:\/\/static.eldiario.es\/clip\/3583102a-4b54-423f-b0bd-c67bdd91429f_16-9-aspect-ratio_default_0.jpg\" src=\"data:image\/svg+xml,%3Csvg xmlns=\" http:=\"\" viewbox=\"0 0 880 495\" alt=\"Tom McTague, director de 'The New Statesman': \u201cAndy Burnham intentar\u00e1 parecerse m\u00e1s a Pedro S\u00e1nchez\u201d\"\/><\/p>\n<p>                        <\/a><\/p>\n<p class=\"article-text\">\n        \u201cEs posible que Burnham prepare su estrategia desde ahora hasta la primavera y, si la gente parece haber respondido positivamente, se lance a por todas antes de que se haga a\u00fan m\u00e1s evidente que la situaci\u00f3n econ\u00f3mica es dif\u00edcil y que las cosas no mejoran tan r\u00e1pido\u201d, explica a <a href=\"http:\/\/eldiario.es\/\" target=\"_blank\" data-mrf-recirculation=\"links-noticia\" class=\"link\" rel=\"nofollow noopener\">elDiario.es<\/a> Tim Bale, catedr\u00e1tico de Ciencias Pol\u00edtica de la Universidad Queen Mary de Londres. \u201cLos dem\u00e1s partidos no est\u00e1n preparados para una contienda y tampoco lo estar\u00e1n para entonces.\u201d\n    <\/p>\n<p>            <img decoding=\"async\" class=\"lazy\" loading=\"lazy\" data-src=\"https:\/\/static.eldiario.es\/clip\/34639fa5-6949-4bc7-a591-06ba2220af62_16-9-discover-aspect-ratio_default_0.jpg\" src=\"data:image\/svg+xml,%3Csvg xmlns=\" http:=\"\" viewbox=\"0 0 1200 675\" alt=\"Un cami\u00f3n de mudanzas este viernes en Downing Street, en Londres.\"\/><\/p>\n","protected":false},"excerpt":{"rendered":"Un mes y medio despu\u00e9s de la debacle electoral en las elecciones locales, el Partido Laborista cambi\u00f3 este&hellip;\n","protected":false},"author":2,"featured_media":663037,"comment_status":"","ping_status":"","sticky":false,"template":"","format":"standard","meta":{"footnotes":""},"categories":[5],"tags":[16221,17,18,121006,25,24,13,14,11,121005,19,20,7459,9,10266,10,15,16,1045,977,9444,23,18822,10674,12,21,22,9445],"class_list":["post-663036","post","type-post","status-publish","format-standard","has-post-thumbnail","category-titulares","tag-andy","tag-breaking-news","tag-breakingnews","tag-burnham","tag-es","tag-espana","tag-featured-news","tag-featurednews","tag-headlines","tag-laborista","tag-latest-news","tag-latestnews","tag-ministro","tag-news","tag-nombra","tag-noticias","tag-noticias-destacadas","tag-noticiasdestacadas","tag-partido","tag-primer","tag-reino","tag-spain","tag-starmer","tag-sustituir","tag-titulares","tag-ultimas-noticias","tag-ultimasnoticias","tag-unido"],"share_on_mastodon":{"url":"https:\/\/pubeurope.com\/@es\/116935848497946032","error":""},"_links":{"self":[{"href":"https:\/\/www.europesays.com\/es\/wp-json\/wp\/v2\/posts\/663036","targetHints":{"allow":["GET"]}}],"collection":[{"href":"https:\/\/www.europesays.com\/es\/wp-json\/wp\/v2\/posts"}],"about":[{"href":"https:\/\/www.europesays.com\/es\/wp-json\/wp\/v2\/types\/post"}],"author":[{"embeddable":true,"href":"https:\/\/www.europesays.com\/es\/wp-json\/wp\/v2\/users\/2"}],"replies":[{"embeddable":true,"href":"https:\/\/www.europesays.com\/es\/wp-json\/wp\/v2\/comments?post=663036"}],"version-history":[{"count":0,"href":"https:\/\/www.europesays.com\/es\/wp-json\/wp\/v2\/posts\/663036\/revisions"}],"wp:featuredmedia":[{"embeddable":true,"href":"https:\/\/www.europesays.com\/es\/wp-json\/wp\/v2\/media\/663037"}],"wp:attachment":[{"href":"https:\/\/www.europesays.com\/es\/wp-json\/wp\/v2\/media?parent=663036"}],"wp:term":[{"taxonomy":"category","embeddable":true,"href":"https:\/\/www.europesays.com\/es\/wp-json\/wp\/v2\/categories?post=663036"},{"taxonomy":"post_tag","embeddable":true,"href":"https:\/\/www.europesays.com\/es\/wp-json\/wp\/v2\/tags?post=663036"}],"curies":[{"name":"wp","href":"https:\/\/api.w.org\/{rel}","templated":true}]}}