{"id":66305,"date":"2025-08-23T06:12:09","date_gmt":"2025-08-23T06:12:09","guid":{"rendered":"https:\/\/www.europesays.com\/es\/66305\/"},"modified":"2025-08-23T06:12:09","modified_gmt":"2025-08-23T06:12:09","slug":"el-senador-ivan-cepeda-se-lanza-como-precandidato-presidencial-de-la-izquierda","status":"publish","type":"post","link":"https:\/\/www.europesays.com\/es\/66305\/","title":{"rendered":"El senador Iv\u00e1n Cepeda se lanza como precandidato presidencial de la izquierda"},"content":{"rendered":"<p class=\"\">El senador de izquierdas <a href=\"https:\/\/elpais.com\/america-colombia\/2025-07-10\/ivan-cepeda-alvaro-uribe-creyo-que-su-inmenso-poder-iba-a-someter-a-la-justicia-como-si-se-tratara-de-su-partido-politico.html\" target=\"_self\" rel=\"nofollow noopener\" title=\"https:\/\/elpais.com\/america-colombia\/2025-07-10\/ivan-cepeda-alvaro-uribe-creyo-que-su-inmenso-poder-iba-a-someter-a-la-justicia-como-si-se-tratara-de-su-partido-politico.html\">Iv\u00e1n Cepeda Castro<\/a> (Bogot\u00e1, 62 a\u00f1os) ha acabado con el suspenso al confirmar este viernes sus aspiraciones presidenciales en las elecciones del 2026. \u201cComo un ciudadano m\u00e1s, sin arrogancia y sin prepotencia, hoy pongo mi nombre a disposici\u00f3n del Pacto Hist\u00f3rico y del pueblo colombiano, para seguir construyendo juntos el cambio hist\u00f3rico\u201d, dijo en un discurso en la ciudad de Pasto, capital del departamento de Nari\u00f1o. Con esa decisi\u00f3n, el senador pasa de inmediato a ser uno de los favoritos entre los precandidatos de la variopinta coalici\u00f3n de fuerzas progresistas que conforma ese partido y respalda al Gobierno de Gustavo Petro. <\/p>\n<p class=\"\">\u201cSoy defensor de derechos humanos, sobreviviente del genocidio pol\u00edtico, <a href=\"https:\/\/elpais.com\/america-colombia\/2025-08-12\/colombia-un-pais-de-huerfanos-de-la-violencia-politica.html\" target=\"_self\" rel=\"nofollow noopener\" title=\"https:\/\/elpais.com\/america-colombia\/2025-08-12\/colombia-un-pais-de-huerfanos-de-la-violencia-politica.html\">hijo de un senador de la Uni\u00f3n Patri\u00f3tica asesinado<\/a> por su compromiso con los derechos de la gente\u201d, record\u00f3 en el inicio de su discurso el congresista, que atiende as\u00ed el llamado de distintos sectores que le han pedido postularse. Cepeda se retrata como un representante de las organizaciones sociales y promete una campa\u00f1a \u201cprofundamente austera\u201d. Su padre, el pol\u00edtico comunista Manuel Cepeda Vargas, fue asesinado por militares y paramilitares en Bogot\u00e1 el 9 de agosto de 1994, en lo que la Comisi\u00f3n Interamericana de Derechos Humanos ha considerado como parte de un plan sistem\u00e1tico de exterminio pol\u00edtico contra la izquierda colombiana.<\/p>\n<p class=\"\">\u201cCreo profundamente en la verdad y la justicia. Creo en el poder de las v\u00edctimas para derrotar la impunidad, dignificar a las comunidades lesionadas por la violencia y construir una verdadera <a href=\"https:\/\/elpais.com\/america-colombia\/2024-03-08\/una-leccion-de-entendimiento-ivan-cepeda-y-david-luna-dos-senadores-rivales-que-insisten-en-un-acuerdo-nacional.html\" target=\"_self\" rel=\"nofollow noopener\" title=\"https:\/\/elpais.com\/america-colombia\/2024-03-08\/una-leccion-de-entendimiento-ivan-cepeda-y-david-luna-dos-senadores-rivales-que-insisten-en-un-acuerdo-nacional.html\">reconciliaci\u00f3n nacional<\/a>\u201d, prosigui\u00f3 el senador, quien ha sido activista de derechos humanos, en una suerte de declaraci\u00f3n de intenciones. \u201cCreo en la paz como camino y en el di\u00e1logo como herramienta para cerrar el ciclo de violencia que ha marcado nuestra historia\u201d, a\u00f1adi\u00f3 Cepeda, uno de los negociadores del Gobierno en la congelada mesa con el ELN, la \u00faltima guerrilla en armas. Tambi\u00e9n particip\u00f3 en su d\u00eda en los di\u00e1logos de La Habana que desembocaron en el acuerdo de paz firmado por el Gobierno de Juan Manuel Santos con las FARC a finales de 2016.<\/p>\n<p class=\"\">El senador mencion\u00f3 que no estaba en sus planes aspirar a la Presidencia, pero acab\u00f3 por considerar \u201cimposible\u201d ignorar los llamados de las Madres de los Falsos Positivos de Soacha, del Movimiento Nacional de V\u00edctimas de Cr\u00edmenes de Estado, del Polo Democr\u00e1tico Alternativo, y de \u201cmiles de ciudadanas y ciudadanos que me han pedido asumir esta responsabilidad\u201d. Cepeda es tambi\u00e9n v\u00edctima reconocida por la justicia en el dilatado juicio por soborno a testigos y fraude procesal contra el expresidente \u00c1lvaro Uribe V\u00e9lez, condenado por ello en primera instancia a fines de julio.<\/p>\n<p class=\"\">La hoja de ruta del Pacto Hist\u00f3rico pasa por hacer <a href=\"https:\/\/elpais.com\/america-colombia\/2025-07-11\/la-izquierda-a-consulta-el-petrismo-da-el-primer-paso-para-construir-una-campana-sin-petro-en-el-tarjeton.html\" target=\"_self\" rel=\"nofollow noopener\" title=\"https:\/\/elpais.com\/america-colombia\/2025-07-11\/la-izquierda-a-consulta-el-petrismo-da-el-primer-paso-para-construir-una-campana-sin-petro-en-el-tarjeton.html\">una consulta en las urnas<\/a> el pr\u00f3ximo 26 de octubre para elegir a un candidato o candidata propia. El ganador pasar\u00eda a medirse en marzo del a\u00f1o entrante en otra consulta, como parte de una coalici\u00f3n que denominan \u201cfrente amplio\u201d. Cepeda ahora competir\u00e1 en la primera consulta (partidista, en la jerga electoral colombiana) con la exministra de Ambiente Susana Muhamad, la tambi\u00e9n senadora Mar\u00eda Jos\u00e9 Pizarro, el exdirector del Departamento de Prosperidad Social Gustavo Bol\u00edvar, la exministra de Salud Carolina Corcho, el exalcalde de Medell\u00edn Daniel Quintero, la senadora Gloria Fl\u00f3rez y el l\u00edder afrodescendiente Ali Bant\u00fa. Este mismo viernes, el Partido Comunista anunci\u00f3 que tambi\u00e9n concurrir\u00e1 en su representaci\u00f3n la exministra de Trabajo Gloria In\u00e9s Ram\u00edrez. <\/p>\n","protected":false},"excerpt":{"rendered":"El senador de izquierdas Iv\u00e1n Cepeda Castro (Bogot\u00e1, 62 a\u00f1os) ha acabado con el suspenso al confirmar este&hellip;\n","protected":false},"author":2,"featured_media":66306,"comment_status":"","ping_status":"","sticky":false,"template":"","format":"standard","meta":{"footnotes":""},"categories":[42],"tags":[889,17,18,26927,1803,19456,23686,13,14,11,61,62,63,64,7972,19,20,1804,9,10,15,16,26926,957,12,21,22,65,66,67],"class_list":{"0":"post-66305","1":"post","2":"type-post","3":"status-publish","4":"format-standard","5":"has-post-thumbnail","7":"category-internacional","8":"tag-america","9":"tag-breaking-news","10":"tag-breakingnews","11":"tag-candidaturas-politicas","12":"tag-colombia","13":"tag-elecciones-colombia","14":"tag-elecciones-presidenciales","15":"tag-featured-news","16":"tag-featurednews","17":"tag-headlines","18":"tag-internacional","19":"tag-international","20":"tag-international-news","21":"tag-internationalnews","22":"tag-ivan-cepeda","23":"tag-latest-news","24":"tag-latestnews","25":"tag-latinoamerica","26":"tag-news","27":"tag-noticias","28":"tag-noticias-destacadas","29":"tag-noticiasdestacadas","30":"tag-pacto-historico-colombia","31":"tag-partidos-politicos","32":"tag-titulares","33":"tag-ultimas-noticias","34":"tag-ultimasnoticias","35":"tag-world","36":"tag-world-news","37":"tag-worldnews"},"share_on_mastodon":{"url":"","error":""},"_links":{"self":[{"href":"https:\/\/www.europesays.com\/es\/wp-json\/wp\/v2\/posts\/66305","targetHints":{"allow":["GET"]}}],"collection":[{"href":"https:\/\/www.europesays.com\/es\/wp-json\/wp\/v2\/posts"}],"about":[{"href":"https:\/\/www.europesays.com\/es\/wp-json\/wp\/v2\/types\/post"}],"author":[{"embeddable":true,"href":"https:\/\/www.europesays.com\/es\/wp-json\/wp\/v2\/users\/2"}],"replies":[{"embeddable":true,"href":"https:\/\/www.europesays.com\/es\/wp-json\/wp\/v2\/comments?post=66305"}],"version-history":[{"count":0,"href":"https:\/\/www.europesays.com\/es\/wp-json\/wp\/v2\/posts\/66305\/revisions"}],"wp:featuredmedia":[{"embeddable":true,"href":"https:\/\/www.europesays.com\/es\/wp-json\/wp\/v2\/media\/66306"}],"wp:attachment":[{"href":"https:\/\/www.europesays.com\/es\/wp-json\/wp\/v2\/media?parent=66305"}],"wp:term":[{"taxonomy":"category","embeddable":true,"href":"https:\/\/www.europesays.com\/es\/wp-json\/wp\/v2\/categories?post=66305"},{"taxonomy":"post_tag","embeddable":true,"href":"https:\/\/www.europesays.com\/es\/wp-json\/wp\/v2\/tags?post=66305"}],"curies":[{"name":"wp","href":"https:\/\/api.w.org\/{rel}","templated":true}]}}