{"id":663077,"date":"2026-07-17T15:15:21","date_gmt":"2026-07-17T15:15:21","guid":{"rendered":"https:\/\/www.europesays.com\/es\/663077\/"},"modified":"2026-07-17T15:15:21","modified_gmt":"2026-07-17T15:15:21","slug":"carla-goyanes-celebra-15-anos-de-matrimonio-con-una-carta-de-amor-a-jorge-benguria-no-somos-los-mismos-que-aquel-dia","status":"publish","type":"post","link":"https:\/\/www.europesays.com\/es\/663077\/","title":{"rendered":"Carla Goyanes celebra 15 a\u00f1os de matrimonio con una carta de amor a Jorge Benguria: \u00abNo somos los mismos que aquel d\u00eda\u00bb"},"content":{"rendered":"<p id=\"e8Ug5KKkuj\" data-wc=\"88\">Este 16 de julio,<strong>\u00a0Carla Goyanes y Jorge Bengur\u00eda han celebrado un aniversario muy especial:\u00a0<\/strong><a class=\"hm-link ho-link\" href=\"https:\/\/www.hola.com\/actualidad\/2011071953717\/boda-carla-goyanes\/\" data-mrf-recirculation=\"article-body-link\" rel=\"nofollow noopener\" target=\"_blank\"><strong>15 a\u00f1os desde que se dieron el \u201cs\u00ed, quiero\u201d<\/strong><\/a> en una de las bodas m\u00e1s recordadas de la cr\u00f3nica social. La empresaria ha querido compartir la fecha con sus seguidores publicando en Instagram dos im\u00e1genes muy significativas \u2014una actual y otra del d\u00eda de su boda\u2014 acompa\u00f1adas de un texto breve, \u00edntimo y lleno de sentimiento que resume la evoluci\u00f3n de su historia de amor.<\/p>\n<p>Te recomendamosSeguir leyendo<br \/>\n <img src=\"https:\/\/www.europesays.com\/es\/wp-content\/uploads\/2026\/07\/82989cd3e881-carlagoyanes3.jpg\"   width=\"1024\" height=\"783\" loading=\"lazy\" decoding=\"async\" alt=\"Carla Goyanes y Jorge , de vacaciones\" fetchpriority=\"auto\" class=\"image ho-image\"\/>Carla Goyanes y Jorge , de vacaciones<\/p>\n<p id=\"e0xNLx7OeJC\" data-wc=\"72\">En la primera fotograf\u00eda, vemos a <strong>la pareja el d\u00eda de su boda, el 16 de julio de 2011,\u00a0<\/strong>cuando se casaron en la Costa del Sol, rodeados de familiares y amigos. En la segunda, tomada recientemente, Carla y Jorge aparecen c\u00f3mplices, serenos, reflejo de la vida que han construido juntos. Dos im\u00e1genes separadas por tres lustros que muestran, de forma sencilla y elegante, c\u00f3mo han crecido como pareja y como familia.<\/p>\n<p> <img src=\"https:\/\/www.europesays.com\/es\/wp-content\/uploads\/2026\/07\/55204e842801-saveclipapp74978950018602362612002027949553685131830737n.jpg\"   width=\"1024\" height=\"580\" loading=\"lazy\" decoding=\"async\" alt=\"Imagen de la pareja el d\u00eda de su boda compartida por Carla Goyanes\" fetchpriority=\"auto\" class=\"image ho-image\"\/>\u00a9 carlugoyanesImagen de la pareja el d\u00eda de su boda compartida por Carla Goyanes<\/p>\n<p id=\"ee2FwVkB1HS\" data-wc=\"93\">El mensaje que Carla ha escrito para acompa\u00f1ar las fotos es una declaraci\u00f3n de amor madura, honesta y profundamente personal. \u201c15 a\u00f1os. Qu\u00e9 suerte haber compartido contigo estos a\u00f1os: los momentos f\u00e1ciles, los dif\u00edciles, las risas, los miedos, los viajes, los ni\u00f1os, los sue\u00f1os cumplidos\u2026 y tambi\u00e9n los que a\u00fan nos quedan\u201d, comienza la empresaria, que hace un recorrido emocional por todo lo vivido junto a Jorge. En pocas l\u00edneas, Carla condensa la esencia de una relaci\u00f3n que ha atravesado etapas, ciudades, retos y alegr\u00edas, siempre desde la complicidad y el apoyo mutuo.\u00a0<\/p>\n<p> <img src=\"https:\/\/www.europesays.com\/es\/wp-content\/uploads\/2026\/07\/23ff30f44366-saveclipapp749848224186023626210020273009451467286169877n.jpg\"   width=\"1024\" height=\"580\" loading=\"lazy\" decoding=\"async\" alt=\"La pareja 15 a\u00f1os despu\u00e9s de su boda\" fetchpriority=\"auto\" class=\"image ho-image\"\/>\u00a9 carlugoyanesLa pareja 15 a\u00f1os despu\u00e9s de su boda<\/p>\n<p id=\"ehby78_p6IL\" data-wc=\"88\">La empresaria contin\u00faa con una reflexi\u00f3n que define a la perfecci\u00f3n la evoluci\u00f3n de su matrimonio:\u00a0\u201cNo somos los mismos que aquel d\u00eda. Somos mucho m\u00e1s. Somos mejores juntos. La vida que tenemos solo era un sue\u00f1o y ahora es una realidad. No cambio por nada la vida que hemos ido construyendo\u201d. Un mensaje que habla de madurez, de crecimiento compartido y de la importancia de construir una vida en equipo, algo que Carla y Jorge han demostrado en cada paso que han dado desde que se casaron.\u00a0<\/p>\n<p>Una boda inolvidable en la Costa del Sol<\/p>\n<p id=\"eWRnCQeCr4k\" data-wc=\"57\">El enlace de Carla y Jorge, <strong>celebrado en la Finca Cortes\u00edn, en pleno coraz\u00f3n de la Costa del Sol, entre Sotogrande y Marbell<\/strong>a, fue uno de los grandes acontecimientos sociales del a\u00f1o. Una boda tradicional, elegante, divertida y con grandes dosis de glamour que reuni\u00f3 a 500 invitados, entre ellos arist\u00f3cratas, banqueros, empresarios y numerosos rostros conocidos.<\/p>\n<p id=\"eGeZlmxfgqG\" data-wc=\"85\">La <strong>novia luci\u00f3 dos vestidos de Rosa Clar\u00e1:<\/strong> uno para la ceremonia, con escote en V en tul de seda y falda de encaje de Chantilly, y otro para la fiesta posterior, un dise\u00f1o palabra de honor en organza de seda natural. Carla lleg\u00f3 al altar del brazo de su padre, Carlos Goyanes, acompa\u00f1ada por un numeroso grupo de ni\u00f1os que formaron el cortejo nupcial. La ceremonia, celebrada al aire libre, estuvo marcada por las miradas c\u00f3mplices y los gestos de cari\u00f1o entre los novios.<\/p>\n<p id=\"eDrYAU7amjs\" data-wc=\"32\">Entre los invitados destacaron Cari Lapique, madre de la novia, Naty Abascal y Elena Cu\u00e9, que aportaron color y glamour a un d\u00eda inolvidable que qued\u00f3 plasmado en las p\u00e1ginas de \u00a1HOLA!.<\/p>\n<p>Quince a\u00f1os despu\u00e9s: una familia unida y tres hijos<\/p>\n<p id=\"eUvluvJw_TH\" data-wc=\"69\">Han pasado quince a\u00f1os desde aquella celebraci\u00f3n y <strong>la pareja ha construido una bonita familia con tres hijo<\/strong>s. El benjam\u00edn, <strong>Beltr\u00e1n<\/strong>, cumpli\u00f3 siete a\u00f1os el pasado mes de mayo; el mediano, Santi, tiene once; y el mayor, Carlos, acaba de soplar catorce velas. El primog\u00e9nito celebr\u00f3 su cumplea\u00f1os el pasado 9 de julio y recibi\u00f3 la felicitaci\u00f3n de su madre y, d\u00edas despu\u00e9s, <a class=\"hm-link ho-link\" href=\"https:\/\/www.hola.comhttp:\/\/q\" rel=\"nofollow noopener\" data-mrf-recirculation=\"article-body-link\" target=\"_blank\">la de su abuela, Cari Lapique.<\/a><\/p>\n<p> <img src=\"https:\/\/www.europesays.com\/es\/wp-content\/uploads\/2026\/07\/1784301318_638_06dd465ef0f6-carlagoyanes.jpg\"   width=\"1024\" height=\"795\" loading=\"lazy\" decoding=\"async\" alt=\"Carla Goyanes, con su familia\" fetchpriority=\"auto\" class=\"image ho-image\"\/>\u00a9 carlugoyanesCarla Goyanes, con su familia<\/p>\n<p id=\"elX5p3VNz1k\" data-wc=\"75\"><a class=\"hm-link ho-link\" href=\"https:\/\/www.hola.com\/actualidad\/2015101381495\/primeros-pasos-santi-hijo-carla-goyanes\/\" data-mrf-recirculation=\"article-body-link\" rel=\"nofollow noopener\" target=\"_blank\">Carlos naci\u00f3 en Miami en 2012,<\/a> ciudad a la que la pareja se traslad\u00f3 poco despu\u00e9s de casarse. Por eso, Cari le llama cari\u00f1osamente\u00a0\u201cmi nieto gringo\u201d. Su hermano Santiago tambi\u00e9n naci\u00f3 en Florida, en el Mercy Hospital Maternity, en 2014. El peque\u00f1o de la familia, Beltr\u00e1n, lleg\u00f3 al mundo en Madrid en 2019. Tras el bautizo de Santi, en 2015, la familia regres\u00f3 definitivamente a Espa\u00f1a despu\u00e9s de cuatro a\u00f1os viviendo en Estados Unidos.<\/p>\n<p> <img src=\"https:\/\/www.europesays.com\/es\/wp-content\/uploads\/2026\/07\/1784301318_301_2c86d6c638aa-carilapique.jpg\"   width=\"1024\" height=\"921\" loading=\"lazy\" decoding=\"async\" alt=\"Cari Lapique, con su hija Carla y sus nietos\" fetchpriority=\"auto\" class=\"image ho-image\"\/>\u00a9 cariilapiqueCari Lapique, con su hija Carla y sus nietos<\/p>\n<p id=\"e8IPG92m5RL\" data-wc=\"35\">Hoy toda la familia reside en Madrid, junto a \u2018la abuelona\u2019 Cari Lapique y sus primos, Pedro y Mini Cari, los dos hijos de la recordada Caritina Goyanes y el marido de esta, Antonio Matos.<\/p>\n<p>El gesto de Cari Lapique en un d\u00eda tan especial<\/p>\n<p id=\"eAOfwZ6hIj9\" data-wc=\"61\">Cari Lapique no ha querido dejar pasar la fecha y ha enviado a su hija un bonito ramo de flores con un mensaje lleno de ternura que ha compartido en sus redes sociales: \u201cMaravillosas flores para mi ni\u00f1a\u201d. Adem\u00e1s, ha reposteado la foto del d\u00eda de la boda de su hija y Carlos Bengur\u00eda que Carla ha compartido en sus redes.<\/p>\n<p> <img src=\"https:\/\/www.europesays.com\/es\/wp-content\/uploads\/2026\/07\/e2ab11b6a8aa-saveclipapp749878955186030348340276805422216174897101339n.jpg\"   width=\"576\" height=\"1024\" loading=\"lazy\" decoding=\"async\" alt=\"El ramo de flores que le ha enviado Cari a su hija\" fetchpriority=\"auto\" class=\"image ho-image\"\/>\u00a9 cariilapiqueEl ramo de flores que le ha enviado Cari a su hija<\/p>\n<p> <img src=\"https:\/\/www.europesays.com\/es\/wp-content\/uploads\/2026\/07\/389b0edf6f8a-saveclipapp74834338018603180499027680482825864055965063n.jpg\"   width=\"576\" height=\"1024\" loading=\"lazy\" decoding=\"async\" alt=\"Cari Lapique celebra los 15 a\u00f1os de matrimonio de su hija\" fetchpriority=\"auto\" class=\"image ho-image\"\/>\u00a9 cariilapiqueCari Lapique celebra los 15 a\u00f1os de matrimonio de su hija<\/p>\n<p id=\"e_xVlMKPT9d\" data-wc=\"31\">Carla, por su parte, tambi\u00e9n ha agradecido el bonito detalle que le ha recibido de su madre con estas tiernas palabras:\u00a0\u201cGracias abuelona @carilapique por acordarte de un d\u00eda tan especial\u2026\u201d<\/p>\n<p> <img src=\"https:\/\/www.europesays.com\/es\/wp-content\/uploads\/2026\/07\/c4f26f16f5b3-saveclipapp74971690415561066893354161349729738136923319n.jpg\"   width=\"576\" height=\"1024\" loading=\"lazy\" decoding=\"async\" alt=\"Las flores que ha recibido Carla Goyanes de parte de su madre, Cari Lapique\" fetchpriority=\"auto\" class=\"image ho-image\"\/>\u00a9 carlugoyanesLas flores que ha recibido Carla Goyanes de parte de su madre, Cari Lapique<\/p>\n<p id=\"eDpULP61GZOk\" data-wc=\"98\">La empresaria y sus hijos se han convertido en el gran refugio y motor de Cari, especialmente en estas fechas tan pr\u00f3ximas a agosto. Sus nietos han sido su mayor apoyo para superar el duro golpe que la vida le asest\u00f3 hace dos a\u00f1os. En agosto de 2024 sufri\u00f3 dos p\u00e9rdidas devastadoras con apenas dos semanas de diferencia: el 7 de agosto falleci\u00f3 su marido, <a class=\"hm-link ho-link\" href=\"https:\/\/www.hola.com\/actualidad\/20240807711466\/carlos-goyanes-muere-marido-cari-lapique-padre-carla-caritina\/\" data-mrf-recirculation=\"article-body-link\" rel=\"nofollow noopener\" target=\"_blank\">Carlos Goyanes,<\/a> y el 26 de agosto, solo 15 d\u00edas desp\u00faes, lo hac\u00eda<a class=\"hm-link ho-link\" href=\"https:\/\/www.hola.com\/actualidad\/20240826714659\/caritina-goyanes-muere-46\/\" data-mrf-recirculation=\"article-body-link\" rel=\"nofollow noopener\" target=\"_blank\">\u00a0su hija Caritina<\/a>, a los 46 a\u00f1os, en Marbella. De los que se acuerda \u00abtodos los d\u00edas\u00bb, como confes\u00f3 recientemente.<\/p>\n<p id=\"ejCRw_UqR4eF\" data-wc=\"62\">Quince a\u00f1os despu\u00e9s de su boda y a pesar de los varapalos de la vida, Carla y Jorge contin\u00faan siendo una pareja discreta, s\u00f3lida y muy enamorada Este \u2018aniversario de cristal\u2019, para conmemorar 15 a\u00f1os de matrimonio, \u00a0no es solo una fecha: es la celebraci\u00f3n de una vida construida juntos, de los sue\u00f1os cumplidos y de los que a\u00fan quedan por vivir.<\/p>\n","protected":false},"excerpt":{"rendered":"Este 16 de julio,\u00a0Carla Goyanes y Jorge Bengur\u00eda han celebrado un aniversario muy especial:\u00a015 a\u00f1os desde que se&hellip;\n","protected":false},"author":2,"featured_media":663078,"comment_status":"","ping_status":"","sticky":false,"template":"","format":"standard","meta":{"footnotes":""},"categories":[174],"tags":[517,5277,5276,255,146,147,25,24,256,23],"class_list":["post-663077","post","type-post","status-publish","format-standard","has-post-thumbnail","category-famosos","tag-actualidad","tag-cari-lapique","tag-carla-goyanes","tag-celebrities","tag-entertainment","tag-entretenimiento","tag-es","tag-espana","tag-famosos","tag-spain"],"share_on_mastodon":{"url":"https:\/\/pubeurope.com\/@es\/116935978769819178","error":""},"_links":{"self":[{"href":"https:\/\/www.europesays.com\/es\/wp-json\/wp\/v2\/posts\/663077","targetHints":{"allow":["GET"]}}],"collection":[{"href":"https:\/\/www.europesays.com\/es\/wp-json\/wp\/v2\/posts"}],"about":[{"href":"https:\/\/www.europesays.com\/es\/wp-json\/wp\/v2\/types\/post"}],"author":[{"embeddable":true,"href":"https:\/\/www.europesays.com\/es\/wp-json\/wp\/v2\/users\/2"}],"replies":[{"embeddable":true,"href":"https:\/\/www.europesays.com\/es\/wp-json\/wp\/v2\/comments?post=663077"}],"version-history":[{"count":0,"href":"https:\/\/www.europesays.com\/es\/wp-json\/wp\/v2\/posts\/663077\/revisions"}],"wp:featuredmedia":[{"embeddable":true,"href":"https:\/\/www.europesays.com\/es\/wp-json\/wp\/v2\/media\/663078"}],"wp:attachment":[{"href":"https:\/\/www.europesays.com\/es\/wp-json\/wp\/v2\/media?parent=663077"}],"wp:term":[{"taxonomy":"category","embeddable":true,"href":"https:\/\/www.europesays.com\/es\/wp-json\/wp\/v2\/categories?post=663077"},{"taxonomy":"post_tag","embeddable":true,"href":"https:\/\/www.europesays.com\/es\/wp-json\/wp\/v2\/tags?post=663077"}],"curies":[{"name":"wp","href":"https:\/\/api.w.org\/{rel}","templated":true}]}}