{"id":663085,"date":"2026-07-17T15:22:13","date_gmt":"2026-07-17T15:22:13","guid":{"rendered":"https:\/\/www.europesays.com\/es\/663085\/"},"modified":"2026-07-17T15:22:13","modified_gmt":"2026-07-17T15:22:13","slug":"dos-meses-despues-del-devastador-brote-de-ebola-las-cadenas-de-transmision-siguen-sin-detectarse","status":"publish","type":"post","link":"https:\/\/www.europesays.com\/es\/663085\/","title":{"rendered":"Dos meses despu\u00e9s del\u00a0devastador brote de \u00e9bola las cadenas de transmisi\u00f3n siguen sin detectarse"},"content":{"rendered":"<p class=\"mostrar_fragmento\">Dos meses despu\u00e9s de que el Gobierno de la Rep\u00fablica Democr\u00e1tica del Congo declarase la epidemia de \u00e9bola se han contabilizado, hasta el momento,\u00a02.273 casos y 796 fallecimientos, seg\u00fan los \u00faltimos datos facilitados por la Organizaci\u00f3n Mundial de la Salud, desde donde se considera que este\u00a0tercer brote se ha convertido &#8230;            &#13;\n        <\/p>\n<p> &#13;<br \/>\n&#13;<\/p>\n<p>Dos meses despu\u00e9s de que el Gobierno de la Rep\u00fablica Democr\u00e1tica del Congo declarase la <strong>epidemia de \u00e9bola<\/strong> se han contabilizado, hasta el momento,\u00a02.273 casos y <strong>796 fallecimientos,<\/strong> seg\u00fan los \u00faltimos datos facilitados por la Organizaci\u00f3n Mundial de la Salud, desde donde se considera que este\u00a0tercer brote se ha convertido en el m\u00e1s grande registrado, con una expansi\u00f3n m\u00e1s r\u00e1pida que cualquier brote anterior.\u00a0<\/p>\n<p>Seg\u00fan la informaci\u00f3n m\u00e1s reciente facilitada por la OMS, m\u00e1s del <strong>80% de las nuevas infecciones se detectan fuera de las listas de contactos conocidos<\/strong>, lo que indica que las cadenas de transmisi\u00f3n contin\u00faan sin ser detectadas, mientras que alrededor de dos tercios de las muertes ocurren en comunidades entre personas que nunca reciben tratamiento en un centro de salud. Esta situaci\u00f3n es considerada\u00a0como \u00abel hallazgo m\u00e1s alarmante\u00bb.<\/p>\n<p>En cualquier caso,\u00a0la <strong>capacidad de tratamiento<\/strong> ha aumentado a m\u00e1s de 800 camas, en cuanto al laboratorio, se ha pasado de una unidad a 16, y las tasas de seguimiento de contactos han subido a casi el 80%. Asimismo, se est\u00e1 capacitando a m\u00e1s de 21.000 trabajadores de salud comunitarios, y tambi\u00e9n se han facilitado y mejorado los entierros de los fallecidos.<\/p>\n<p>\u00abNos enfrentamos a varios desaf\u00edos t\u00e9cnicos, pero tambi\u00e9n necesitamos la intervenci\u00f3n pol\u00edtica para facilitar la ampliaci\u00f3n de la respuesta que necesitamos\u00bb.\u00a0Sin embargo, uno de los principales problemas para el director general de la OMS,\u00a0<strong>Tedros Adhanom Ghebreyesus<\/strong>,\u00a0sigue siendo el de la financiaci\u00f3n para poder ampliar la cobertura sanitaria en los terrenos afectados. \u00abTodav\u00eda nos enfrentamos a un d\u00e9ficit de m\u00e1s de 400 millones de d\u00f3lares estadounidenses en el Plan Continental Conjunto de Preparaci\u00f3n y Respuesta de la OMS y los CDC de \u00c1frica\u00bb, agreg\u00f3.<\/p>\n<p> &#13;<br \/>\n&#13;<\/p>\n<p>Por otra parte, el Dr.\u00a0Adhanom Ghebreyesus ha informado del inicio del\u00a0<strong>primer ensayo de seguridad de la vacuna ChAdOx1,<\/strong> dirigido por la Universidad de Oxford. Adem\u00e1s,\u00a0esta semana, tambi\u00e9n, se ha puesto en marcha un <strong>ensayo del antiviral obeldesivir<\/strong> como profilaxis posterior a la exposici\u00f3n en personas que han estado en contacto con casos confirmados, pero que a\u00fan no han desarrollado la enfermedad.\u00a0<\/p>\n<p>\u00a0<\/p>\n<p>&#13;<br \/>\n            SEGUIR LEYENDO&#13;\n        <\/p>\n","protected":false},"excerpt":{"rendered":"Dos meses despu\u00e9s de que el Gobierno de la Rep\u00fablica Democr\u00e1tica del Congo declarase la epidemia de \u00e9bola&hellip;\n","protected":false},"author":2,"featured_media":663086,"comment_status":"","ping_status":"","sticky":false,"template":"","format":"standard","meta":{"footnotes":""},"categories":[92],"tags":[3586,17207,11335,15644,121013,9758,62204,121011,15435,987,26275,24044,1563,34141,2053,21303,25,24,874,121012,1080,165,4712,1140,9,3572,11063,1423,977,15600,10911,166,585,7768,23,3599,2845,8177],"class_list":["post-663085","post","type-post","status-publish","format-standard","has-post-thumbnail","category-salud","tag-actual","tag-anunciado","tag-brote","tag-cadenas","tag-chadox","tag-congo","tag-declarara","tag-del-devastador","tag-democratica","tag-despues","tag-detectarse","tag-dirigido","tag-dos","tag-ebola","tag-ensayo","tag-epidemia","tag-es","tag-espana","tag-esta","tag-expandiendo","tag-ha","tag-health","tag-inicio","tag-meses","tag-news","tag-oms","tag-oxford","tag-precedentes","tag-primer","tag-republica","tag-ritmo","tag-salud","tag-seguridad","tag-siguen","tag-spain","tag-transmision","tag-universidad","tag-vacuna"],"share_on_mastodon":{"url":"https:\/\/pubeurope.com\/@es\/116936006057642479","error":""},"_links":{"self":[{"href":"https:\/\/www.europesays.com\/es\/wp-json\/wp\/v2\/posts\/663085","targetHints":{"allow":["GET"]}}],"collection":[{"href":"https:\/\/www.europesays.com\/es\/wp-json\/wp\/v2\/posts"}],"about":[{"href":"https:\/\/www.europesays.com\/es\/wp-json\/wp\/v2\/types\/post"}],"author":[{"embeddable":true,"href":"https:\/\/www.europesays.com\/es\/wp-json\/wp\/v2\/users\/2"}],"replies":[{"embeddable":true,"href":"https:\/\/www.europesays.com\/es\/wp-json\/wp\/v2\/comments?post=663085"}],"version-history":[{"count":0,"href":"https:\/\/www.europesays.com\/es\/wp-json\/wp\/v2\/posts\/663085\/revisions"}],"wp:featuredmedia":[{"embeddable":true,"href":"https:\/\/www.europesays.com\/es\/wp-json\/wp\/v2\/media\/663086"}],"wp:attachment":[{"href":"https:\/\/www.europesays.com\/es\/wp-json\/wp\/v2\/media?parent=663085"}],"wp:term":[{"taxonomy":"category","embeddable":true,"href":"https:\/\/www.europesays.com\/es\/wp-json\/wp\/v2\/categories?post=663085"},{"taxonomy":"post_tag","embeddable":true,"href":"https:\/\/www.europesays.com\/es\/wp-json\/wp\/v2\/tags?post=663085"}],"curies":[{"name":"wp","href":"https:\/\/api.w.org\/{rel}","templated":true}]}}