{"id":663097,"date":"2026-07-17T15:28:10","date_gmt":"2026-07-17T15:28:10","guid":{"rendered":"https:\/\/www.europesays.com\/es\/663097\/"},"modified":"2026-07-17T15:28:10","modified_gmt":"2026-07-17T15:28:10","slug":"la-uco-cifra-en-mas-de-300-000-euros-los-beneficios-que-cerdan-y-su-familia-obtuvieron-de-la-trama-entre-2015-y-2024-espana","status":"publish","type":"post","link":"https:\/\/www.europesays.com\/es\/663097\/","title":{"rendered":"La UCO cifra en m\u00e1s de 300.000 euros los beneficios que Cerd\u00e1n y su familia obtuvieron de la trama entre 2015 y 2024 | Espa\u00f1a"},"content":{"rendered":"<p class=\"\">El informe elaborado por la Unidad Central Operativa (UCO) de la Guardia Civil sobre las finanzas del ex secretario de Organizaci\u00f3n del PSOE <a href=\"https:\/\/elpais.com\/noticias\/santos-cerdan-leon\/\" target=\"_blank\" rel=\"noreferrer nofollow noopener\" title=\"https:\/\/elpais.com\/noticias\/santos-cerdan-leon\/\">Santos Cerd\u00e1n <\/a>cifra en m\u00e1s de 300.000 euros los beneficios que \u00e9l y su familia pudieron obtener, ya fuera en pagos o en bienes, de una de las empresas claves de la trama, <a href=\"https:\/\/elpais.com\/espana\/2025-08-01\/en-las-tripas-de-servinabar-seis-millones-desde-acciona-sueldos-para-familiares-de-cerdan-y-casi-700000-euros-hacia-la-cooperativa-con-koldo.html\" target=\"_self\" rel=\"nofollow noopener\" title=\"https:\/\/elpais.com\/espana\/2025-08-01\/en-las-tripas-de-servinabar-seis-millones-desde-acciona-sueldos-para-familiares-de-cerdan-y-casi-700000-euros-hacia-la-cooperativa-con-koldo.html\">Servinabar<\/a>, y otras sociedades relacionadas entre 2015 y 2024. <\/p>\n<p class=\"\">El c\u00e1lculo del instituto armado incluye tanto los sueldos por empleos y pagos como el abono de alquiler y el mobiliario de la vivienda en Madrid del exdirigente socialista, as\u00ed como veh\u00edculos. El documento policial tambi\u00e9n apunta que <a href=\"https:\/\/elpais.com\/espana\/2025-08-01\/en-las-tripas-de-servinabar-seis-millones-desde-acciona-sueldos-para-familiares-de-cerdan-y-casi-700000-euros-hacia-la-cooperativa-con-koldo.html\" target=\"_blank\" rel=\"noreferrer nofollow noopener\" title=\"https:\/\/elpais.com\/espana\/2025-08-01\/en-las-tripas-de-servinabar-seis-millones-desde-acciona-sueldos-para-familiares-de-cerdan-y-casi-700000-euros-hacia-la-cooperativa-con-koldo.html\">Servinabar<\/a>, mercantil en la que el propio Cerd\u00e1n era presuntamente socio, intent\u00f3 comprar para \u00e9l y su mujer un piso de 985.000 euros. La compra no se lleg\u00f3 a materializar. <\/p>\n<p class=\"\">Los investigadores de la Guardia Civil calculan en el informe patrimonial del ex secretario de Organizaci\u00f3n del PSOE que entre 2014 y 2017, cuando era diputado en el Parlamento de Navarra y no ten\u00eda funciones en el PSOE a nivel nacional, Santos Cerd\u00e1n pudo recibir ingresos en efectivo \u201cde origen aparentemente desconocido\u201d por valor de 18.261,56 euros. La Unidad Central Operativa de la Guardia Civil indica en el informe que Cerd\u00e1n y su familia obtuvieron \u201csus m\u00e1ximos\u201d beneficios desde el a\u00f1o 2019, despu\u00e9s de la llegada de Jos\u00e9 Luis \u00c1balos al Ministerio de Fomento, hasta 2023, la \u201cetapa post-ministerial\u201d en la que Santos fue nombrado secretario de Organizaci\u00f3n del PSOE relevando a \u00c1balos\u201d, apuntan desde el instituto armado.<\/p>\n<p class=\"\">[Noticia de \u00faltima hora. Habr\u00e1 ampliaci\u00f3n]<\/p>\n","protected":false},"excerpt":{"rendered":"El informe elaborado por la Unidad Central Operativa (UCO) de la Guardia Civil sobre las finanzas del ex&hellip;\n","protected":false},"author":2,"featured_media":663098,"comment_status":"","ping_status":"","sticky":false,"template":"","format":"standard","meta":{"footnotes":""},"categories":[5],"tags":[17,18,4334,767,12515,25,24,13,14,11,5610,5611,19,20,9,10,15,16,952,1699,8411,23,12,493,2155,21,22],"class_list":["post-663097","post","type-post","status-publish","format-standard","has-post-thumbnail","category-titulares","tag-breaking-news","tag-breakingnews","tag-caso-koldo","tag-corrupcion","tag-corrupcion-politica","tag-es","tag-espana","tag-featured-news","tag-featurednews","tag-headlines","tag-jose-luis-abalos","tag-koldo-garcia","tag-latest-news","tag-latestnews","tag-news","tag-noticias","tag-noticias-destacadas","tag-noticiasdestacadas","tag-politica","tag-psoe","tag-santos-cerdan","tag-spain","tag-titulares","tag-tribunales","tag-uco","tag-ultimas-noticias","tag-ultimasnoticias"],"share_on_mastodon":{"url":"https:\/\/pubeurope.com\/@es\/116936029190097477","error":""},"_links":{"self":[{"href":"https:\/\/www.europesays.com\/es\/wp-json\/wp\/v2\/posts\/663097","targetHints":{"allow":["GET"]}}],"collection":[{"href":"https:\/\/www.europesays.com\/es\/wp-json\/wp\/v2\/posts"}],"about":[{"href":"https:\/\/www.europesays.com\/es\/wp-json\/wp\/v2\/types\/post"}],"author":[{"embeddable":true,"href":"https:\/\/www.europesays.com\/es\/wp-json\/wp\/v2\/users\/2"}],"replies":[{"embeddable":true,"href":"https:\/\/www.europesays.com\/es\/wp-json\/wp\/v2\/comments?post=663097"}],"version-history":[{"count":0,"href":"https:\/\/www.europesays.com\/es\/wp-json\/wp\/v2\/posts\/663097\/revisions"}],"wp:featuredmedia":[{"embeddable":true,"href":"https:\/\/www.europesays.com\/es\/wp-json\/wp\/v2\/media\/663098"}],"wp:attachment":[{"href":"https:\/\/www.europesays.com\/es\/wp-json\/wp\/v2\/media?parent=663097"}],"wp:term":[{"taxonomy":"category","embeddable":true,"href":"https:\/\/www.europesays.com\/es\/wp-json\/wp\/v2\/categories?post=663097"},{"taxonomy":"post_tag","embeddable":true,"href":"https:\/\/www.europesays.com\/es\/wp-json\/wp\/v2\/tags?post=663097"}],"curies":[{"name":"wp","href":"https:\/\/api.w.org\/{rel}","templated":true}]}}