{"id":66311,"date":"2025-08-23T06:16:13","date_gmt":"2025-08-23T06:16:13","guid":{"rendered":"https:\/\/www.europesays.com\/es\/66311\/"},"modified":"2025-08-23T06:16:13","modified_gmt":"2025-08-23T06:16:13","slug":"una-faena-antologica-de-diego-urdiales","status":"publish","type":"post","link":"https:\/\/www.europesays.com\/es\/66311\/","title":{"rendered":"Una faena antol\u00f3gica de Diego Urdiales"},"content":{"rendered":"<p>Un cuarto toro cinque\u00f1o de Garcigrande, casi 600 kilos, el trap\u00edo justo, se llev\u00f3 puesta una faena de Diego Urdiales de un rigor, una cadencia  &#8230; y un primor singulares. El toro descolg\u00f3 antes de varas, se escupi\u00f3 del caballo y apenas sangr\u00f3, hizo amago de escarbar, cobr\u00f3 un estrell\u00f3n contra las tablas al salir disparado del primer muletazo de tanteo y pareci\u00f3 rebrincarse en el muletazo en redondo que, al borde de la segunda raya, abri\u00f3 formalmente la faena. Solo en el segundo muletazo lo tuvo Diego metido en el enga\u00f1o. En la segunda tanda, de cinco ligados, la figura compuesta sin esfuerzo, descolgado de hombros, llamativamente sereno, posado en la arena, traz\u00f3 Diego el toreo dibujado de comp\u00e1s, tra\u00eddo ya entonces el toro por los vuelos. <\/p>\n<p class=\"v-p\">Solo fue el principio de una faena que, sin m\u00e1s ruido que el de su propia m\u00fasica, iba a convertirse en una sinfon\u00eda. No eligi\u00f3 la banda el pasodoble adecuado para la ocasi\u00f3n. Una &#8216;Espa\u00f1a Ca\u00f1\u00ed&#8217; impropia que algunos palmearon mientras el trasteo, de una suavidad formidable, ganaba cuerpo y car\u00e1cter. Despu\u00e9s de tres tandas en redondo, Diego se ech\u00f3 la muleta a la izquierda y por esa mano llegaron los mayores prodigios. En una primera tanda de seis cobrados por los vuelos como si la muleta no pesara y ella sola acariciara, el toro hizo un amago de rajarse. Lo sujet\u00f3 Diego y repiti\u00f3 tanda. A pulso, a placer. <\/p>\n<p class=\"v-p\">El toro, enroscado en todas las bazas sin violencia. Se puso de pie mucha gente. Hasta el \u00faltimo muletazo de igualada estuvo Diego acompasando las embestidas. En un m\u00ednimo terreno casi entera la faena que Diego cort\u00f3 cuando sinti\u00f3 que el toro iba a pedir la muerte. Cobrada a ley, una estocada ligeramente contraria y no fulminante, como parec\u00eda pedir el guion. Solo que cuando dobl\u00f3 el toro, Diego se descar\u00f3 con un gesto delicado frente al testuz. Un suspiro hondo. Sabr\u00eda mejor que nadie que la faena hab\u00eda sido una obra maestra. Para pasarla en las escuelas taurinas. A hombros por la puerta grande.<\/p>\n<ul class=\"v-u\">\n<li class=\"v-u__l\">\n<p class=\"v-p\">\nBilbao. 5\u00aa de las Corridas Generales.<br \/>\n12.500 almas. Soleado, templado. Dos horas y media de funci\u00f3n.\n<\/p>\n<\/li>\n<li class=\"v-u__l\">\n<p class=\"v-p\">\nLos toreros.<br \/>\nDiego Urdiales, que sustituy\u00f3 a Morante, vuelta y dos orejas. Talavante, silencio tras aviso y una oreja. Borja Jim\u00e9nez, silencio en los dos.\n<\/p>\n<\/li>\n<li class=\"v-u__l\">\n<p class=\"v-p\">\nLos toros.<br \/>\nSeis toros de Garcigrande (Justo Hern\u00e1ndez).\n<\/p>\n<\/li>\n<\/ul>\n<p class=\"v-p\">Se eligi\u00f3 a Urdiales para sustituir a Morante, que era el reclamo. Y tal vez fuera lo m\u00e1s dif\u00edcil hacer olvidar a Morante, aunque los registros tuvieran no poco en com\u00fan. Por ejemplo, la soltura y la calma. O la exposici\u00f3n y la seguridad. Del son en que vino a Bilbao Diego hubo muestra probada en la faena de un primer toro corto de cuello que sali\u00f3 con pies, no se emple\u00f3 en el caballo y se movi\u00f3 pronto y sin desmayo, la cara a media altura, belicoso, alg\u00fan taponazo que otro, desganado por la izquierda. Diego le dio trato suave, lo llev\u00f3 cosido al enga\u00f1o en la media altura, le lig\u00f3 tres tandas templadas, y no se sabe c\u00f3mo le peg\u00f3 una soberbia tanda de naturales rematados en la cadera de m\u00e9rito y logro mayores. Una estocada extraordinaria.<\/p>\n<p><img decoding=\"async\" loading=\"lazy\" src=\"https:\/\/www.europesays.com\/es\/wp-content\/uploads\/2025\/08\/toros-diego-2-k0g-U2302713818015SJI-650x455@El Correo.jpg\" class=\"v-a-img\" width=\"650\" height=\"455\" alt=\"Estocada al volapi\u00e9 de Diego Urdiales que corrobor\u00f3 su triunfo ayer en Bilbao.\" data-voc-vtm-id=\"in-text-traffic\"\/><\/p>\n<p>Estocada al volapi\u00e9 de Diego Urdiales que corrobor\u00f3 su triunfo ayer en Bilbao.<\/p>\n<p>Manu Cecilio<\/p>\n<p><img loading=\"lazy\" decoding=\"async\" src=\"https:\/\/www.europesays.com\/es\/wp-content\/uploads\/2025\/08\/toros-diego-2-k0g-U2302713818015TWB-1920x1344@El Correo.jpg\" class=\"v-mdl__img-z\" width=\"1920\" height=\"1344\" alt=\"\"\/><\/p>\n<p class=\"v-p\">La calidad de esa primera faena no tuvo el eco debido. Por ser el primer toro o porque a priori el protagonista era Borja Jim\u00e9nez despu\u00e9s del indulto del pasado mi\u00e9rcoles. Lo sacaron a saludar despu\u00e9s del pase\u00edllo. Una ovaci\u00f3n de clamor. Y hasta ah\u00ed el reconocimiento. Luego una notoria p\u00e9rdida de tensi\u00f3n apenas rota para subrayar los gestos temerarios: a porta gayola con los dos toros, una larga afarolada en tablas con el tercer toro, una apertura de rodillas en los medios y de largo, gui\u00f1os c\u00f3mplices, los remates de desd\u00e9n mirando al tendido\u2026 Pero tanto en el tercer toro como el sexto, que fue en la muleta boyante, pes\u00f3 el sello que Urdiales le hab\u00eda puesto a la corrida. Las comparaciones fueron inevitables. Bullidor con el capote, tesonero con la muleta, demasiado agresivo con un tercero que ped\u00eda sosiego y encimista con el sexto que ped\u00eda distancia. <\/p>\n<p class=\"v-p\">Talavante no se puso con un segundo de corrida de poco fuelle y se perdi\u00f3 en frusler\u00edas. Dos molinetes ligados con el de pecho levantaron un clamor. Pero no pas\u00f3 nada. Lo atraves\u00f3 con la espada. Aparatoso en el recibo del quinto por faroles, se puso de rodillas para malmanejar el poder del quinto toro, lastimado y descaderado pero con vida suficiente. Una faena asfixiante entre pitones, con voltereta incluida, desplantes de todas las marcas y una estocada.<\/p>\n","protected":false},"excerpt":{"rendered":"Un cuarto toro cinque\u00f1o de Garcigrande, casi 600 kilos, el trap\u00edo justo, se llev\u00f3 puesta una faena de&hellip;\n","protected":false},"author":2,"featured_media":66312,"comment_status":"","ping_status":"","sticky":false,"template":"","format":"standard","meta":{"footnotes":""},"categories":[277],"tags":[26929,373,168,15477,25,24,13839,23,167,374,22444],"class_list":{"0":"post-66311","1":"post","2":"type-post","3":"status-publish","4":"format-standard","5":"has-post-thumbnail","7":"category-toreo","8":"tag-antologica","9":"tag-bullfighting","10":"tag-deportes","11":"tag-diego","12":"tag-es","13":"tag-espana","14":"tag-faena","15":"tag-spain","16":"tag-sports","17":"tag-toreo","18":"tag-urdiales"},"share_on_mastodon":{"url":"","error":""},"_links":{"self":[{"href":"https:\/\/www.europesays.com\/es\/wp-json\/wp\/v2\/posts\/66311","targetHints":{"allow":["GET"]}}],"collection":[{"href":"https:\/\/www.europesays.com\/es\/wp-json\/wp\/v2\/posts"}],"about":[{"href":"https:\/\/www.europesays.com\/es\/wp-json\/wp\/v2\/types\/post"}],"author":[{"embeddable":true,"href":"https:\/\/www.europesays.com\/es\/wp-json\/wp\/v2\/users\/2"}],"replies":[{"embeddable":true,"href":"https:\/\/www.europesays.com\/es\/wp-json\/wp\/v2\/comments?post=66311"}],"version-history":[{"count":0,"href":"https:\/\/www.europesays.com\/es\/wp-json\/wp\/v2\/posts\/66311\/revisions"}],"wp:featuredmedia":[{"embeddable":true,"href":"https:\/\/www.europesays.com\/es\/wp-json\/wp\/v2\/media\/66312"}],"wp:attachment":[{"href":"https:\/\/www.europesays.com\/es\/wp-json\/wp\/v2\/media?parent=66311"}],"wp:term":[{"taxonomy":"category","embeddable":true,"href":"https:\/\/www.europesays.com\/es\/wp-json\/wp\/v2\/categories?post=66311"},{"taxonomy":"post_tag","embeddable":true,"href":"https:\/\/www.europesays.com\/es\/wp-json\/wp\/v2\/tags?post=66311"}],"curies":[{"name":"wp","href":"https:\/\/api.w.org\/{rel}","templated":true}]}}