{"id":663121,"date":"2026-07-17T15:50:15","date_gmt":"2026-07-17T15:50:15","guid":{"rendered":"https:\/\/www.europesays.com\/es\/663121\/"},"modified":"2026-07-17T15:50:15","modified_gmt":"2026-07-17T15:50:15","slug":"gonzalez-sobre-las-presiones-a-un-general-para-boicotear-a-ayuso-yo-no-dicte-la-orden","status":"publish","type":"post","link":"https:\/\/www.europesays.com\/es\/663121\/","title":{"rendered":"Gonz\u00e1lez, sobre las presiones a un general para boicotear a Ayuso: \u00abYo no dict\u00e9 la orden\u00bb"},"content":{"rendered":"<p style=\"\"><strong>\u00abYo no la dict\u00e9\u00bb.<\/strong> Esa ha sido la respuesta de la directora de la Guardia Civil Mercedes Gonz\u00e1lez cuando le han preguntado este viernes en la Audiencia Nacional si ella fue la persona que dict\u00f3 la \u00abinstrucci\u00f3n pol\u00edtica\u00bb para que el general jefe  &#8230; de la zona de Madrid, Fernando Mora, plantar\u00e1 al Gobierno de Isabel D\u00edaz Ayuso durante el D\u00eda de la Comunidad de 2025.<\/p>\n<p class=\"v-d-p\" style=\"\">Seg\u00fan fuentes jur\u00eddicas presentes durante su declaraci\u00f3n en el caso que investiga la trama liderada por Santos Cerd\u00e1n y Leire D\u00edez, la directora de la Guardia Civil, a preguntas del abogado del Partido Popular, ha asegurado que nunca ha dado \u00abninguna\u00bb instrucci\u00f3n pol\u00edtica a ning\u00fan mando de la Guardia Civil.<\/p>\n<p class=\"v-d-p\" style=\"\">Las palabras de Gonz\u00e1lez se producen despu\u00e9s de que <a href=\"https:\/\/www.abc.es\/espana\/numero-dos-dao-amenazo-cesar-general-nego-20260717015124-nt.html\" target=\"_self\" data-voc-vtm-id=\"in-text-traffic\" data-mrf-link=\"www.abc.es\" rel=\"nofollow noopener\">este diario haya revelado en exclusiva<\/a> audios que acreditan la presi\u00f3n que en 2025 la c\u00fapula de la Guardia Civil aplic\u00f3 sobre el general jefe de la zona de Madrid, Fernando Mora, para que este plantar\u00e1 al gobierno de la Comunidad de Madrid durante la celebraci\u00f3n del d\u00eda de la regi\u00f3n.<\/p>\n<ul class=\"v-cmp-rld__u\">\n<li class=\"v-cmp-rld__l\">\n<p><a class=\"v-a-lnk\" href=\"http:\/\/www.abc.es\/espana\/numero-dos-dao-amenazo-cesar-general-nego-20260717015124-nt.html#vtm_modulosEngag=noticiasrelacionadas-cmp-uno:espana:noticia:1\" data-voc-vtm-id=\"in-text-traffic\" rel=\"nofollow noopener\" target=\"_blank\"><br \/>\n<img decoding=\"async\" loading=\"lazy\" src=\"https:\/\/www.europesays.com\/es\/wp-content\/uploads\/2026\/07\/CAPTURA-kKIH-U24122027175xtD-366x256@diario_abc.jpg\" class=\"v-a-img\" width=\"258\" height=\"180\" alt=\"\u00ab\u00a1No me toques los cojones!\u00bb: el 'dos' del DAO amenaz\u00f3 con cesar al general que se neg\u00f3 al boicot\"\/><br \/>\n                                      <\/a><\/p>\n<\/li>\n<\/ul>\n<p class=\"v-d-p\" style=\"\">La negaci\u00f3n este viernes de Gonz\u00e1lez choca, sin embargo, con las \u00f3rdenes que el teniente general Luis del Castillo traslado a Mora en una conversaci\u00f3n. En palabras de este \u00faltimo,  \u00abla orden ven\u00eda del Ministerio, que el ministro ha dado la instrucci\u00f3n y que la directora est\u00e1 en medio\u00bb, lo cual Luis del Castillo corrobor\u00f3 con su respuesta. \u00abSi se decide cu\u00e1l es el nivel de representaci\u00f3n con el Ministerio del Interior, se cumple\u00bb; y si no \u00abyo ir\u00eda a ver a la directora y, si quieres inmolarte, coges y pides el pase a reserva\u00bb.<\/p>\n","protected":false},"excerpt":{"rendered":"\u00abYo no la dict\u00e9\u00bb. Esa ha sido la respuesta de la directora de la Guardia Civil Mercedes Gonz\u00e1lez&hellip;\n","protected":false},"author":2,"featured_media":663122,"comment_status":"","ping_status":"","sticky":false,"template":"","format":"standard","meta":{"footnotes":""},"categories":[8],"tags":[6984,41751,17,18,26177,25,24,13,14,3015,5976,11,19,20,9,10,15,16,13098,14333,57,23,12,21,22],"class_list":["post-663121","post","type-post","status-publish","format-standard","has-post-thumbnail","category-espana","tag-ayuso","tag-boicotear","tag-breaking-news","tag-breakingnews","tag-dicte","tag-es","tag-espana","tag-featured-news","tag-featurednews","tag-general","tag-gonzalez","tag-headlines","tag-latest-news","tag-latestnews","tag-news","tag-noticias","tag-noticias-destacadas","tag-noticiasdestacadas","tag-orden","tag-presiones","tag-sobre","tag-spain","tag-titulares","tag-ultimas-noticias","tag-ultimasnoticias"],"share_on_mastodon":{"url":"https:\/\/pubeurope.com\/@es\/116936116133391044","error":""},"_links":{"self":[{"href":"https:\/\/www.europesays.com\/es\/wp-json\/wp\/v2\/posts\/663121","targetHints":{"allow":["GET"]}}],"collection":[{"href":"https:\/\/www.europesays.com\/es\/wp-json\/wp\/v2\/posts"}],"about":[{"href":"https:\/\/www.europesays.com\/es\/wp-json\/wp\/v2\/types\/post"}],"author":[{"embeddable":true,"href":"https:\/\/www.europesays.com\/es\/wp-json\/wp\/v2\/users\/2"}],"replies":[{"embeddable":true,"href":"https:\/\/www.europesays.com\/es\/wp-json\/wp\/v2\/comments?post=663121"}],"version-history":[{"count":0,"href":"https:\/\/www.europesays.com\/es\/wp-json\/wp\/v2\/posts\/663121\/revisions"}],"wp:featuredmedia":[{"embeddable":true,"href":"https:\/\/www.europesays.com\/es\/wp-json\/wp\/v2\/media\/663122"}],"wp:attachment":[{"href":"https:\/\/www.europesays.com\/es\/wp-json\/wp\/v2\/media?parent=663121"}],"wp:term":[{"taxonomy":"category","embeddable":true,"href":"https:\/\/www.europesays.com\/es\/wp-json\/wp\/v2\/categories?post=663121"},{"taxonomy":"post_tag","embeddable":true,"href":"https:\/\/www.europesays.com\/es\/wp-json\/wp\/v2\/tags?post=663121"}],"curies":[{"name":"wp","href":"https:\/\/api.w.org\/{rel}","templated":true}]}}