{"id":663170,"date":"2026-07-17T16:26:02","date_gmt":"2026-07-17T16:26:02","guid":{"rendered":"https:\/\/www.europesays.com\/es\/663170\/"},"modified":"2026-07-17T16:26:02","modified_gmt":"2026-07-17T16:26:02","slug":"oliver-laxe-inserta-en-el-corazon-de-tabakalera-los-bafles-y-paisajes-de-la-rave-de-sirat-kultura","status":"publish","type":"post","link":"https:\/\/www.europesays.com\/es\/663170\/","title":{"rendered":"Oliver Laxe inserta en el coraz\u00f3n de Tabakalera los bafles y paisajes de la rave de \u2018Sir\u00e2t\u2019 | Kultura"},"content":{"rendered":"<p>        <img decoding=\"async\" alt=\"Oliver Laxe posa delante de las pantallas de su instalaci\u00f3n en Tabakalera.\" loading=\"lazy\"   height=\"800\" width=\"1200\" src=\"https:\/\/www.europesays.com\/es\/wp-content\/uploads\/2026\/07\/1784305562_768_laxe.jpg\"\/>Oliver Laxe posa delante de las pantallas de su instalaci\u00f3n en Tabakalera. (Gorka RUBIO | FOKU)<\/p>\n<p>\u2018Sir\u00e2t\u2019 (2025) es la pel\u00edcula m\u00e1s reconocida de Oliver Laxe. Recibi\u00f3 seis premios Goya y estuvo incluso en la carrera por el \u00d3scar y los Globos de Oro. En ella, un hombre y su hijo buscan a su hija y hermana, y en ese viaje terminan en una \u2018rave\u2019 en el desierto, una fiesta de m\u00fasica electr\u00f3nica en mitad de la nada.\u00a0<\/p>\n<p>El artista gallego ha querido trasladar ese universo al interior de un museo. Para ello, a finales del a\u00f1o pasado estren\u00f3 en el Reina Sof\u00eda de Madrid \u2018HU \/\u0647\u064f\u0648\u064e. Bailad como si nadie os viera\u2019, una instalaci\u00f3n formada por una torre de altavoces y tres pantallas. De la primera emerge un sonido gutural, constante, una vibraci\u00f3n sin melod\u00eda. En las segundas se proyectan im\u00e1genes des\u00e9rticas \u2013rodadas durante los diez \u00faltimos a\u00f1os por el propio Laxe en Ir\u00e1n y Marruecos\u2013 en las que algunas personas se mueven r\u00edtmicamente, cercanas al trance. Dura un cuarto de hora y se repite en bucle, una vez tras otra.\u00a0<\/p>\n<p>Una vez concluida su estancia madrile\u00f1a, esta obra se ha trasladado a Donostia, concretamente a Tabakalera, donde podr\u00e1 vistarse hasta el pr\u00f3ximo 12 de octubre. La directora cultural Clara Montero ha recordado durante la presentaci\u00f3n de esta exposici\u00f3n que cada a\u00f1o, cuando se acerca Zinemaldia, Tabakalera pone \u00abun foco especial\u00bb en el s\u00e9ptimo arte con alguna iniciativa art\u00edstica que hasta este a\u00f1o hab\u00eda sido producida por el propio museo. En esta ocasi\u00f3n se han decantado por un trabajo externo que a\u00fana \u00abcalidad y fuerza\u00bb y que viene firmado por un viejo conocido como Laxe.<\/p>\n<p><strong>Primera visita con casco<\/strong><\/p>\n<p>El propio director, que se ha declarado \u00abmuy feliz\u00bb de exponer en la capital guipuzcoana, ha recordado que su primera visita a Tabakalera fue con un casco en la cabeza, ya que el edificio a\u00fan estaba en obras. Ha explicado que se trata de su tercera instalaci\u00f3n, un formato que le permite arriesgar e incluso equivocarse. \u00abEl cine es bastante conservador, industrial, caro, y por tanto es dif\u00edcil experimentar. Est\u00e1 bien que se d\u00e9 un espacio as\u00ed a los cineastas m\u00e1s pl\u00e1sticos, no hay que justificarse tanto como en el cine, hay m\u00e1s libertad\u00bb, ha resumido.\u00a0<\/p>\n<p>Desde Tabakalera han apuntado que \u2018HU \/\u0647\u064f\u0648\u064e. Bailad como si nadie os viera\u2019 es una obra que \u00abnos lleva al imaginario personal del artista, en el que la b\u00fasqueda de la trascendencia toma como punto de partida el propio cuerpo que baila y recuerda, y a la presencia de lo sagrado en el paisaje natural, arquitect\u00f3nico y sonoro\u00bb. \u2018Sir\u00e2t\u2019 hizo acopio de premios y reconocimientos, aunque no faltaron duras cr\u00edticas por su ritmo o su argumento.<\/p>\n<p>Una horquilla entre el aplauso y la incompresi\u00f3n en el que tambi\u00e9n se mueve esta obra, durante su estancia en Madrid algunos la elogiaron como \u00abun potente exorcismo sonoro y m\u00edstico\u00bb, mientras que otros la criticaron por entenderla como \u00abun mero reclamo publicitario\u00bb de su pel\u00edcula. Cada uno puede encontrar su respuesta en solo quince minutos.\u00a0<\/p>\n","protected":false},"excerpt":{"rendered":"Oliver Laxe posa delante de las pantallas de su instalaci\u00f3n en Tabakalera. (Gorka RUBIO | FOKU) \u2018Sir\u00e2t\u2019 (2025)&hellip;\n","protected":false},"author":2,"featured_media":663171,"comment_status":"","ping_status":"","sticky":false,"template":"","format":"standard","meta":{"footnotes":""},"categories":[173],"tags":[14134,229,233,231,230,232,234,146,147,25,24,120857,39954,11991,38870,19252,39953,23,37127,1511],"class_list":["post-663170","post","type-post","status-publish","format-standard","has-post-thumbnail","category-arte-y-diseno","tag-altavoces","tag-arte","tag-arte-y-diseno","tag-arts","tag-arts-and-design","tag-design","tag-diseno","tag-entertainment","tag-entretenimiento","tag-es","tag-espana","tag-inserta","tag-laxe","tag-oliver","tag-paisajes","tag-rave","tag-sirat","tag-spain","tag-tabakalera","tag-y"],"share_on_mastodon":{"url":"https:\/\/pubeurope.com\/@es\/116936258259450017","error":""},"_links":{"self":[{"href":"https:\/\/www.europesays.com\/es\/wp-json\/wp\/v2\/posts\/663170","targetHints":{"allow":["GET"]}}],"collection":[{"href":"https:\/\/www.europesays.com\/es\/wp-json\/wp\/v2\/posts"}],"about":[{"href":"https:\/\/www.europesays.com\/es\/wp-json\/wp\/v2\/types\/post"}],"author":[{"embeddable":true,"href":"https:\/\/www.europesays.com\/es\/wp-json\/wp\/v2\/users\/2"}],"replies":[{"embeddable":true,"href":"https:\/\/www.europesays.com\/es\/wp-json\/wp\/v2\/comments?post=663170"}],"version-history":[{"count":0,"href":"https:\/\/www.europesays.com\/es\/wp-json\/wp\/v2\/posts\/663170\/revisions"}],"wp:featuredmedia":[{"embeddable":true,"href":"https:\/\/www.europesays.com\/es\/wp-json\/wp\/v2\/media\/663171"}],"wp:attachment":[{"href":"https:\/\/www.europesays.com\/es\/wp-json\/wp\/v2\/media?parent=663170"}],"wp:term":[{"taxonomy":"category","embeddable":true,"href":"https:\/\/www.europesays.com\/es\/wp-json\/wp\/v2\/categories?post=663170"},{"taxonomy":"post_tag","embeddable":true,"href":"https:\/\/www.europesays.com\/es\/wp-json\/wp\/v2\/tags?post=663170"}],"curies":[{"name":"wp","href":"https:\/\/api.w.org\/{rel}","templated":true}]}}