{"id":66318,"date":"2025-08-23T06:26:07","date_gmt":"2025-08-23T06:26:07","guid":{"rendered":"https:\/\/www.europesays.com\/es\/66318\/"},"modified":"2025-08-23T06:26:07","modified_gmt":"2025-08-23T06:26:07","slug":"soy-nonagenaria-en-edad-fertil","status":"publish","type":"post","link":"https:\/\/www.europesays.com\/es\/66318\/","title":{"rendered":"\u201cSoy nonagenaria en edad f\u00e9rtil\u201d"},"content":{"rendered":"<p data-gtm-element-container=\"modulo-texto-link\" class=\"paragraph\">\u00a1Bang, bang, bang! Los disparos de la carabina retumban en toda la casa. A sus 94 a\u00f1os, Niki de Saint Phalle sigue haciendo ruido con su t\u00e9cnica de los cuadros tiroteados: bolsas de pintura con forma humana que, al recibir el impacto, forman manchas y figuras de colores. Dos asistentes la sujetan, eso s\u00ed, para que el retroceso del arma no la tire al suelo. La chica que de joven pos\u00f3 como modelo para Vogue, Life o Harpers\u2019s Bazaar, la mujer que sobrevivi\u00f3 a la violaci\u00f3n de su padre, la activista que huy\u00f3 de la caza de brujas de McCarthy, la esquizofr\u00e9nica a la que el arte salv\u00f3 mucho m\u00e1s que los electroshocks, la pareja del escultor cin\u00e9tico Jean Tinguely, la amiga de Sartre y Beauvoir&#8230; ha vuelto a vivir en Francia, tras su etapa en California, y recibe a este diario en su casa de las afueras de Par\u00eds, en un enorme hangar donde almacena varios cuadros y enormes y coloridas esculturas a medio hacer.<\/p>\n<p>\u201cMis esculturas en Collserola se ver\u00e1n desde el avi\u00f3n: venus, brujas, parturientas&#8230;\u201d<\/p>\n<p data-gtm-element-container=\"modulo-texto-link\" class=\"paragraph\"><strong>El Grand Palais de Par\u00eds le dedica una gran exposici\u00f3n \u2013junto a Jean Tinguely y Pontus Hulten\u2013 hasta el pr\u00f3ximo 4 de enero.<\/strong><\/p>\n<p data-gtm-element-container=\"modulo-texto-link\" class=\"paragraph\">Ha sido una suerte poder participar en vida en el montaje a diferencia de mis desaparecidos compa\u00f1eros. Jean fue mi gran compa\u00f1ero de vida y Pontus apost\u00f3 por m\u00ed cuando nadie m\u00e1s lo hizo, a m\u00ed otros artistas me llegaron a decir: \u201c\u00a1Ve a la escuela de arte! \u00a1Aprende a pintar!\u201d.<\/p>\n<p data-gtm-element-container=\"modulo-texto-link\" class=\"paragraph\"><strong>Quisi\u00e9ramos que nos hablara de su pol\u00e9mico proyecto en las monta\u00f1as de Collserola.<\/strong><\/p>\n<p data-gtm-element-container=\"modulo-texto-link\" class=\"paragraph\">Me tomo pol\u00e9mico como un cumplido, es siempre as\u00ed, desde que la polic\u00eda nos deten\u00eda en las calles de Par\u00eds por hacer ruidosos desfiles con nuestras obras y cacerolas, cortando el tr\u00e1fico sin permiso. Una obra de arte no est\u00e1 completa hasta que no incluyes en ella la reacci\u00f3n de los espectadores. Muchas de mis obras invitan a la gente a entrar en ellas, a interactuar, lo que en teatro se llama romper la cuarta pared. Sobre Collserola&#8230; Soy conocida en todo el mundo por la fuente Stravinsky al lado del Pompidou, que hice junto a Tinguely y me alegra ver las miradas de los ni\u00f1os (y los adultos) cuando pasan por ah\u00ed&#8230; pero una plaza no es nada, se queda peque\u00f1a. Cuando visit\u00e9 el parque G\u00fcell en Barcelona me di cuenta de que lo que necesitamos es un arte integral, exterior y en grandes espacios. Por eso durante veinte a\u00f1os cre\u00e9 un bosque escult\u00f3rico en la Toscana italiana, el Jard\u00edn del Tarot, con 22 esculturas, un di\u00e1logo entre arte y naturaleza. Son dos hect\u00e1reas, pero ahora hemos conseguido poder actuar en toda una monta\u00f1a. Esas venus gigantes, diosas alegres de la feminidad, libres y empoderadas, y tambi\u00e9n brujas, parturientas y otras esculturas \u2013algunas de ellas, en movimiento\u2013 se ver\u00e1n desde los aviones que lleguen a la ciudad. Es poes\u00eda. En 1966 cre\u00e9 la escultura femenina m\u00e1s grande de la historia, Hon, de 28 metros de largo, se entraba a ella por la vagina en el Moderna Museet de Estocolmo. En Barcelona voy a superar esas dimensiones. Espero que me alcancen las fuerzas y, si no, ser\u00e1 Teresa Solar Abboud, que trabaja conmigo en el proyecto, quien lo culminar\u00e1. \u00a1Tengo tantas ideas!<\/p>\n<p data-gtm-element-container=\"modulo-texto-link\" class=\"paragraph\"><strong>\u00bfS\u00ed?<\/strong><\/p>\n<p data-gtm-element-container=\"modulo-texto-link\" class=\"paragraph\">La fuente de mi arte es la imaginaci\u00f3n y solamente llego a materializar algo menos de la mitad de lo que se me ocurre. Estoy desbordada por mis ideas.<\/p>\n<p>        Lee tambi\u00e9n<\/p>\n<p>    Xavi Ay\u00e9n<\/p>\n<p>             <img loading=\"lazy\" decoding=\"async\" data-full-src=\"https:\/\/www.lavanguardia.com\/uploads\/2025\/08\/21\/68a6db327d231.jpeg\" alt=\"Imagen creada por Ariadna Arn\u00e9s, con herramientas de IA, que recrea el aspecto que podr\u00eda tener hoy Michael Jackson, a sus 66 a\u00f1os\" width=\"104\" height=\"108\" src=\"https:\/\/www.europesays.com\/es\/wp-content\/uploads\/2025\/08\/68a6db327d231.r_d.1181-886.jpeg\" class=\"lazy\"\/><\/p>\n<p data-gtm-element-container=\"modulo-texto-link\" class=\"paragraph\"><strong>Su arte reciente combate el racismo y la homofobia.<\/strong><\/p>\n<p data-gtm-element-container=\"modulo-texto-link\" class=\"paragraph\">Segu\u00ed el patr\u00f3n habitual de la persona rebelde: primero contra la familia, luego contra la escuela, donde tuve muchas dificultades, y despu\u00e9s contra la patria. Me sent\u00eda muy inc\u00f3moda en el entorno en el que nac\u00ed: siempre me sent\u00ed m\u00e1s a gusto en la cocina que en el sal\u00f3n. Desde muy temprana edad fui consciente de los problemas sociales, que me afectaron desde mi infancia. Lo mismo sucede ahora. Me expreso a m\u00ed misma y eso provoca, autom\u00e1ticamente, que exprese la situaci\u00f3n de la mujer de hoy. En EE.UU. estamos muy mal. Trump representa el supremacismo blanco, quiere extirpar de los museos la historia de la esclavitud y encarna los valores del macho arrogante. Por eso regres\u00e9 hace unos a\u00f1os a Europa.<\/p>\n<p data-gtm-element-container=\"modulo-texto-link\" class=\"paragraph\"><strong>\u00bfC\u00f3mo encaja esa visi\u00f3n cr\u00edtica con algunas de sus figuras amables?<\/strong><\/p>\n<p data-gtm-element-container=\"modulo-texto-link\" class=\"paragraph\">Me han llamado ingenua o na\u00efve los que solo ven grandes mujeres de colores con los pechos grandes pero, si se limpian las gafas, ver\u00e1n en mis obras el sexismo, el sida, el patriarcado, la violencia, la muerte, la crisis clim\u00e1tica&#8230; \u00bfIngenua? Para algunos, las mujeres deber\u00edamos pintar flores, yo pinto partos.<\/p>\n<p>        Lee tambi\u00e9n<\/p>\n<p>    Xavi Ay\u00e9n<\/p>\n<p>             <img loading=\"lazy\" decoding=\"async\" data-full-src=\"https:\/\/www.lavanguardia.com\/uploads\/2015\/08\/26\/5fa281294b3f9.jpeg\" alt=\"Truman Capote, 90 a\u00f1os.\" width=\"104\" height=\"108\" src=\"https:\/\/www.europesays.com\/es\/wp-content\/uploads\/2025\/08\/5fa281294b3f9.jpeg\" class=\"lazy\"\/><\/p>\n<p data-gtm-element-container=\"modulo-texto-link\" class=\"paragraph\"><strong>\u00bfPor qu\u00e9 empez\u00f3 a pintar?<\/strong><\/p>\n<p data-gtm-element-container=\"modulo-texto-link\" class=\"paragraph\">Calmaba el caos que agita mi alma. El arte apacigua a los dragones.<\/p>\n<p data-gtm-element-container=\"modulo-texto-link\" class=\"paragraph\"><strong>Ha dicho que su arte jam\u00e1s podr\u00eda hacerlo un hombre.<\/strong><\/p>\n<p data-gtm-element-container=\"modulo-texto-link\" class=\"paragraph\">Por supuesto. \u00bfSe imagina un hombre disparando al cuadro? \u00a1Significar\u00eda justo lo contrario de si disparo yo&#8230; La mujer es la gran creadora. \u00a1Parimos beb\u00e9s! \u00a1Personas! No puede haber creaci\u00f3n m\u00e1s grande. Los hombres envidian eso y crean multitud de otras cosas est\u00fapidas para compensarlo. Estoy obsesionada con la creaci\u00f3n, me gustar\u00eda estar embarazada cada nueve meses pero, como ya no puedo, sigo creando a mi manera. Nonagenaria, estoy en edad f\u00e9rtil.<\/p>\n","protected":false},"excerpt":{"rendered":"\u00a1Bang, bang, bang! Los disparos de la carabina retumban en toda la casa. A sus 94 a\u00f1os, Niki&hellip;\n","protected":false},"author":2,"featured_media":66319,"comment_status":"","ping_status":"","sticky":false,"template":"","format":"standard","meta":{"footnotes":""},"categories":[173],"tags":[229,233,231,230,232,234,146,147,25,24,23],"class_list":{"0":"post-66318","1":"post","2":"type-post","3":"status-publish","4":"format-standard","5":"has-post-thumbnail","7":"category-arte-y-diseno","8":"tag-arte","9":"tag-arte-y-diseno","10":"tag-arts","11":"tag-arts-and-design","12":"tag-design","13":"tag-diseno","14":"tag-entertainment","15":"tag-entretenimiento","16":"tag-es","17":"tag-espana","18":"tag-spain"},"share_on_mastodon":{"url":"","error":""},"_links":{"self":[{"href":"https:\/\/www.europesays.com\/es\/wp-json\/wp\/v2\/posts\/66318","targetHints":{"allow":["GET"]}}],"collection":[{"href":"https:\/\/www.europesays.com\/es\/wp-json\/wp\/v2\/posts"}],"about":[{"href":"https:\/\/www.europesays.com\/es\/wp-json\/wp\/v2\/types\/post"}],"author":[{"embeddable":true,"href":"https:\/\/www.europesays.com\/es\/wp-json\/wp\/v2\/users\/2"}],"replies":[{"embeddable":true,"href":"https:\/\/www.europesays.com\/es\/wp-json\/wp\/v2\/comments?post=66318"}],"version-history":[{"count":0,"href":"https:\/\/www.europesays.com\/es\/wp-json\/wp\/v2\/posts\/66318\/revisions"}],"wp:featuredmedia":[{"embeddable":true,"href":"https:\/\/www.europesays.com\/es\/wp-json\/wp\/v2\/media\/66319"}],"wp:attachment":[{"href":"https:\/\/www.europesays.com\/es\/wp-json\/wp\/v2\/media?parent=66318"}],"wp:term":[{"taxonomy":"category","embeddable":true,"href":"https:\/\/www.europesays.com\/es\/wp-json\/wp\/v2\/categories?post=66318"},{"taxonomy":"post_tag","embeddable":true,"href":"https:\/\/www.europesays.com\/es\/wp-json\/wp\/v2\/tags?post=66318"}],"curies":[{"name":"wp","href":"https:\/\/api.w.org\/{rel}","templated":true}]}}