{"id":663196,"date":"2026-07-17T16:44:10","date_gmt":"2026-07-17T16:44:10","guid":{"rendered":"https:\/\/www.europesays.com\/es\/663196\/"},"modified":"2026-07-17T16:44:10","modified_gmt":"2026-07-17T16:44:10","slug":"alberto-de-monaco-espera-que-pogacar-este-en-la-salida-de-la-vuelta-en-el-principado-esciclismo","status":"publish","type":"post","link":"https:\/\/www.europesays.com\/es\/663196\/","title":{"rendered":"Alberto de M\u00f3naco espera que Pogacar est\u00e9 en la salida de La Vuelta en el Principado &#8211; Esciclismo"},"content":{"rendered":"<ol>\n<li><a href=\"https:\/\/news.google.com\/rss\/articles\/CBMiakFVX3lxTE0xUE44a3NVdFlVZk5sbk5CUm5kd2l0N0liNlhqakVVUEhRc1I0VmdEMmRVVlVIX0FnQ0lqT1hKS0hhQUYtREhqc19MVVNXSEFxZEpwZ1J0d0o0QThGcC1mVGNoWWlsczRrQXc?oc=5\" target=\"_blank\" rel=\"nofollow noopener\">Alberto de M\u00f3naco espera que Pogacar est\u00e9 en la salida de La Vuelta en el Principado<\/a>&nbsp;&nbsp;Esciclismo<\/li>\n<li><a href=\"https:\/\/news.google.com\/rss\/articles\/CBMi1AFBVV95cUxNeHgxNUNpdDVWS3RKQWJFeVZaRmpzdGI4SDRjbklUX0EwTTNnV0xuTlhmcXBNX09zR2padUdOUDVEd2ZVSVZVbjZBa0RUaDRUMHU1b2pRcXJIalkyeWxRSjgyUnlubnJ5bU02VEpyRWRXdWk3RkpEbk1zNUt4UHhjU0VGM09sMzdYSV9HV1BNVDh1Y0FRb0NpNVBramxObTlWdjlhZVJtcHM4eEIxYnRBeVJCMmtycFl3MUhwWW5kQmt2Ulp4Q1Qwa2ZDUGZpZ09CQk9YctIB7wFBVV95cUxOdWtOV1ZBQ21fSzlVZ01nTjA4N284M3B2cElIWFpqTk1QNExkalhMOW44bVkzZS1MTlFld04wSUhBUUJkX0dyLXZzQ0VCekRteWd5cGhUaDZyVXQ3Qlc4SzNrZnlFbGgtLVVoYk83UGNXcGJMZDgwLWVIZlMwd01tMkYxWnVNWnlZUm9xRHFNa3FpNUNfdkJWOEkwSEZBYlpzV2N1bmJ3eE92YVlVVDJ2R0k2WXNVWmdTczUwR3pCQlZjczdISVJ4Xy1ULVBkRDk5WjFMajVBZUFRODRaMlBrRTdVclBrTE5OV3BhSEdiUQ?oc=5\" target=\"_blank\" rel=\"nofollow noopener\">El Pr\u00edncipe Alberto deja caer que el esloveno Tadej Pogacar podr\u00eda estar en La Vuelta<\/a>&nbsp;&nbsp;Infobae<\/li>\n<li><a href=\"https:\/\/news.google.com\/rss\/articles\/CBMibEFVX3lxTE8wd21BVlY3bGdfS0p2MzVTYy14MFhHNjBMeEEzM0wzWnNCZlBzVWd4TTZ2RXBUS1JPdnlmVzJsOVprQXZOYTFyb19BdnhOVGdIanZzLXhKOUdHa2cxTXpxUy1ZbFJ4Q1R6WHRCZw?oc=5\" target=\"_blank\" rel=\"nofollow noopener\">Ciclobreves Espa\u00f1a julio 2026<\/a>&nbsp;&nbsp;Ciclo21<\/li>\n<li><a href=\"https:\/\/news.google.com\/rss\/articles\/CBMi2AFBVV95cUxQZjV1YWpYM0h2LVMtWTNaTjhZYmVEaTlma2JLSFRvQjhaZ3libE1tSHJrdGJ0MnpmaTRBM0ZBWnk2SUdqMThra0RPSE1WUzFPWDY4YUQ3bTd5M2VBSlNJNUs4SkZoUWMxV3B4SDk5Mk8yVzdtYjI0WFNrVnljWXl3UFVZQWc5UkxCdU9oZ1l2VFNYY1hfWkJINlhTVWtsdS1NSTVBYm5YY0JjcG1DRXhzTG42T2hsWHFLdlpmblBqWnRJT25pSUF2elpOVWEtbUQ5a25xUGtNSlk?oc=5\" target=\"_blank\" rel=\"nofollow noopener\">\u00bfDebe Pogacar ir a La Vuelta? Contador y Flecha dan su punto de vista en Eurosport: \u00abEs compatible\u00bb<\/a>&nbsp;&nbsp;Eurosport<\/li>\n<li><a href=\"https:\/\/news.google.com\/rss\/articles\/CBMixgFBVV95cUxPZUFHc1pJbXhSXzF2VHduQUUxM09WZkNRUTdQUVJwN0RVekZHbk41R0theXpuWW56WjhGcFIyTVNwMGEtNm5VWkljYXhIbmJaRUZhTTNBNEp1VDVCeVRlLXNGTTlCN1JoaEpONHo4d3k5NXlfUDlkeFVmbmNXY2g2RW5uUFVScDN5Si1yYUJ5YjN1cS00VXFzYkZKeWVtdFpXTXhqUFVlQWhkZm43QXI1eUZDbTJZREZPajFhNzBzdi0tZWNCMWfSAcYBQVVfeXFMUEkyRGh4OGhaa2VZWmRYWTNueE4wTHVsbm5MZE9vTVFKaTNrelAyemt6amZDMlZoQnV5aTlEZTlxTjVHNFN3X3JFWWFkejNfZXhwUV9xNDFQT0Z1Z1RSQmF1NFNwWmVra2NjcElKSElFT3NXUzNIRXJHdlFqTUlDYU5yWUxEMVhmNk1fY00yaXY3R2F3RGNXN3RKWWFiN1gxallQbWw1Nkk3M3NmeGRHcDRPdVpicGIzVGRMWnJrTmszSjZVbG1R?oc=5\" target=\"_blank\" rel=\"nofollow noopener\">Alberto de M\u00f3naco a Pogacar en LaVuelta: \u00abDijo que estar\u00eda en la salida y espero que as\u00ed sea\u00bb<\/a>&nbsp;&nbsp;MARCA<\/li>\n<\/ol>\n","protected":false},"excerpt":{"rendered":"Alberto de M\u00f3naco espera que Pogacar est\u00e9 en la salida de La Vuelta en el Principado&nbsp;&nbsp;Esciclismo El Pr\u00edncipe&hellip;\n","protected":false},"author":2,"featured_media":165906,"comment_status":"","ping_status":"","sticky":false,"template":"","format":"standard","meta":{"footnotes":""},"categories":[273],"tags":[296,9125,48965,8722,313,312,31010,168,6143,101989,3169,158,25,3871,24,4351,12694,55569,314,317,5564,5095,549,2330,18807,14921,44743,1965,2119,13915,23,167,548,2393,7727,316,1357],"class_list":["post-663196","post","type-post","status-publish","format-standard","has-post-thumbnail","category-ciclismo","tag-agosto","tag-alberto","tag-aseguro","tag-asi","tag-ciclismo","tag-cycling","tag-decimo","tag-deportes","tag-dijo","tag-dole","tag-donde","tag-el","tag-es","tag-esloveno","tag-espana","tag-espera","tag-espero","tag-estaria","tag-etapa","tag-francia","tag-lider","tag-monaco","tag-pogacar","tag-prensa","tag-principado","tag-principe","tag-recordo","tag-salida","tag-sea","tag-soberano","tag-spain","tag-sports","tag-tadej","tag-tercera","tag-tome","tag-tour","tag-vuelta"],"share_on_mastodon":{"url":"https:\/\/pubeurope.com\/@es\/116936328211899480","error":""},"_links":{"self":[{"href":"https:\/\/www.europesays.com\/es\/wp-json\/wp\/v2\/posts\/663196","targetHints":{"allow":["GET"]}}],"collection":[{"href":"https:\/\/www.europesays.com\/es\/wp-json\/wp\/v2\/posts"}],"about":[{"href":"https:\/\/www.europesays.com\/es\/wp-json\/wp\/v2\/types\/post"}],"author":[{"embeddable":true,"href":"https:\/\/www.europesays.com\/es\/wp-json\/wp\/v2\/users\/2"}],"replies":[{"embeddable":true,"href":"https:\/\/www.europesays.com\/es\/wp-json\/wp\/v2\/comments?post=663196"}],"version-history":[{"count":0,"href":"https:\/\/www.europesays.com\/es\/wp-json\/wp\/v2\/posts\/663196\/revisions"}],"wp:featuredmedia":[{"embeddable":true,"href":"https:\/\/www.europesays.com\/es\/wp-json\/wp\/v2\/media\/165906"}],"wp:attachment":[{"href":"https:\/\/www.europesays.com\/es\/wp-json\/wp\/v2\/media?parent=663196"}],"wp:term":[{"taxonomy":"category","embeddable":true,"href":"https:\/\/www.europesays.com\/es\/wp-json\/wp\/v2\/categories?post=663196"},{"taxonomy":"post_tag","embeddable":true,"href":"https:\/\/www.europesays.com\/es\/wp-json\/wp\/v2\/tags?post=663196"}],"curies":[{"name":"wp","href":"https:\/\/api.w.org\/{rel}","templated":true}]}}