{"id":663359,"date":"2026-07-17T18:40:22","date_gmt":"2026-07-17T18:40:22","guid":{"rendered":"https:\/\/www.europesays.com\/es\/663359\/"},"modified":"2026-07-17T18:40:22","modified_gmt":"2026-07-17T18:40:22","slug":"giro-del-valle-de-aosta-niels-driesen-sorprende-en-la-2a-etapa-y-henrique-bravo-conserva-el-liderato-esciclismo","status":"publish","type":"post","link":"https:\/\/www.europesays.com\/es\/663359\/","title":{"rendered":"Giro del Valle de Aosta: Niels Driesen sorprende en la 2\u00aa etapa y Henrique Bravo conserva el liderato &#8211; Esciclismo"},"content":{"rendered":"<ol>\n<li><a href=\"https:\/\/news.google.com\/rss\/articles\/CBMiakFVX3lxTE9lZ1NBVlFEeVZlQ1VfVE80dVNfR2cwS3RNV0NCT1UzWDV5RlpTYmsxQXV6Zjc1S1oxMlExQjMtNzdGYTRsWUtHTDdZcTdXSmhtMnJ1M25hZjA3NnlmZVNMampNdlI0bDZYX2c?oc=5\" target=\"_blank\" rel=\"nofollow noopener\">Giro del Valle de Aosta: Niels Driesen sorprende en la 2\u00aa etapa y Henrique Bravo conserva el liderato<\/a>&nbsp;&nbsp;Esciclismo<\/li>\n<li><a href=\"https:\/\/news.google.com\/rss\/articles\/CBMipgFBVV95cUxQX0xQU2J6SFZSa3U1T1hGaHJVbml2UmFINVQzZ0J5RW9ILUdfYXpYcEQxZENsd2E0T2VlbXFWSi13VHlBbG13d21yZzhPRksyYldWSEhqZkxkbGV1TmRhTGVHa3BRQ0laYTVnVzFDeTJtdWZoWVhBUVhZOU95YS03bHBqRGJYVUN2S1c3T1hlOFB0R19hV2JlVjc2OTZkV3VLMkxRLS1n?oc=5\" target=\"_blank\" rel=\"nofollow noopener\">Henrique Ribeiro golpea primero en el Giro del Valle d\u2019Aosta<\/a>&nbsp;&nbsp;MARCA<\/li>\n<li><a href=\"https:\/\/news.google.com\/rss\/articles\/CBMi7wFBVV95cUxONVdKYkluTlFuYXdoejRVOEhiTUdPR1kxNmI1WGRqcFNDOHlWajBvdmRITVpvdDVwT2x3M29kZEU2aWVjOTN4UWhTWVVhZ2xmVFFXRXBkcFI0em5NVDdzTGJNUjYyWU1RdFRhTXpCUUZyeExiUmRJNjEyZUhxVTdlVHNZWW8wdkRFS0E2T3RsUUlEcWJlVVlBS1UxUFZJRDBaV1VtYkdTbGJoTkhWb2RmdmMzQ2xhbEJxU0JwVmJNbktXTVp4djRoa1ZtZTJGRkYzb3JBZ1VhQVdvcnRIc09DV19MS0sxdmE0MFBsVi13c9IB9AFBVV95cUxQLXJscTZSMExzQTIydjl4SnZ4WkIweGljVmo2cmNmeF92bEJfTElxbzRfbkVMYkVFeHkwTnNEQ2UzbGNhaDBaZ3dXN2hXZGNQbUhjR0o5Wmd4RkZkZEdiS0VabjZ4Y1YyWkR5TVdEYmxycHpUUmRyRHUtckh3czhBVndFSHUwMktwcnhlUnFWOFRUNzJLTEozTTZ6cXVmdTAwZkgzdG0wem9qc2o4cEhvUnF1ZjdUUUk3TWhwYlV3ZDEyeFY3cW1ha2QzZDVsVm9HclpSdDJmaWo5VjUwaDlubGkwbEt6aGtjQkE4TEtLMTA0OXhF?oc=5\" target=\"_blank\" rel=\"nofollow noopener\">Giro del Valle d\u2019Aosta: Henrique Bravo gana la cronoescalada inicial con Mateo Ram\u00edrez 3\u00b0 y Kevin Andr\u00e9s Estupi\u00f1\u00e1n 6\u00b0<\/a>&nbsp;&nbsp;Revista Mundo Cicl\u00edstico<\/li>\n<li><a href=\"https:\/\/news.google.com\/rss\/articles\/CBMiakFVX3lxTE85WUJacEJFRnhZRVVMSGtvRkR4OV9GZ05FTnNOYTJiVmRjMjZrWGk4Y25SRjJ3Zzl0eFJYcUZveF9tRVJZek9MamhoMXh1T05xbnRjRUNESS1OVHkwQzl3YWR0S0dkUEwwSHc?oc=5\" target=\"_blank\" rel=\"nofollow noopener\">Henrique Bravo gana la crono inaugural del Giro del Valle de Aosta 2026<\/a>&nbsp;&nbsp;Esciclismo<\/li>\n<li><a href=\"https:\/\/news.google.com\/rss\/articles\/CBMi4wFBVV95cUxQX1JpRjY2SldaTTlicndLdmlnV0pkWS1nelRaUHBOWFE1dlNqTHg1TnFPbW5wRzNCVk5DWHZ4M29HQUdqMlV5dGdkR3g4aXBLRENhLVU2OTRXQ25MeE9nbDJOZjVtMGlSRDIwS3l2aWk3emFvWi1Ra2NrRkpXVXRMMkZWd0c4UlpmMS1aU0NVM05QZkN2dElELTY3VVNBWkRyWEZ2N0FLN19pSzU1VEl6THdQejU5OGRfSkQxUXJtYTQ4djYtM3JSMlphZml3NlRwUzBVTndqQjVPZDVhSWdnb0lJTdIB6AFBVV95cUxPYmFrT1VyOUxTUzBRZ2EwQ05sNjNrNnV5Ry1wOHZnNEk5dW9IckJFU0Vibk9lN2N3SndDQjAxaEt3OUxUNnNjbjliUk1Bam1jSHlwaGNHSGNsZ050YTRZbC04M3dSMFBnTnU3NU9wNG82Rmx2aldFYXViaG1acmQzVWw0ODhiM0RWazJ2TE9LcUtwQ1o4TWFFVHdDNi10NlYwWG45UW9GTnRueko1SnFURkQwOEUwTGU0c3puQUY2QjNvWi1qdXpHVkdtRER3ODFodUV5MHl3aWdQM2VJOE9TcWJuT3RJM1pK?oc=5\" target=\"_blank\" rel=\"nofollow noopener\">Con un colombiano inicia el Giro del Valle d\u2019Aosta; Mateo Ram\u00edrez y Henrique Bravo aparecen como favoritos<\/a>&nbsp;&nbsp;Revista Mundo Cicl\u00edstico<\/li>\n<\/ol>\n","protected":false},"excerpt":{"rendered":"Giro del Valle de Aosta: Niels Driesen sorprende en la 2\u00aa etapa y Henrique Bravo conserva el liderato&nbsp;&nbsp;Esciclismo&hellip;\n","protected":false},"author":2,"featured_media":663360,"comment_status":"","ping_status":"","sticky":false,"template":"","format":"standard","meta":{"footnotes":""},"categories":[273],"tags":[2124,11953,313,1757,312,168,7368,121033,158,25,24,314,7957,10165,5215,60457,3745,57,23,167,2123,381],"class_list":["post-663359","post","type-post","status-publish","format-standard","has-post-thumbnail","category-ciclismo","tag-aosta","tag-belga","tag-ciclismo","tag-ciclista","tag-cycling","tag-deportes","tag-disputada","tag-driesen","tag-el","tag-es","tag-espana","tag-etapa","tag-giro","tag-impuesto","tag-kilometros","tag-niels","tag-segunda","tag-sobre","tag-spain","tag-sports","tag-valle","tag-viernes"],"share_on_mastodon":{"url":"https:\/\/pubeurope.com\/@es\/116936784153095518","error":""},"_links":{"self":[{"href":"https:\/\/www.europesays.com\/es\/wp-json\/wp\/v2\/posts\/663359","targetHints":{"allow":["GET"]}}],"collection":[{"href":"https:\/\/www.europesays.com\/es\/wp-json\/wp\/v2\/posts"}],"about":[{"href":"https:\/\/www.europesays.com\/es\/wp-json\/wp\/v2\/types\/post"}],"author":[{"embeddable":true,"href":"https:\/\/www.europesays.com\/es\/wp-json\/wp\/v2\/users\/2"}],"replies":[{"embeddable":true,"href":"https:\/\/www.europesays.com\/es\/wp-json\/wp\/v2\/comments?post=663359"}],"version-history":[{"count":0,"href":"https:\/\/www.europesays.com\/es\/wp-json\/wp\/v2\/posts\/663359\/revisions"}],"wp:featuredmedia":[{"embeddable":true,"href":"https:\/\/www.europesays.com\/es\/wp-json\/wp\/v2\/media\/663360"}],"wp:attachment":[{"href":"https:\/\/www.europesays.com\/es\/wp-json\/wp\/v2\/media?parent=663359"}],"wp:term":[{"taxonomy":"category","embeddable":true,"href":"https:\/\/www.europesays.com\/es\/wp-json\/wp\/v2\/categories?post=663359"},{"taxonomy":"post_tag","embeddable":true,"href":"https:\/\/www.europesays.com\/es\/wp-json\/wp\/v2\/tags?post=663359"}],"curies":[{"name":"wp","href":"https:\/\/api.w.org\/{rel}","templated":true}]}}