{"id":663368,"date":"2026-07-17T18:53:15","date_gmt":"2026-07-17T18:53:15","guid":{"rendered":"https:\/\/www.europesays.com\/es\/663368\/"},"modified":"2026-07-17T18:53:15","modified_gmt":"2026-07-17T18:53:15","slug":"la-cancion-mas-hermosa-de-radiohead-segun-thom-yorke","status":"publish","type":"post","link":"https:\/\/www.europesays.com\/es\/663368\/","title":{"rendered":"La canci\u00f3n m\u00e1s hermosa de Radiohead seg\u00fan Thom Yorke"},"content":{"rendered":"<p class=\"wp-block-paragraph\">Aunque el cat\u00e1logo de <strong>Radiohead <\/strong>est\u00e1 repleto de canciones fundamentales para el rock alternativo, <strong>Thom Yorke <\/strong>tiene claro cu\u00e1l considera la obra m\u00e1s lograda de la banda. En distintas ocasiones, el m\u00fasico brit\u00e1nico <strong>declar\u00f3 que \u00abHow to Disappear Completely\u00bb, incluida en <a href=\"https:\/\/indiehoy.com\/noticias\/el-mejor-disco-de-radiohead-segun-la-comunidad-indie-hoy\/\" target=\"_blank\" rel=\"noreferrer noopener nofollow\">Kid A<\/a> (2000), es \u00abla cosa m\u00e1s hermosa\u00bb que han hecho<\/strong>.<\/p>\n<p class=\"wp-block-paragraph\">Publicada en un disco que redefini\u00f3 el sonido de la agrupaci\u00f3n al incorporar elementos de la electr\u00f3nica, el ambient y la experimentaci\u00f3n, la canci\u00f3n sobresale por conservar un fuerte componente emocional. Construida sobre una delicada guitarra ac\u00fastica, el bajo de <strong>Colin Greenwood<\/strong> y una atm\u00f3sfera et\u00e9rea, la pieza se convirti\u00f3 en uno de los momentos m\u00e1s conmovedores del \u00e1lbum. <\/p>\n<p class=\"wp-block-paragraph\">Al ser consultado sobre el tema en una entrevista con la BBC, <a href=\"https:\/\/indiehoy.com\/historias\/la-cancion-mas-oscura-de-radiohead-segun-thom-yorke-no-hay-luz-al-final\/\" target=\"_blank\" rel=\"noreferrer noopener nofollow\">Yorke<\/a> no dud\u00f3 en reafirmar el lugar especial que ocupa en su repertorio: \u00ab<strong>Porque es la cosa m\u00e1s hermosa que hicimos, creo<\/strong>\u00ab, afirm\u00f3.<\/p>\n<p><img loading=\"lazy\" decoding=\"async\" width=\"1200\" height=\"800\" src=\"https:\/\/www.europesays.com\/es\/wp-content\/uploads\/2026\/07\/thom-yorke.jpg\" alt=\"Thom Yorke\" class=\"wp-image-773434\"  \/>Thom Yorke.<\/p>\n<p>La historia detr\u00e1s de la canci\u00f3n<\/p>\n<p class=\"wp-block-paragraph\">La historia detr\u00e1s de la composici\u00f3n tambi\u00e9n explica el v\u00ednculo del cantante con el tema. Yorke revel\u00f3 que la inspiraci\u00f3n surgi\u00f3 durante la gira de OK Computer, cuando el agotamiento f\u00edsico y mental lo llev\u00f3 al borde del colapso. \u00abEsa canci\u00f3n trata sobre todo el per\u00edodo en que estaba ocurriendo OK Computer. Hicimos Glastonbury y luego un concierto en Irlanda. Algo se quebr\u00f3 dentro de m\u00ed\u00bb, record\u00f3.<\/p>\n<p class=\"wp-block-paragraph\">En ese contexto de vulnerabilidad recurri\u00f3 a <a href=\"https:\/\/indiehoy.com\/historias\/el-mejor-disco-de-r-e-m-segun-michael-stipe-estoy-muy-orgulloso\/\" target=\"_blank\" rel=\"noreferrer noopener nofollow\">Michael Stipe, l\u00edder de R.E.M.<\/a>, quien le aconsej\u00f3 repetir una frase a modo de mantra: \u00abNo estoy aqu\u00ed, esto no est\u00e1 pasando\u00bb. Esas palabras terminaron convirti\u00e9ndose en el eje central de la letra y reflejaron el estado de desconexi\u00f3n que atravesaba el m\u00fasico.<\/p>\n<p class=\"wp-block-paragraph\">El propio Yorke explic\u00f3 que la composici\u00f3n naci\u00f3 de una experiencia casi on\u00edrica. \u00abSo\u00f1\u00e9 que flotaba por el r\u00edo Liffey y no hab\u00eda nada que pudiera hacer. Volaba sobre Dubl\u00edn y realmente estaba dentro del sue\u00f1o. Toda la canci\u00f3n trata sobre mis experiencias de realmente flotar\u00bb, se\u00f1al\u00f3. Esta idea qued\u00f3 plasmada en una pieza suspendida entre la fragilidad y la enso\u00f1aci\u00f3n, consolidada hoy como uno de los momentos m\u00e1s inspirados en la historia de Radiohead.<\/p>\n","protected":false},"excerpt":{"rendered":"Aunque el cat\u00e1logo de Radiohead est\u00e1 repleto de canciones fundamentales para el rock alternativo, Thom Yorke tiene claro&hellip;\n","protected":false},"author":2,"featured_media":663369,"comment_status":"","ping_status":"","sticky":false,"template":"","format":"standard","meta":{"footnotes":""},"categories":[170],"tags":[146,147,25,24,184,185,3529,23,21086],"class_list":["post-663368","post","type-post","status-publish","format-standard","has-post-thumbnail","category-musica","tag-entertainment","tag-entretenimiento","tag-es","tag-espana","tag-music","tag-musica","tag-radiohead","tag-spain","tag-thom-yorke"],"share_on_mastodon":{"url":"https:\/\/pubeurope.com\/@es\/116936835716054602","error":""},"_links":{"self":[{"href":"https:\/\/www.europesays.com\/es\/wp-json\/wp\/v2\/posts\/663368","targetHints":{"allow":["GET"]}}],"collection":[{"href":"https:\/\/www.europesays.com\/es\/wp-json\/wp\/v2\/posts"}],"about":[{"href":"https:\/\/www.europesays.com\/es\/wp-json\/wp\/v2\/types\/post"}],"author":[{"embeddable":true,"href":"https:\/\/www.europesays.com\/es\/wp-json\/wp\/v2\/users\/2"}],"replies":[{"embeddable":true,"href":"https:\/\/www.europesays.com\/es\/wp-json\/wp\/v2\/comments?post=663368"}],"version-history":[{"count":0,"href":"https:\/\/www.europesays.com\/es\/wp-json\/wp\/v2\/posts\/663368\/revisions"}],"wp:featuredmedia":[{"embeddable":true,"href":"https:\/\/www.europesays.com\/es\/wp-json\/wp\/v2\/media\/663369"}],"wp:attachment":[{"href":"https:\/\/www.europesays.com\/es\/wp-json\/wp\/v2\/media?parent=663368"}],"wp:term":[{"taxonomy":"category","embeddable":true,"href":"https:\/\/www.europesays.com\/es\/wp-json\/wp\/v2\/categories?post=663368"},{"taxonomy":"post_tag","embeddable":true,"href":"https:\/\/www.europesays.com\/es\/wp-json\/wp\/v2\/tags?post=663368"}],"curies":[{"name":"wp","href":"https:\/\/api.w.org\/{rel}","templated":true}]}}