{"id":663390,"date":"2026-07-17T19:08:15","date_gmt":"2026-07-17T19:08:15","guid":{"rendered":"https:\/\/www.europesays.com\/es\/663390\/"},"modified":"2026-07-17T19:08:15","modified_gmt":"2026-07-17T19:08:15","slug":"la-marea-de-ciclistas-que-recorre-el-mundo-en-defensa-del-clima-hace-parada-en-vitoria","status":"publish","type":"post","link":"https:\/\/www.europesays.com\/es\/663390\/","title":{"rendered":"La marea de ciclistas que recorre el mundo en defensa del clima hace parada en Vitoria"},"content":{"rendered":"<p style=\"\">Una marea de ciclistas \u2013la COP31 Bike Ride\u2013 est\u00e1 recorriendo el mundo. Lo hacen desde finales de junio, desde Brasil, y pedalear\u00e1n sin descanso hasta  &#8230; llegar a Turqu\u00eda el pr\u00f3ximo noviembre. En estos meses atravesar\u00e1n Europa y Oriente Medio direcci\u00f3n a la 31\u00aa Conferencia de las Naciones Unidas sobre el Clima conectando comunidades locales, ayuntamientos y organizaciones con el objetivo de visibilizar el enorme potencial de la bicicleta como herramienta de transformaci\u00f3n social, ambiental y clim\u00e1tica. <\/p>\n<p class=\"v-d-p\" style=\"\">Al itinerario principal \u2013que incluye paradas en Portugal, Espa\u00f1a, Francia, Italia, Croacia, Serbia, Ruman\u00eda, Bulgaria y Turqu\u00eda\u2013 se han unido otra decena de rutas locales, como la que ha salido desde Vitoria este viernes. Y es que desde nuestro territorio, la asociaci\u00f3n Bizikleteroak ha querido que Euskadi, Navarra y el Pa\u00eds Vasco franc\u00e9s estuvieran tambi\u00e9n presentes en esta iniciativa popular. <\/p>\n<p class=\"v-d-p\" style=\"\">Salieron desde Bilbao el mi\u00e9rcoles y har\u00e1n parada en una veintena de localidades. En cada una de ellas, se reunir\u00e1n con las instituciones locales para presentarles las 10 propuestas para reducir las emisiones de carbono. En la capital alavesa, todos los partidos pol\u00edticos municipales y el diputado foral de Movilidad, Jon Nogales, han firmado el testigo como prueba de su compromiso. <\/p>\n<p class=\"v-d-p\" style=\"\">\u00abAbogamos por una transici\u00f3n energ\u00e9tica justa que mejore la salud y el bienestar de las personas, adem\u00e1s de la mejora de la calidad del aire o la creaci\u00f3n de estilos de vida m\u00e1s saludables\u00bb, ha defendido la alcaldesa, Maider Etxebarria. En el mismo sentido, ha coincidido Nogales, es necesario que haya medidas que traduzcan los debates en hechos\u00bb. Y como detalle para afrontar la traves\u00eda, el ente foral les ha hecho entrega de una bolsa con material informativo de las posibilidades ciclistas del territorio y una banda reflectante, as\u00ed como una capa para la lluvia por parte del Ayuntamiento. <\/p>\n<p class=\"v-d-p\" style=\"\">El camino de esta veintena de ciclistas terminar\u00e1 en el municipio franc\u00e9s de Colombiers, el d\u00eda 5 de agosto, despu\u00e9s de haber recorrido 981 kil\u00f3metros. Pedro Vallejo, portavoz del grupo, ser\u00e1 el encargado de pasar ese documento lleno de firmas al grupo principal, hasta que alcance la Conferencia. \u00abEs una iniciativa que lleva dos a\u00f1os en marcha, y no vamos a parar\u00bb.<\/p>\n","protected":false},"excerpt":{"rendered":"Una marea de ciclistas \u2013la COP31 Bike Ride\u2013 est\u00e1 recorriendo el mundo. Lo hacen desde finales de junio,&hellip;\n","protected":false},"author":2,"featured_media":663391,"comment_status":"","ping_status":"","sticky":false,"template":"","format":"standard","meta":{"footnotes":""},"categories":[273],"tags":[313,2838,16341,312,1616,168,25,24,29133,3013,5997,13054,23,167,2177],"class_list":["post-663390","post","type-post","status-publish","format-standard","has-post-thumbnail","category-ciclismo","tag-ciclismo","tag-ciclistas","tag-clima","tag-cycling","tag-defensa","tag-deportes","tag-es","tag-espana","tag-marea","tag-mundo","tag-parada","tag-recorre","tag-spain","tag-sports","tag-vitoria"],"share_on_mastodon":{"url":"https:\/\/pubeurope.com\/@es\/116936894488602406","error":""},"_links":{"self":[{"href":"https:\/\/www.europesays.com\/es\/wp-json\/wp\/v2\/posts\/663390","targetHints":{"allow":["GET"]}}],"collection":[{"href":"https:\/\/www.europesays.com\/es\/wp-json\/wp\/v2\/posts"}],"about":[{"href":"https:\/\/www.europesays.com\/es\/wp-json\/wp\/v2\/types\/post"}],"author":[{"embeddable":true,"href":"https:\/\/www.europesays.com\/es\/wp-json\/wp\/v2\/users\/2"}],"replies":[{"embeddable":true,"href":"https:\/\/www.europesays.com\/es\/wp-json\/wp\/v2\/comments?post=663390"}],"version-history":[{"count":0,"href":"https:\/\/www.europesays.com\/es\/wp-json\/wp\/v2\/posts\/663390\/revisions"}],"wp:featuredmedia":[{"embeddable":true,"href":"https:\/\/www.europesays.com\/es\/wp-json\/wp\/v2\/media\/663391"}],"wp:attachment":[{"href":"https:\/\/www.europesays.com\/es\/wp-json\/wp\/v2\/media?parent=663390"}],"wp:term":[{"taxonomy":"category","embeddable":true,"href":"https:\/\/www.europesays.com\/es\/wp-json\/wp\/v2\/categories?post=663390"},{"taxonomy":"post_tag","embeddable":true,"href":"https:\/\/www.europesays.com\/es\/wp-json\/wp\/v2\/tags?post=663390"}],"curies":[{"name":"wp","href":"https:\/\/api.w.org\/{rel}","templated":true}]}}