{"id":66343,"date":"2025-08-23T06:46:06","date_gmt":"2025-08-23T06:46:06","guid":{"rendered":"https:\/\/www.europesays.com\/es\/66343\/"},"modified":"2025-08-23T06:46:06","modified_gmt":"2025-08-23T06:46:06","slug":"el-menorca-confirma-las-salidas-de-ivanov-lukovic-y-llorente","status":"publish","type":"post","link":"https:\/\/www.europesays.com\/es\/66343\/","title":{"rendered":"El Menorca confirma las salidas de Ivanov, Lukovic y Llorente"},"content":{"rendered":"<p>El <strong><a href=\"https:\/\/www.menorca.info\/etiqueta\/Hestia+Menorca.html?utm_source=Inline-tag&amp;utm_medium=internal\" rel=\"nofollow noopener\" target=\"_blank\">Hestia Menorca<\/a><\/strong> confirm\u00f3 en la ma\u00f1ana de este viernes la<strong> no continuidad en el club<\/strong> de varios nombres por cuya continuidad nadie apostaba de cara al proyecto 2026; el escolta b\u00falgaro<strong> Pavlin Ivanov<\/strong>, el ala-p\u00edvot balc\u00e1nico<strong> Marko Lukovic<\/strong> y el base madrile\u00f1o <strong>Sergio Llorente<\/strong>.<\/p>\n<p>El club que preside Oriol Segura <strong>\u00abagradece\u00bb a sus ya tres exjugadores el \u00abcompromiso y profesionalidad\u00bb<\/strong> que han mostrado en su etapa en la Isla.<\/p>\n<p>Ivanov particip\u00f3 el pasado curso en <strong>34 partidos de liga con el Hestia Menorca<\/strong>, donde promedi\u00f3 9 puntos y 4.6 cr\u00e9ditos de valoraci\u00f3n en casi 27 minutos por partido. <strong>Lukovic, por su parte, intervino en 26 encuentros<\/strong> de <a href=\"https:\/\/www.menorca.info\/etiqueta\/Primera+FEB.html?utm_source=Inline-tag&amp;utm_medium=internal\" rel=\"nofollow noopener\" target=\"_blank\">Primera FEB<\/a> (se perdi\u00f3 ocho por lesi\u00f3n), en los que acredit\u00f3 10,4 puntos, 4,3 rebotes y 9,1 de nota en 24 minutos por cita.<\/p>\n<p><strong>Sergio Llorente lleg\u00f3 con la temporada 2025 empezada, jug\u00f3 13 partidos<\/strong> y firm\u00f3 dos puntos y 1,6 asistencias en casi 11 minutos por jornada.<\/p>\n","protected":false},"excerpt":{"rendered":"El Hestia Menorca confirm\u00f3 en la ma\u00f1ana de este viernes la no continuidad en el club de varios&hellip;\n","protected":false},"author":2,"featured_media":66344,"comment_status":"","ping_status":"","sticky":false,"template":"","format":"standard","meta":{"footnotes":""},"categories":[269],"tags":[299,13146,298,168,25,24,4078,3917,23,167],"class_list":{"0":"post-66343","1":"post","2":"type-post","3":"status-publish","4":"format-standard","5":"has-post-thumbnail","7":"category-baloncesto","8":"tag-baloncesto","9":"tag-baloncesto-en-menorca","10":"tag-basketball","11":"tag-deportes","12":"tag-es","13":"tag-espana","14":"tag-hestia-menorca","15":"tag-primera-feb","16":"tag-spain","17":"tag-sports"},"share_on_mastodon":{"url":"","error":""},"_links":{"self":[{"href":"https:\/\/www.europesays.com\/es\/wp-json\/wp\/v2\/posts\/66343","targetHints":{"allow":["GET"]}}],"collection":[{"href":"https:\/\/www.europesays.com\/es\/wp-json\/wp\/v2\/posts"}],"about":[{"href":"https:\/\/www.europesays.com\/es\/wp-json\/wp\/v2\/types\/post"}],"author":[{"embeddable":true,"href":"https:\/\/www.europesays.com\/es\/wp-json\/wp\/v2\/users\/2"}],"replies":[{"embeddable":true,"href":"https:\/\/www.europesays.com\/es\/wp-json\/wp\/v2\/comments?post=66343"}],"version-history":[{"count":0,"href":"https:\/\/www.europesays.com\/es\/wp-json\/wp\/v2\/posts\/66343\/revisions"}],"wp:featuredmedia":[{"embeddable":true,"href":"https:\/\/www.europesays.com\/es\/wp-json\/wp\/v2\/media\/66344"}],"wp:attachment":[{"href":"https:\/\/www.europesays.com\/es\/wp-json\/wp\/v2\/media?parent=66343"}],"wp:term":[{"taxonomy":"category","embeddable":true,"href":"https:\/\/www.europesays.com\/es\/wp-json\/wp\/v2\/categories?post=66343"},{"taxonomy":"post_tag","embeddable":true,"href":"https:\/\/www.europesays.com\/es\/wp-json\/wp\/v2\/tags?post=66343"}],"curies":[{"name":"wp","href":"https:\/\/api.w.org\/{rel}","templated":true}]}}