{"id":66351,"date":"2025-08-23T06:51:11","date_gmt":"2025-08-23T06:51:11","guid":{"rendered":"https:\/\/www.europesays.com\/es\/66351\/"},"modified":"2025-08-23T06:51:11","modified_gmt":"2025-08-23T06:51:11","slug":"rtve-lanza-el-primer-trailer-de-sin-gluten-su-nueva-serie-protagonizada-por-diego-martin","status":"publish","type":"post","link":"https:\/\/www.europesays.com\/es\/66351\/","title":{"rendered":"RTVE lanza el primer tr\u00e1iler de &#8216;Sin gluten&#8217;, su nueva serie protagonizada por Diego Mart\u00edn"},"content":{"rendered":"<p class=\"article-text\">\n        <strong>La 1<\/strong> ha estrenado este viernes el tr\u00e1iler de <strong>Sin gluten<\/strong>, su nueva serie \u201c\u00e1gil, fresca y gamberra\u201d protagonizada por <strong>Diego Mart\u00edn<\/strong>.\n    <\/p>\n<p>    <a href=\"https:\/\/www.eldiario.es\/videos\/trailers-y-avances\/hbo-max-lanza-teaser-muestra-primeras-imagenes-temporada-2-the-pitt_7_12551313.html\" data-mrf-recirculation=\"saber-mas\" data-dl-event=\"saber-mas\" rel=\"nofollow noopener\" target=\"_blank\"><\/p>\n<p class=\"know-more__title\">HBO Max lanza teaser y muestra las primeras im\u00e1genes de la temporada 2 de &#8216;The Pitt&#8217;<\/p>\n<p>            <img decoding=\"async\" class=\"lazy\" loading=\"lazy\" data-src=\"https:\/\/static.eldiario.es\/clip\/4feccbd6-5665-4378-8ef4-f82100bbca35_16-9-aspect-ratio_default_0.jpg\" src=\"data:image\/svg+xml,%3Csvg xmlns=\" http:=\"\" viewbox=\"0 0 880 495\" alt=\"HBO Max lanza teaser y muestra las primeras im\u00e1genes de la temporada 2 de 'The Pitt'\"\/><\/p>\n<p>                            <img decoding=\"async\" class=\"ni-multimedia\" src=\"https:\/\/www.eldiario.es\/assets\/img\/svg\/icons\/gallery-video.h-2e826467718e0ad0cb33a0bdb174f603.svg\" alt=\"HBO Max lanza teaser y muestra las primeras im\u00e1genes de la temporada 2 de 'The Pitt'\"\/><br \/>\n                        <\/a><\/p>\n<p class=\"article-text\">\n        La acci\u00f3n de esta comedia transcurre en una escuela de cocina y desde ella se abordan con humor temas como la redenci\u00f3n, la inclusi\u00f3n social y las segundas oportunidades.\n    <\/p>\n<p class=\"article-text\">\n        El reparto de Sin gluten lo componen <strong>Adam Jezierski<\/strong>, <strong>Alicia Rubio<\/strong>, <strong>I\u00f1aki Ardanaz<\/strong>, <strong>Teresa Cuesta<\/strong> y <strong>Antonio Resines<\/strong>, con la colaboraci\u00f3n especial de <strong>Marta Fern\u00e1ndez Muro<\/strong> y <strong>Fernando Tejero<\/strong>, junto a nuevos talentos como <strong>Paula Muriana<\/strong>,<strong> Najwa Khliwa<\/strong>, <strong>Lucas Miram\u00f3n<\/strong>, <strong>Daniel Triana<\/strong> y <strong>Tadeo Mas\u00f3<\/strong>.\n    <\/p>\n<p class=\"article-text\">\n        La serie cuenta con la producci\u00f3n de RTVE, Onza y Amazon Prime Video. Sus creadores son <strong>Araceli \u00c1lvarez de Sotomayor<\/strong> \u2013guionista de La que se avecina, Machos Alfa y Muertos SL\u2013, <strong>Javier Aguayo<\/strong> y <strong>Germ\u00e1n Aparicio<\/strong>.\n    <\/p>\n<p class=\"article-text\">\n        Sin gluten todav\u00eda no tiene <strong>fecha de estreno<\/strong> pero llegar\u00e1 \u201cmuy pronto\u201d a La 1.\n    <\/p>\n<p>    Sinopsis de &#8216;Sin gluten&#8217;<\/p>\n<p class=\"article-text\">\n        Sin gluten es una historia intergeneracional donde los fogones se convierten en escenario de transformaci\u00f3n personal. Diego Mart\u00edn interpreta a un chef ca\u00eddo en desgracia por culpa de su adicci\u00f3n al alcohol que tendr\u00e1 que reinventarse como profesor en un centro de formaci\u00f3n para personas en riesgo de exclusi\u00f3n social. A trav\u00e9s de sus clases, los personajes descubrir\u00e1n no solo los secretos de la cocina, sino tambi\u00e9n los ingredientes necesarios para reconstruir sus vidas.\n    <\/p>\n<p>    <a href=\"https:\/\/www.eldiario.es\/vertele\/series\/15-series-semana-lunes-18-domingo-24-agosto-2025-doblete-caballero-la-que-se-avecina-muertos-regresos-pacificador-phineas-ferb_1_12546249.html\" data-mrf-recirculation=\"saber-mas-abajo\" data-dl-event=\"saber-mas-abajo\" rel=\"nofollow noopener\" target=\"_blank\"><\/p>\n<p class=\"know-more__title\">Las 15 series de la semana hacen &#8216;doblete Caballero&#8217; y traen regresos como &#8216;El Pacificador&#8217; y &#8216;Phineas y Ferb&#8217;<\/p>\n<p>            <img decoding=\"async\" class=\"lazy\" loading=\"lazy\" data-src=\"https:\/\/static.eldiario.es\/clip\/3d532e76-b44c-4ef2-8f52-74c4dc81a2ff_16-9-aspect-ratio_default_0.jpg\" src=\"data:image\/svg+xml,%3Csvg xmlns=\" http:=\"\" viewbox=\"0 0 880 495\" alt=\"Las 15 series de la semana hacen 'doblete Caballero' y traen regresos como 'El Pacificador' y 'Phineas y Ferb'\"\/><\/p>\n<p>                        <\/a><\/p>\n<p class=\"article-text\">\n        La serie combina humor, amor, ternura y diversidad de edades y culturas, aporta frescura y aspira a captar nuevos p\u00fablicos. Sus divertidas tramas muestran perfiles que podemos encontrar en la vida cotidiana: una representaci\u00f3n de la sociedad en la que vivimos con una gran diversidad de culturas y edades.\n    <\/p>\n","protected":false},"excerpt":{"rendered":"La 1 ha estrenado este viernes el tr\u00e1iler de Sin gluten, su nueva serie \u201c\u00e1gil, fresca y gamberra\u201d&hellip;\n","protected":false},"author":2,"featured_media":66352,"comment_status":"","ping_status":"","sticky":false,"template":"","format":"standard","meta":{"footnotes":""},"categories":[171],"tags":[1014,26941,146,147,25,24,26940,1440,26938,26937,23,26939,214,2338],"class_list":{"0":"post-66351","1":"post","2":"type-post","3":"status-publish","4":"format-standard","5":"has-post-thumbnail","7":"category-tv","8":"tag-actores","9":"tag-diego-martin","10":"tag-entertainment","11":"tag-entretenimiento","12":"tag-es","13":"tag-espana","14":"tag-fecha-estreno","15":"tag-protagonista","16":"tag-serie-rtve","17":"tag-sin-gluten","18":"tag-spain","19":"tag-trialer","20":"tag-tv","21":"tag-video"},"share_on_mastodon":{"url":"","error":""},"_links":{"self":[{"href":"https:\/\/www.europesays.com\/es\/wp-json\/wp\/v2\/posts\/66351","targetHints":{"allow":["GET"]}}],"collection":[{"href":"https:\/\/www.europesays.com\/es\/wp-json\/wp\/v2\/posts"}],"about":[{"href":"https:\/\/www.europesays.com\/es\/wp-json\/wp\/v2\/types\/post"}],"author":[{"embeddable":true,"href":"https:\/\/www.europesays.com\/es\/wp-json\/wp\/v2\/users\/2"}],"replies":[{"embeddable":true,"href":"https:\/\/www.europesays.com\/es\/wp-json\/wp\/v2\/comments?post=66351"}],"version-history":[{"count":0,"href":"https:\/\/www.europesays.com\/es\/wp-json\/wp\/v2\/posts\/66351\/revisions"}],"wp:featuredmedia":[{"embeddable":true,"href":"https:\/\/www.europesays.com\/es\/wp-json\/wp\/v2\/media\/66352"}],"wp:attachment":[{"href":"https:\/\/www.europesays.com\/es\/wp-json\/wp\/v2\/media?parent=66351"}],"wp:term":[{"taxonomy":"category","embeddable":true,"href":"https:\/\/www.europesays.com\/es\/wp-json\/wp\/v2\/categories?post=66351"},{"taxonomy":"post_tag","embeddable":true,"href":"https:\/\/www.europesays.com\/es\/wp-json\/wp\/v2\/tags?post=66351"}],"curies":[{"name":"wp","href":"https:\/\/api.w.org\/{rel}","templated":true}]}}