{"id":66359,"date":"2025-08-23T06:56:14","date_gmt":"2025-08-23T06:56:14","guid":{"rendered":"https:\/\/www.europesays.com\/es\/66359\/"},"modified":"2025-08-23T06:56:14","modified_gmt":"2025-08-23T06:56:14","slug":"sin-cobertura-cuidado-con-lo-que-deseas-podrias-acabar-en-la-edad-media","status":"publish","type":"post","link":"https:\/\/www.europesays.com\/es\/66359\/","title":{"rendered":"\u00abSin cobertura\u00bb Cuidado con lo que deseas\u2026 podr\u00edas acabar en la Edad Media"},"content":{"rendered":"<p><a class=\"v-mdl-ath__fig-a\" href=\"https:\/\/www.diariosur.es\/autor\/jose-maria-marin-1245.html\" title=\"Jos\u00e9 Mar\u00eda Mar\u00edn\" rel=\"nofollow noopener\" target=\"_blank\"><br \/>\n<img decoding=\"async\" class=\"v-mdl-ath__img\" src=\"https:\/\/www.europesays.com\/es\/wp-content\/uploads\/2025\/08\/autor-1245-foto-2.jpeg\" alt=\"Jos\u00e9 Mar\u00eda Mar\u00edn\"\/><br \/>\n<\/a><\/p>\n<p class=\"v-mdl-ath__p v-mdl-ath__p--6\">\nViernes, 22 de agosto 2025, 15:00<\/p>\n<p><img decoding=\"async\" loading=\"lazy\" src=\"https:\/\/www.europesays.com\/es\/wp-content\/uploads\/2025\/08\/pelicula-fotograma-4167-mini.jpg\" class=\"v-a-img\" width=\"366\" height=\"206\" alt=\"\"\/><\/p>\n<p class=\"v-p\"><strong>Sinopsis:<\/strong> Rita est\u00e1 cansada de ser invisible para sus padres y hermanos, siempre enganchados al m\u00f3vil. Durante una visita al pueblo de su abuela,  &#8230; una enigm\u00e1tica pitonisa le concede un deseo imposible: que los tel\u00e9fonos desaparezcan. Y el milagro ocurre&#8217; aunque no como ella esperaba. Una espesa niebla envuelve a la familia y, de repente, se despiertan en plena Edad Media, en un pueblo feudal durante la Reconquista. Sin tecnolog\u00eda, rodeados de caballeros y campesinos, Rita y los suyos deber\u00e1n aprender a sobrevivir y encontrar la manera de regresar a su tiempo antes de quedar atrapados para siempre en el pasado.<\/p>\n<p class=\"v-p\"><strong>Director:<\/strong> Mar Olid<\/p>\n<p class=\"v-p\"><strong>Gui\u00f3n:<\/strong> Olatz Arroyo<\/p>\n<p class=\"v-p\"><strong>Reparto principal:<\/strong> Alexandra Jim\u00e9nez, Ernesto Sevilla, Luna Fulgencio, Amaia Miranda, Aimar Miranda, Luis Callejo, Pepe Viyuela, Salva Reina, Carmen Ruiz, Joaqu\u00edn Reyes<\/p>\n<p class=\"v-crt__t\"> L\u00edmite de sesiones alcanzadas<\/p>\n<p class=\"v-crt__p\">El acceso al contenido Premium est\u00e1 abierto por cortes\u00eda del establecimiento donde te encuentras, pero ahora mismo hay demasiados usuarios conectados a las vez.<\/p>\n<p class=\"v-crt__p\">Por favor, int\u00e9ntalo pasados unos minutos.<\/p>\n<p>\nVolver a intentar\n<\/p>\n<p class=\"v-crt__t\">Sesi\u00f3n cerrada<\/p>\n<p class=\"v-crt__p\">Al iniciar sesi\u00f3n desde un dispositivo distinto, por seguridad, se cerr\u00f3 la \u00faltima sesi\u00f3n en este.<\/p>\n<p class=\"v-crt__p\">Para continuar disfrutando de su suscripci\u00f3n digital, inicie sesi\u00f3n en este dispositivo.<\/p>\n<p>\nEste contenido es exclusivo para suscriptores\n<\/p>\n<p>Comenta<\/p>\n<p>Reporta un error<\/p>\n","protected":false},"excerpt":{"rendered":"Viernes, 22 de agosto 2025, 15:00 Sinopsis: Rita est\u00e1 cansada de ser invisible para sus padres y hermanos,&hellip;\n","protected":false},"author":2,"featured_media":66360,"comment_status":"","ping_status":"","sticky":false,"template":"","format":"standard","meta":{"footnotes":""},"categories":[91],"tags":[19373,146,147,25,24,21463,11832,10005,26943,23,183],"class_list":{"0":"post-66359","1":"post","2":"type-post","3":"status-publish","4":"format-standard","5":"has-post-thumbnail","7":"category-entretenimiento","8":"tag-cobertura","9":"tag-entertainment","10":"tag-entretenimiento","11":"tag-es","12":"tag-espana","13":"tag-necesitas","14":"tag-reparto","15":"tag-saber","16":"tag-sinopsis","17":"tag-spain","18":"tag-trailer"},"share_on_mastodon":{"url":"","error":""},"_links":{"self":[{"href":"https:\/\/www.europesays.com\/es\/wp-json\/wp\/v2\/posts\/66359","targetHints":{"allow":["GET"]}}],"collection":[{"href":"https:\/\/www.europesays.com\/es\/wp-json\/wp\/v2\/posts"}],"about":[{"href":"https:\/\/www.europesays.com\/es\/wp-json\/wp\/v2\/types\/post"}],"author":[{"embeddable":true,"href":"https:\/\/www.europesays.com\/es\/wp-json\/wp\/v2\/users\/2"}],"replies":[{"embeddable":true,"href":"https:\/\/www.europesays.com\/es\/wp-json\/wp\/v2\/comments?post=66359"}],"version-history":[{"count":0,"href":"https:\/\/www.europesays.com\/es\/wp-json\/wp\/v2\/posts\/66359\/revisions"}],"wp:featuredmedia":[{"embeddable":true,"href":"https:\/\/www.europesays.com\/es\/wp-json\/wp\/v2\/media\/66360"}],"wp:attachment":[{"href":"https:\/\/www.europesays.com\/es\/wp-json\/wp\/v2\/media?parent=66359"}],"wp:term":[{"taxonomy":"category","embeddable":true,"href":"https:\/\/www.europesays.com\/es\/wp-json\/wp\/v2\/categories?post=66359"},{"taxonomy":"post_tag","embeddable":true,"href":"https:\/\/www.europesays.com\/es\/wp-json\/wp\/v2\/tags?post=66359"}],"curies":[{"name":"wp","href":"https:\/\/api.w.org\/{rel}","templated":true}]}}