{"id":663619,"date":"2026-07-17T22:07:27","date_gmt":"2026-07-17T22:07:27","guid":{"rendered":"https:\/\/www.europesays.com\/es\/663619\/"},"modified":"2026-07-17T22:07:27","modified_gmt":"2026-07-17T22:07:27","slug":"medios-franceses-dan-por-hecho-el-nuevo-giro-respecto-al-futuro-de-michael-olise-es-el-real-madrid-o-nada-futbol","status":"publish","type":"post","link":"https:\/\/www.europesays.com\/es\/663619\/","title":{"rendered":"Medios franceses dan por hecho el nuevo giro respecto al futuro de Michael Olise: \u00abEs el Real Madrid o nada\u00bb | F\u00fatbol"},"content":{"rendered":"<p>Desde Francia ya no se cortan \u00abun pelo\u00bb con el futuro de Michael Olise. El extremo franc\u00e9s quiere seguir creciendo a nivel futbol\u00edstico, pero en un club que no es el Bayern de M\u00fanich, con el que tiene contrato en vigor hasta el a\u00f1o 2029. Porque el delantero franc\u00e9s tiene claro que quiere vestir la camiseta del Real Madrid. Tal y como ha dicho el diario deportivo L&#8217;\u00c9quipe y ha comentado Andr\u00e9s Onrubia en SER Deportivos de la Cadena SER. <\/p>\n<p>M\u00e1s informaci\u00f3n<\/p>\n<p>A pesar de las <a href=\"https:\/\/cadenaser.com\/nacional\/2026\/06\/29\/el-presidente-del-bayern-advierte-al-real-madrid-florentino-puede-ahorrarse-cualquier-esfuerzo-por-olise-cadena-ser\/\" target=\"_blank\" rel=\"noreferrer nofollow noopener\" title=\"https:\/\/cadenaser.com\/nacional\/2026\/06\/29\/el-presidente-del-bayern-advierte-al-real-madrid-florentino-puede-ahorrarse-cualquier-esfuerzo-por-olise-cadena-ser\/\">constantes negativas del club alem\u00e1n con respecto al movimiento de Olise al club blanco<\/a> y el <a href=\"https:\/\/cadenaser.com\/nacional\/2026\/06\/20\/el-real-madrid-niega-contactos-con-michael-olise-y-tiende-puentes-con-el-bayern-de-munich-cadena-ser\/\" target=\"_blank\" rel=\"noreferrer nofollow noopener\" title=\"https:\/\/cadenaser.com\/nacional\/2026\/06\/20\/el-real-madrid-niega-contactos-con-michael-olise-y-tiende-puentes-con-el-bayern-de-munich-cadena-ser\/\">comunicado realizado por el Real Madrid al respecto<\/a>, el jugador franc\u00e9s sigue en su idea de fichar por el Real Madrid. \u00abYa no es que no se corten con el inter\u00e9s del Real Madrid, es que literalmente han dicho en L&#8217;\u00c9quipe que Michael Olis ha confesado a varios compa\u00f1eros de selecci\u00f3n, entre ellos a Upamecano, a quien le ha dicho que quiere irse al Real Madrid\u00bb, ha comentado el periodista. Adem\u00e1s, el peri\u00f3dico franc\u00e9s dice que \u00abUpamecano avis\u00f3 al Bayern para alertarles de esto\u00bb. Pero aun as\u00ed, \u00abel jugador ya tiene tomada su decisi\u00f3n\u00bb. <\/p>\n<p>Olise lo tiene claro<\/p>\n<p>Aun con contrato para las pr\u00f3ximas tres temporadas con el club alem\u00e1n, Michael Olise ha comunicado tanto a su familia como a su entorno su decisi\u00f3n de querer irse al club de las 15 Champions Leagues. Pero no solo eso, sino que adem\u00e1s \u00abha preguntado a Mbapp\u00e9 y a Tchouam\u00e9ni para informarse sobre el club blanco\u00bb. <\/p>\n<p>    <img decoding=\"async\" src=\"https:\/\/www.europesays.com\/es\/wp-content\/uploads\/2026\/07\/1784326047_629_app-ser-4.png\" alt=\"Nueva APP de Cadena SER\" loading=\"lazy\" width=\"109\" height=\"82\"\/><\/p>\n<p>Descubre la nueva app de Cadena\u00a0SER<br \/>\n        Te ofrecemos una mejor experiencia de audio y video\n    <\/p>\n<p>    <a href=\"https:\/\/trackingcodes.prisamedia.com\/ser.html?utm_campaign=app-include-articulo&amp;utm_source=web\" class=\"p-a-fa-b\" rel=\"nofollow noopener\" target=\"_blank\">Descargar<\/a><\/p>\n<p>Seg\u00fan ha dicho L&#8217;\u00c9quipe, el delantero franc\u00e9s \u00abno va a escuchar ninguna propuesta m\u00e1s ni de la Premier, ni de otro equipo. Es el Real Madrid o nada\u00bb. Porque Olise lo tiene claro, \u00e9l quiere \u00absalir del Bayern de M\u00fanich este verano\u00bb y adem\u00e1s considera que \u00abuna oportunidad como la del Real Madrid, al que cree el mejor del mundo, solo pasa una vez en la vida\u00bb, tal y como ha comentado Andr\u00e9s Onrubia en SER Deportivos y public\u00f3 el medio franc\u00e9s. <\/p>\n<p>Un culebr\u00f3n que sigue al rojo vivo y en el que ahora mismo la \u00abpelota est\u00e1 en el tejado del Real Madrid\u00bb, seg\u00fan informa L&#8217;\u00c9quipe, que a\u00f1ade que si este movimiento se produce, rondar\u00eda unas \u00abcifras de r\u00e9cord por su traspaso\u00bb.<\/p>\n","protected":false},"excerpt":{"rendered":"Desde Francia ya no se cortan \u00abun pelo\u00bb con el futuro de Michael Olise. El extremo franc\u00e9s quiere&hellip;\n","protected":false},"author":2,"featured_media":663620,"comment_status":"","ping_status":"","sticky":false,"template":"","format":"standard","meta":{"footnotes":""},"categories":[5],"tags":[117342,17,18,121074,25,24,13,14,280,51598,121075,11,19,20,9,10,15,16,54973,60255,20117,16388,23,12,21,22],"class_list":["post-663619","post","type-post","status-publish","format-standard","has-post-thumbnail","category-titulares","tag-att-stadium","tag-breaking-news","tag-breakingnews","tag-dallas-stadium","tag-es","tag-espana","tag-featured-news","tag-featurednews","tag-football","tag-football-player","tag-france-spain","tag-headlines","tag-latest-news","tag-latestnews","tag-news","tag-noticias","tag-noticias-destacadas","tag-noticiasdestacadas","tag-professional-player","tag-professional-sport","tag-semi-final","tag-semifinal","tag-spain","tag-titulares","tag-ultimas-noticias","tag-ultimasnoticias"],"share_on_mastodon":{"url":"https:\/\/pubeurope.com\/@es\/116937599154739948","error":""},"_links":{"self":[{"href":"https:\/\/www.europesays.com\/es\/wp-json\/wp\/v2\/posts\/663619","targetHints":{"allow":["GET"]}}],"collection":[{"href":"https:\/\/www.europesays.com\/es\/wp-json\/wp\/v2\/posts"}],"about":[{"href":"https:\/\/www.europesays.com\/es\/wp-json\/wp\/v2\/types\/post"}],"author":[{"embeddable":true,"href":"https:\/\/www.europesays.com\/es\/wp-json\/wp\/v2\/users\/2"}],"replies":[{"embeddable":true,"href":"https:\/\/www.europesays.com\/es\/wp-json\/wp\/v2\/comments?post=663619"}],"version-history":[{"count":0,"href":"https:\/\/www.europesays.com\/es\/wp-json\/wp\/v2\/posts\/663619\/revisions"}],"wp:featuredmedia":[{"embeddable":true,"href":"https:\/\/www.europesays.com\/es\/wp-json\/wp\/v2\/media\/663620"}],"wp:attachment":[{"href":"https:\/\/www.europesays.com\/es\/wp-json\/wp\/v2\/media?parent=663619"}],"wp:term":[{"taxonomy":"category","embeddable":true,"href":"https:\/\/www.europesays.com\/es\/wp-json\/wp\/v2\/categories?post=663619"},{"taxonomy":"post_tag","embeddable":true,"href":"https:\/\/www.europesays.com\/es\/wp-json\/wp\/v2\/tags?post=663619"}],"curies":[{"name":"wp","href":"https:\/\/api.w.org\/{rel}","templated":true}]}}