{"id":663687,"date":"2026-07-17T22:59:10","date_gmt":"2026-07-17T22:59:10","guid":{"rendered":"https:\/\/www.europesays.com\/es\/663687\/"},"modified":"2026-07-17T22:59:10","modified_gmt":"2026-07-17T22:59:10","slug":"tour-de-francia-juan-ayuso-pidcock-es-un-rival-duro-esciclismo","status":"publish","type":"post","link":"https:\/\/www.europesays.com\/es\/663687\/","title":{"rendered":"Tour de Francia: Juan Ayuso: &quot;Pidcock es un rival duro&quot; &#8211; Esciclismo"},"content":{"rendered":"<ol>\n<li><a href=\"https:\/\/news.google.com\/rss\/articles\/CBMiakFVX3lxTE1iWDZKNDFRbGo3aml1MHExbUlhcXpqbWc0YXFCZFBQVGpkUmZSZDNLMXBWTDEyVVJocFppNmR0bW1KZmpUN2tDSFB3YnJQUzVySXdvV2hqTDhtR0RZSm9SdEhWMVdVYm5ocFE?oc=5\" target=\"_blank\" rel=\"nofollow noopener\">Tour de Francia: Juan Ayuso: \u00abPidcock es un rival duro\u00bb<\/a>&nbsp;&nbsp;Esciclismo<\/li>\n<li><a href=\"https:\/\/news.google.com\/rss\/articles\/CBMiswFBVV95cUxNb2YxT2FUQ2hYbG5ab3docDY3MkUxNVh4Vi1wR0dmLVU1VFpsRExWTUdITUVWUWl2RGNGX2xEUG5odnJhTmg0SXQ4aUk2c1ItSlJldF9uOS03dXVQQ1BiNVQ4dzVvaldNMWlkMEtzU3F1RGotYnlwcTFQNXAyV3k0RUxqV2dlTkM2ZWY1dzZTYkF0TlVxdUlDdHdhUXFOMi1Hc2tfem5VTmZ5WFlyMzRQZXdVc9IBswFBVV95cUxORllXeERqVkI4eWZvVHB0YnZIdXdSVXpKbk5SQUs1bE9wemI0VHBhYjNseUhHZFpMaDlZWl8wajloQmNJMHEzbGFxNkxWNnZHMG5tYzhyWE9DNVJ3UktIZlFKY0lQbWRHU19hbGdPNExOVnhGY3hGdTBJelR2cmdZUDFhdFlISGpJaDAzMlJUM1JjNTJfVWg1aXJ2Z2lUWE5ianZDbEV0eTNNVGpqRi1lWnBiaw?oc=5\" target=\"_blank\" rel=\"nofollow noopener\">Oda en el Tour a Juan Ayuso, 23 a\u00f1os cargados de futuro<\/a>&nbsp;&nbsp;El Peri\u00f3dico<\/li>\n<li><a href=\"https:\/\/news.google.com\/rss\/articles\/CBMiwAFBVV95cUxQcG5xWDVWdnZ4R3VjQ0tsa3UxT0hUU2FOOXJqLVFVcTBEVkxvN2pqYmp2WlNLR3lBTm05cHJQS185RWNuYlEyVXhQWVBLNnVoWTZ1QjU1OHJlcDhldXlneTE1SkxCa29aMDNMQjFCU1NBZDlYOXF4WmhVMHdNc1N1NVRMTnd1Z3dSckhvMkhtUU1WWDBuYkJDdk1tMlh0T1VkSnpIX2VRcmZEQVNGWGdISlNGbXhZSHFhSktjZzZua3jSAc4BQVVfeXFMTnFGdVlnTGlnY25fVjdIbGoycjc1SXd4V1N5SG03dkctMUZrUldZaEozMUw5TVJpNUp1ZlpQM3RXT25Oc3NBaFhLMkFYVTlJTndYSGVPOWVZWk5qV3IxYmNWUVpsSDUzQjRPdm1jWmNyeDI3b0xBajdzUUkwM0JqVUpRc1ptLTlhYzl5ZHJYcGs2QWhvN3pTendNRlo5d0FsMXREbzZ1MG54NU5tU056Mzh6UHJwVnUzTXZ6MzBlaGhBRkg0VFIyZVhuOFR6Qmc?oc=5\" target=\"_blank\" rel=\"nofollow noopener\">Ayuso: \u00abEsperemos que Pidcock pague el s\u00e1bado el esfuerzo\u00bb<\/a>&nbsp;&nbsp;Mundo Deportivo<\/li>\n<li><a href=\"https:\/\/news.google.com\/rss\/articles\/CBMivgFBVV95cUxQUktWb2huUTBZQzdqanNvRmJSTl80bTBBOTc2UDVKTkRKaHZvY3drZ0pocEIxTUhwTG9OMHlfTkp3SnNKOElVOXB4bktOT2NLejR3UDNLLVVhVDdxRTlNUmpnSjU3UnBYbXdHQTBhdTJfMkxsZEVaT1Y1ejBkZmItd0wtVTVEVzAwWVp3bnkyZ2NfSWtBeXQ2angzT0ljUl9pTk94bUVQRklSbFRQTTZKSVNCVlhTdk9pbWE0QUJ3?oc=5\" target=\"_blank\" rel=\"nofollow noopener\">Sin hacer ruido, Ayuso acecha el podio del Tour de Francia tras once a\u00f1os de sequ\u00eda espa\u00f1ola<\/a>&nbsp;&nbsp;El Correo<\/li>\n<li><a href=\"https:\/\/news.google.com\/rss\/articles\/CBMiqwFBVV95cUxNaXhJVzd1cnZsc3hXdUk2T0R0TDJKcmVYQk9Jd1ZXaUJHWm1HWmowcm5RSTh5UzR3ckRWVVhuenVxbEc0Y3BMZTBZZEs1Um1lTmFZS1p1VFdQSW5xZ3dua1kzSHNJU3JhcEc4Y3BwekVIM1JvaUV2UFJSY0pNejdfdFc3ZkZvSmhtWUpsVzJTYnozZlF1M1Jfbm12cjhUUnRqM0FzUjdvOWdLZWc?oc=5\" target=\"_blank\" rel=\"nofollow noopener\">Llega la hora de la verdad para Juan Ayuso: \u00abAhora arranca un nuevo Tour de Francia\u00bb<\/a>&nbsp;&nbsp;MARCA<\/li>\n<\/ol>\n","protected":false},"excerpt":{"rendered":"Tour de Francia: Juan Ayuso: \u00abPidcock es un rival duro\u00bb&nbsp;&nbsp;Esciclismo Oda en el Tour a Juan Ayuso, 23&hellip;\n","protected":false},"author":2,"featured_media":663688,"comment_status":"","ping_status":"","sticky":false,"template":"","format":"standard","meta":{"footnotes":""},"categories":[273],"tags":[1611,48965,6984,8299,14649,5830,6639,4860,313,1757,312,168,2562,158,25,120393,24,1489,121082,317,3015,9916,9465,409,8883,19901,5101,20866,121080,121081,3479,3576,18279,8796,33649,6260,3397,6756,23,167,9459,316,8884,603,53952],"class_list":["post-663687","post","type-post","status-publish","format-standard","has-post-thumbnail","category-ciclismo","tag-ano","tag-aseguro","tag-ayuso","tag-beneficio","tag-bien","tag-britanico","tag-capaz","tag-carrera","tag-ciclismo","tag-ciclista","tag-cycling","tag-deportes","tag-duro","tag-el","tag-es","tag-esfuerzos","tag-espana","tag-espanol","tag-esperemos","tag-francia","tag-general","tag-hacerlo","tag-hizo","tag-juan","tag-lidl","tag-pagar","tag-pasado","tag-perdio","tag-pickock","tag-pinatello","tag-podria","tag-puesto","tag-q","tag-recortar","tag-renta","tag-rival","tag-sabado","tag-semanas","tag-spain","tag-sports","tag-tom","tag-tour","tag-trek","tag-tres","tag-vimos"],"share_on_mastodon":{"url":"https:\/\/pubeurope.com\/@es\/116937802677995382","error":""},"_links":{"self":[{"href":"https:\/\/www.europesays.com\/es\/wp-json\/wp\/v2\/posts\/663687","targetHints":{"allow":["GET"]}}],"collection":[{"href":"https:\/\/www.europesays.com\/es\/wp-json\/wp\/v2\/posts"}],"about":[{"href":"https:\/\/www.europesays.com\/es\/wp-json\/wp\/v2\/types\/post"}],"author":[{"embeddable":true,"href":"https:\/\/www.europesays.com\/es\/wp-json\/wp\/v2\/users\/2"}],"replies":[{"embeddable":true,"href":"https:\/\/www.europesays.com\/es\/wp-json\/wp\/v2\/comments?post=663687"}],"version-history":[{"count":0,"href":"https:\/\/www.europesays.com\/es\/wp-json\/wp\/v2\/posts\/663687\/revisions"}],"wp:featuredmedia":[{"embeddable":true,"href":"https:\/\/www.europesays.com\/es\/wp-json\/wp\/v2\/media\/663688"}],"wp:attachment":[{"href":"https:\/\/www.europesays.com\/es\/wp-json\/wp\/v2\/media?parent=663687"}],"wp:term":[{"taxonomy":"category","embeddable":true,"href":"https:\/\/www.europesays.com\/es\/wp-json\/wp\/v2\/categories?post=663687"},{"taxonomy":"post_tag","embeddable":true,"href":"https:\/\/www.europesays.com\/es\/wp-json\/wp\/v2\/tags?post=663687"}],"curies":[{"name":"wp","href":"https:\/\/api.w.org\/{rel}","templated":true}]}}