{"id":66369,"date":"2025-08-23T07:02:16","date_gmt":"2025-08-23T07:02:16","guid":{"rendered":"https:\/\/www.europesays.com\/es\/66369\/"},"modified":"2025-08-23T07:02:16","modified_gmt":"2025-08-23T07:02:16","slug":"el-cangas-victima-colateral-de-un-fichaje-de-champions-y-pierde-a-suljevic","status":"publish","type":"post","link":"https:\/\/www.europesays.com\/es\/66369\/","title":{"rendered":"El Cangas, v\u00edctima colateral de un fichaje de Champions y pierde a Suljevic"},"content":{"rendered":"<p class=\"ft-text\">Fue el <a href=\"https:\/\/www.farodevigo.es\/deportes\/morrazo\/2025\/05\/10\/suljevic-cangas-lugar-ideal-portero-117222760.html\" class=\"ft-link ft-link--decoration\" rel=\"nofollow noopener\" target=\"_blank\">primero de los fichajes anunciados por el Frigor\u00edficos del Morrazo<\/a> a principios del mes de mayo. Sin embargo, <strong>su paso por el Cangas ha sido ef\u00edmero<\/strong> y no ha llegado a debutar en partido oficial. El portero montenegrino <a href=\"https:\/\/www.farodevigo.es\/deportes\/morrazo\/2025\/05\/09\/frigorificos-cierra-primer-fichaje-proxima-117201019.html\" class=\"ft-link ft-link--decoration\" rel=\"nofollow noopener\" target=\"_blank\">Haris Suljevic dejar\u00e1 el club cangu\u00e9s para fichar por el RK Zagreb<\/a>, que ayer por la ma\u00f1ana comunic\u00f3 formalmente al Frigor\u00edficos que proceder\u00eda a <strong>abonar la cl\u00e1usula de rescisi\u00f3n del guardameta<\/strong>. Ahora a la direcci\u00f3n deportiva del club no le queda otra que<a href=\"https:\/\/www.farodevigo.es\/deportes\/morrazo\/2025\/08\/15\/nuevo-cangas-fiel-identidad-120636507.html\" class=\"ft-link ft-link--decoration\" rel=\"nofollow noopener\" target=\"_blank\"> rastrear a toda velocidad el mercado en busca de un portero de garant\u00edas para acompa\u00f1ar a Mateo Pallas y Javi Fern\u00e1ndez<\/a>. <strong>\u00abEstamos viendo mercado nacional e internacional, pero preferiblemente debe ser un jugador comunitario\u00bb<\/strong>, avanza el director deportivo, \u00d3scar Fern\u00e1ndez.<\/p>\n<p class=\"ft-text\">El Cangas es en este caso la <strong>v\u00edctima colateral <\/strong>de un fichaje entre dos equipos de la <strong>EHF Champions League<\/strong> y que le deja en una situaci\u00f3n delicada a menos de un mes para el inicio de la Liga Asobal. El <strong>Magdeburgo alem\u00e1n<\/strong>, que es el actual campe\u00f3n de Europa, <strong>fich\u00f3 al portero bosnio Matej Mandic<\/strong>, que militaba en el RK Zagreb. Ante esta marcha el club croata, que es el m\u00e1s importante de su pa\u00eds, <strong>busc\u00f3 en el mercado y se fij\u00f3 en Haris Suljevic<\/strong>, que en la temporada pasada con Izvidac de Bosnia fue el portero con m\u00e1s paradas en la EFH European Cup.<\/p>\n<p class=\"ft-text\">El RK Zagreb intent\u00f3 negociar un traspaso con el Cangas, algo a lo que el club de O Gata\u00f1al se neg\u00f3.<strong> \u201cRechazamos abrir negociaciones debido al perjuicio deportivo que supone perder a una pieza clave en una posici\u00f3n imprescindible\u201d<\/strong>, explica desdela direcci\u00f3n deportiva del Cangas \u00d3scar Fern\u00e1ndez. \u201cEs un <strong>golpe duro porque se trataba de una apuesta segura<\/strong>, un portero de muchas garant\u00edas y est\u00e1bamos convencidos de que ser\u00eda uno de los jugadores clave de esta plantilla\u201d, a\u00f1ade.<\/p>\n<p class=\"ft-text\">El siguiente movimiento del RK Zagreb fue comunicar ayer por la ma\u00f1ana que proceder\u00eda a pagar la cl\u00e1usula de rescisi\u00f3n de Suljevic, algo ante lo que el Frigor\u00edficos <strong>no puede hacer nada<\/strong>. Adem\u00e1s, a pesar del perjuicio causado, respeta la decisi\u00f3n del portero. La <strong>oferta del club croata es \u00abirrechazable\u00bb<\/strong>, estar\u00e1 cerca de su pa\u00eds y jugar\u00e1 en equipo de Champions.<\/p>\n<p class=\"ft-text\">El gran problema que se le abre al Cangas en estos momentos es que las<strong> posibilidades de mercado son muy limitadas<\/strong>, a menos de un mes para que comience la competici\u00f3n oficial. El club trabaja intensamente en esa b\u00fasqueda y apunta a un perfil comunitario para intentar agilizar todos los tr\u00e1mites burocr\u00e1ticos.<\/p>\n<p class=\"ft-text\">El Frigor\u00edficos estrenar\u00e1 la Liga Asobal 2025\/26 el domingo 14 de septiembre ante el <strong>Ademar Le\u00f3n<\/strong>. Un equipo al que se medir\u00e1 <strong>hoy en La Ba\u00f1eza, a las 19.00 h<\/strong>, en un amistoso.<\/p>\n","protected":false},"excerpt":{"rendered":"Fue el primero de los fichajes anunciados por el Frigor\u00edficos del Morrazo a principios del mes de mayo.&hellip;\n","protected":false},"author":2,"featured_media":66370,"comment_status":"","ping_status":"","sticky":false,"template":"","format":"standard","meta":{"footnotes":""},"categories":[278],"tags":[2906,1672,2905,376,2903,11681,26946,168,25,24,557,1673,375,26490,1675,1677,23,167,14281],"class_list":{"0":"post-66369","1":"post","2":"type-post","3":"status-publish","4":"format-standard","5":"has-post-thumbnail","7":"category-balonmano","8":"tag-asobal","9":"tag-balonman-cangas","10":"tag-balonman-cangas-frigorificos-del-morrazo","11":"tag-balonmano","12":"tag-cangas","13":"tag-champions","14":"tag-colateral","15":"tag-deportes","16":"tag-es","17":"tag-espana","18":"tag-fichaje","19":"tag-frigorificos-del-morrazo","20":"tag-handball","21":"tag-haris-suljevic","22":"tag-liga-asobal","23":"tag-mercado-de-fichajes-asobal","24":"tag-spain","25":"tag-sports","26":"tag-victima"},"share_on_mastodon":{"url":"","error":""},"_links":{"self":[{"href":"https:\/\/www.europesays.com\/es\/wp-json\/wp\/v2\/posts\/66369","targetHints":{"allow":["GET"]}}],"collection":[{"href":"https:\/\/www.europesays.com\/es\/wp-json\/wp\/v2\/posts"}],"about":[{"href":"https:\/\/www.europesays.com\/es\/wp-json\/wp\/v2\/types\/post"}],"author":[{"embeddable":true,"href":"https:\/\/www.europesays.com\/es\/wp-json\/wp\/v2\/users\/2"}],"replies":[{"embeddable":true,"href":"https:\/\/www.europesays.com\/es\/wp-json\/wp\/v2\/comments?post=66369"}],"version-history":[{"count":0,"href":"https:\/\/www.europesays.com\/es\/wp-json\/wp\/v2\/posts\/66369\/revisions"}],"wp:featuredmedia":[{"embeddable":true,"href":"https:\/\/www.europesays.com\/es\/wp-json\/wp\/v2\/media\/66370"}],"wp:attachment":[{"href":"https:\/\/www.europesays.com\/es\/wp-json\/wp\/v2\/media?parent=66369"}],"wp:term":[{"taxonomy":"category","embeddable":true,"href":"https:\/\/www.europesays.com\/es\/wp-json\/wp\/v2\/categories?post=66369"},{"taxonomy":"post_tag","embeddable":true,"href":"https:\/\/www.europesays.com\/es\/wp-json\/wp\/v2\/tags?post=66369"}],"curies":[{"name":"wp","href":"https:\/\/api.w.org\/{rel}","templated":true}]}}