{"id":66373,"date":"2025-08-23T07:06:08","date_gmt":"2025-08-23T07:06:08","guid":{"rendered":"https:\/\/www.europesays.com\/es\/66373\/"},"modified":"2025-08-23T07:06:08","modified_gmt":"2025-08-23T07:06:08","slug":"lio-entre-la-familia-djokovic-y-el-presidente-de-serbia-antes-del-us-open","status":"publish","type":"post","link":"https:\/\/www.europesays.com\/es\/66373\/","title":{"rendered":"L\u00edo entre la familia Djokovic y el presidente de Serbia antes del US Open"},"content":{"rendered":"<p class=\"ft-text\">El <strong>ATP 250 de Belgrado<\/strong>, uno de los eventos m\u00e1s destacados del calendario ten\u00edstico serbio, no volver\u00e1 a disputarse en su pa\u00eds. La familia de <strong>Novak Djokovic<\/strong>, propietaria y organizadora del torneo, ha confirmado que la competici\u00f3n se trasladar\u00e1 a Atenas, Grecia, del 2 al 8 de noviembre de 2025 bajo el nombre de Hellenic Championship.<\/p>\n<p class=\"ft-text\">Aunque la decisi\u00f3n se present\u00f3 como una medida t\u00e9cnica \u2014imposibilidad de garantizar las condiciones necesarias en las fechas previstas\u2014, <strong>el cambio tiene un trasfondo pol\u00edtico evidente<\/strong>. Marca otro cap\u00edtulo en el distanciamiento entre <strong>Djokovic <\/strong>y el presidente de Serbia, <strong>Aleksandar Vucic<\/strong>, una relaci\u00f3n que hasta hace pocos a\u00f1os era cordial.<\/p>\n<p class=\"ft-text\">El nuevo escenario del torneo <strong>ser\u00e1 el OAKA Basketball Arena, sede de los Juegos Ol\u00edmpicos de Atenas 2004 y hogar del Panathinaikos<\/strong>. El evento <strong>mantendr\u00e1 su categor\u00eda de ATP 250 y se jugar\u00e1 en pista dura cubierta<\/strong>. La direcci\u00f3n seguir\u00e1 en manos de <strong>Djordje Djokovic<\/strong>, hermano de <strong>Nole<\/strong>, al frente de un equipo que ha organizado nueve competiciones internacionales en Belgrado desde 2021.<\/p>\n<p>El or\u00edgen de la pol\u00e9mica entre Djokovic y Vucic<\/p>\n<p class=\"ft-text\">La ruptura p\u00fablica entre el n\u00famero uno serbio y el Gobierno comenz\u00f3 tras <strong>la tragedia del 1 de noviembre de 2024 en Novi Sad<\/strong>, cuando el derrumbe de una marquesina en la estaci\u00f3n ferroviaria, recientemente renovada,<strong> provoc\u00f3 15 muertos<\/strong>. La investigaci\u00f3n revel\u00f3 posibles irregularidades y corrupci\u00f3n en la adjudicaci\u00f3n de las obras, desatando una ola de indignaci\u00f3n popular.<\/p>\n<p class=\"ft-text\">Lo que empez\u00f3 como un duelo colectivo se transform\u00f3 en el mayor movimiento estudiantil en d\u00e9cadas, con concentraciones diarias a las 11:52 horas, momento exacto del accidente. <strong>Djokovic<\/strong>, lejos de mantenerse al margen, expres\u00f3 abiertamente su apoyo: \u00ab<strong>Como alguien que cree profundamente en la fuerza de los j\u00f3venes y su deseo de un futuro mejor, considero que es importante que su voz se escuche. Serbia tiene un enorme potencial, y la juventud educada es su mayor fortaleza<\/strong>\u201d, public\u00f3 en diciembre de 2024.<\/p>\n<p class=\"ft-text\">En enero, durante el Abierto de Australia, fue m\u00e1s expl\u00edcito: \u00ab<strong>Mi apoyo va siempre a los j\u00f3venes, a los estudiantes y a todos aquellos a quienes pertenece el futuro de nuestro pa\u00eds\u00bb<\/strong>, criticando adem\u00e1s la violencia contra los manifestantes.<\/p>\n<p class=\"ft-text\">Estas declaraciones chocaron frontalmente con la narrativa oficial. <strong>Vucic <\/strong>ha calificado las protestas como un \u00ab<strong>intento de revoluci\u00f3n orquestado por agentes extranjeros<\/strong>\u00ab. Los medios afines al Ejecutivo han ido m\u00e1s all\u00e1, acusando a <strong>Djokovic <\/strong>de \u201cfalso patriota\u201d y de \u201chuir\u201d a Grecia tras usar su imagen como s\u00edmbolo nacional.<\/p>\n<p class=\"ft-text\">Hasta 2022, el v\u00ednculo entre ambos era s\u00f3lido.<strong> Vucic fue uno de los defensores m\u00e1s firmes del tenista durante la crisis por su deportaci\u00f3n de Australia,<\/strong> denunciando p\u00fablicamente el trato recibido. Pero el apoyo de <strong>Djokovic <\/strong>a los manifestantes ha dinamitado esa relaci\u00f3n.<\/p>\n<p class=\"ft-text\"><strong>Djokovic<\/strong>, que renunci\u00f3 a los 200.000 euros de premio por su oro en Par\u00eds 2024, refuerza as\u00ed una postura p\u00fablica que lo aleja de la pol\u00edtica oficial y lo acerca a quienes, en Serbia, piden transparencia y cambio.<\/p>\n","protected":false},"excerpt":{"rendered":"El ATP 250 de Belgrado, uno de los eventos m\u00e1s destacados del calendario ten\u00edstico serbio, no volver\u00e1 a&hellip;\n","protected":false},"author":2,"featured_media":66374,"comment_status":"","ping_status":"","sticky":false,"template":"","format":"standard","meta":{"footnotes":""},"categories":[274],"tags":[168,2132,25,24,367,12266,547,1461,5389,23,167,327,326],"class_list":{"0":"post-66373","1":"post","2":"type-post","3":"status-publish","4":"format-standard","5":"has-post-thumbnail","7":"category-tenis","8":"tag-deportes","9":"tag-djokovic","10":"tag-es","11":"tag-espana","12":"tag-familia","13":"tag-lio","14":"tag-novak-djokovic","15":"tag-presidente","16":"tag-serbia","17":"tag-spain","18":"tag-sports","19":"tag-tenis","20":"tag-tennis"},"share_on_mastodon":{"url":"","error":""},"_links":{"self":[{"href":"https:\/\/www.europesays.com\/es\/wp-json\/wp\/v2\/posts\/66373","targetHints":{"allow":["GET"]}}],"collection":[{"href":"https:\/\/www.europesays.com\/es\/wp-json\/wp\/v2\/posts"}],"about":[{"href":"https:\/\/www.europesays.com\/es\/wp-json\/wp\/v2\/types\/post"}],"author":[{"embeddable":true,"href":"https:\/\/www.europesays.com\/es\/wp-json\/wp\/v2\/users\/2"}],"replies":[{"embeddable":true,"href":"https:\/\/www.europesays.com\/es\/wp-json\/wp\/v2\/comments?post=66373"}],"version-history":[{"count":0,"href":"https:\/\/www.europesays.com\/es\/wp-json\/wp\/v2\/posts\/66373\/revisions"}],"wp:featuredmedia":[{"embeddable":true,"href":"https:\/\/www.europesays.com\/es\/wp-json\/wp\/v2\/media\/66374"}],"wp:attachment":[{"href":"https:\/\/www.europesays.com\/es\/wp-json\/wp\/v2\/media?parent=66373"}],"wp:term":[{"taxonomy":"category","embeddable":true,"href":"https:\/\/www.europesays.com\/es\/wp-json\/wp\/v2\/categories?post=66373"},{"taxonomy":"post_tag","embeddable":true,"href":"https:\/\/www.europesays.com\/es\/wp-json\/wp\/v2\/tags?post=66373"}],"curies":[{"name":"wp","href":"https:\/\/api.w.org\/{rel}","templated":true}]}}