{"id":663783,"date":"2026-07-18T00:25:17","date_gmt":"2026-07-18T00:25:17","guid":{"rendered":"https:\/\/www.europesays.com\/es\/663783\/"},"modified":"2026-07-18T00:25:17","modified_gmt":"2026-07-18T00:25:17","slug":"muere-el-hombre-de-37-anos-que-resulto-herido-grave-en-un-accidente-en-lugo-esta-semana-la-voz-de-galicia","status":"publish","type":"post","link":"https:\/\/www.europesays.com\/es\/663783\/","title":{"rendered":"Muere el hombre de 37 a\u00f1os que result\u00f3 herido grave en un accidente en Lugo esta semana &#8211; La Voz de Galicia"},"content":{"rendered":"<ol>\n<li><a href=\"https:\/\/news.google.com\/rss\/articles\/CBMi5AFBVV95cUxQR0JjVFB2ejdWaXZidlF0LXNRMElWZDlaVk5EYkZlQWRmVGRJZFcxc29XUkhsVEs5cWZETm5vcU0yX01jS28zTUZJbjdINXN2LWJud0Fhb1dEMk04eHZ3NHlMeEpmQk00SW50VVVHeUM3ZTRtTXdoTGJkZVY4U3c4Yk05ei1XSWtRVlBXa0xuUjJoMF9UTEVnQUJnajFFQVZQOHZqOGdLUkxZelVCWWlWbXJEd2o4ZkdyUExTVjd5Q25pclZNQ0dxUGQ0cGFhbjViM0ExaW5JMF81MEdXRDU2MGx5NlLSAYACQVVfeXFMUHFCdk5TaVZrUDNBV2I1SnZKUENrbi1VZzhoSmtwMmI2MXF4WVRDUk52dDJqUzZpUUxwVk85cGY1MVlkcDZuWXA2NmZCaE0yTGdCazc1Q2o5aXhJX1hLYUQxWTJnS05CYnNxdmxDOFpXN2dhQnJ5XzFua2wwMFlzRTVCeTBRVmh3MlM2d19pVzNxcWZOTHBvNU9URGg3UkdvcDJNcm1FWWtwb3JZdHBBTFpENW04Z2pGZ0Z3VlBoak5pUVhPOG16RW84S28xUExmd0Z5YU1lWFFHNjItUjV5WThVUEVhNmFVNzJkMzJzd0VPNHJLVkEwQWhlSGdZRG9DSA?oc=5\" target=\"_blank\" rel=\"nofollow noopener\">Muere el hombre de 37 a\u00f1os que result\u00f3 herido grave en un accidente en Lugo esta semana<\/a>&nbsp;&nbsp;La Voz de Galicia<\/li>\n<li><a href=\"https:\/\/news.google.com\/rss\/articles\/CBMi0AFBVV95cUxQNTYtS25EZ0haMFM3TWE5Z181ejc1bVFQVHBObFA2Yms3OXFaRGFwYjM4NDFROTBscnFrWGhQUUIwR2dlcG1ibUZSV1VrUlpweEtkZDJUVUlNOWJsbTAwRmxNVkJVaFlXRGZhaHV4bFlyZkZlWHk3alF0T09US1ZCQWNJX1BwTjBGbVRwMkF4X3VCQ193VWVMYzVJX2xHbU1PYnVDRzJZblNVM2hvbkg2bjYtVUtrbllxcnVPcWtMMG9xbXVDUE1yYnl5ems2T2pz?oc=5\" target=\"_blank\" rel=\"nofollow noopener\">Muere el joven que permanec\u00eda en la Uci tras el accidente de tr\u00e1fico del lunes en As G\u00e1ndaras<\/a>&nbsp;&nbsp;El Progreso de Lugo<\/li>\n<li><a href=\"https:\/\/news.google.com\/rss\/articles\/CBMinwFBVV95cUxOcGNpNjJGSVp3WjFWV2xCVlFlbE53ZGhwUTk3V0UtS1RnOS1MWmd6X29WcFp1b3V5a3ZjSUc3ZkdXT3ZkTmFRTFpPenNwMFIyeUhUOXNRN3NaTGo4dGMzdHRGTEpaRW9wM3czamhQZVY2S203cGhrbkFtdnNoSGJTbXhHQnJHUkFfNl9jSHhtWTlZLS1rUWh6R013b2UzQlnSAaQBQVVfeXFMTlJaeDE1b2gxcFk0cjdyd2hhWmN2dktLT1FtTmhubTFPZS1XaXhhaVdKdHcxSXlGVVNEWmh6WDV2anpmUmdzQm5aS3FpTnZDVGcyQklVWHVOMnk3MEhXWVRtc3BWU1RLckZQRUQtUUhUajFpM1FrT05adkxUVXlubEo2ZUV1RDNZR3dtdEI1aFhsVkNVLVF2aEtUYWg3UXU1OExPaTk?oc=5\" target=\"_blank\" rel=\"nofollow noopener\">Herido muy grave un joven tras un aparatoso accidente de tr\u00e1fico en Lugo<\/a>&nbsp;&nbsp;Faro de Vigo<\/li>\n<li><a href=\"https:\/\/news.google.com\/rss\/articles\/CBMizAFBVV95cUxQYktHNGl0LVJnRWFPbFdERWMydVRHek8zQ3pZOWdqRl95V0tKb2xqV3RYMmQtc1VFUG1xcTcyNlNaYWtxZXJTbnFnU20zNmdTaXFrNTV3c1I1RlFaUW52MDhjUDQ0OWZFVGpodTlCU3p3Sk0wWWNOUk5nME5xN1AwWlR3ZmJHeGFReFNfNU83RkdwSEVNMk1YZWxZcWVRNml5RU1DeXBWWlU3cFJVMWlEVC1qdDNMeGZHRDY5V1dnS0RqYndubjUzdzV0U2Y?oc=5\" target=\"_blank\" rel=\"nofollow noopener\">Permanece en estado muy grave un joven herido en un accidente de tr\u00e1fico registrado en Lugo<\/a>&nbsp;&nbsp;Diario de Santiago<\/li>\n<li><a href=\"https:\/\/news.google.com\/rss\/articles\/CBMi5AFBVV95cUxQelVvZk1HZVJxRzlKWFJYWUpEdER2WEdNdE5ZVExFZTl0eDIwNng5Rnk4TTNIelkxNktUOUlUMXhxVzJVWUFZR3UzREYzV1lGWUxuMnI5RHFCdkVpbEpEZnhNV1c3bDA4Y19GOG82QXpOdmpvQnU3ajFzblNYeEJ3MXRmdWRIUTFYb3BDWU1pSTgxanNDZzhqeGpSRnl0Z25BdUJUNWdRaF9zcmptQ0dCQlN2bjVsUHktVTFEaFhzUEtaR3hiMUhUNlZJZlUzQjlvNlBGYVdvbXJScXMzNzNxWW9QV2bSAYACQVVfeXFMTjViTERaSFZnaldYNFRVbVZBYWJ3U2FhVU9RM0RjeHE0TE5BRlo2c19ER0FKTEVpajNIU2szWG15UWJjRkFWMV9RUExhQWNwNHBjMUIxXzBOR3pDT3RTR3liNU9QMVM1S1pwOVlOZlVYX291Y254a3ZaUWNoZHBFSV9Yc085Q0JsU0NmSWVzRzhVMVNLazZGbDhzSVdyWnZVXy03VHBGOV9nV3RrelJiNmlJYm1WV3UwUHJrSEVLajZfNkZmSzc0c2xMT1BfYnpEV09RZHlWSkRXUHNldEszX2ViS3kzMTZpeE8tWjBUSWpsX2NQZlRzUEl3dXNWYkJXRg?oc=5\" target=\"_blank\" rel=\"nofollow noopener\">En coma un joven herido en un aparatoso accidente en el pol\u00edgono de As G\u00e1ndaras<\/a>&nbsp;&nbsp;La Voz de Galicia<\/li>\n<\/ol>\n","protected":false},"excerpt":{"rendered":"Muere el hombre de 37 a\u00f1os que result\u00f3 herido grave en un accidente en Lugo esta semana&nbsp;&nbsp;La Voz&hellip;\n","protected":false},"author":2,"featured_media":663784,"comment_status":"","ping_status":"","sticky":false,"template":"","format":"standard","meta":{"footnotes":""},"categories":[8],"tags":[17,18,25,24,13,14,11,19,20,22425,9,10,15,16,23,12,21,22],"class_list":["post-663783","post","type-post","status-publish","format-standard","has-post-thumbnail","category-espana","tag-breaking-news","tag-breakingnews","tag-es","tag-espana","tag-featured-news","tag-featurednews","tag-headlines","tag-latest-news","tag-latestnews","tag-lugo-ciudad","tag-news","tag-noticias","tag-noticias-destacadas","tag-noticiasdestacadas","tag-spain","tag-titulares","tag-ultimas-noticias","tag-ultimasnoticias"],"share_on_mastodon":{"url":"https:\/\/pubeurope.com\/@es\/116938140965183109","error":""},"_links":{"self":[{"href":"https:\/\/www.europesays.com\/es\/wp-json\/wp\/v2\/posts\/663783","targetHints":{"allow":["GET"]}}],"collection":[{"href":"https:\/\/www.europesays.com\/es\/wp-json\/wp\/v2\/posts"}],"about":[{"href":"https:\/\/www.europesays.com\/es\/wp-json\/wp\/v2\/types\/post"}],"author":[{"embeddable":true,"href":"https:\/\/www.europesays.com\/es\/wp-json\/wp\/v2\/users\/2"}],"replies":[{"embeddable":true,"href":"https:\/\/www.europesays.com\/es\/wp-json\/wp\/v2\/comments?post=663783"}],"version-history":[{"count":0,"href":"https:\/\/www.europesays.com\/es\/wp-json\/wp\/v2\/posts\/663783\/revisions"}],"wp:featuredmedia":[{"embeddable":true,"href":"https:\/\/www.europesays.com\/es\/wp-json\/wp\/v2\/media\/663784"}],"wp:attachment":[{"href":"https:\/\/www.europesays.com\/es\/wp-json\/wp\/v2\/media?parent=663783"}],"wp:term":[{"taxonomy":"category","embeddable":true,"href":"https:\/\/www.europesays.com\/es\/wp-json\/wp\/v2\/categories?post=663783"},{"taxonomy":"post_tag","embeddable":true,"href":"https:\/\/www.europesays.com\/es\/wp-json\/wp\/v2\/tags?post=663783"}],"curies":[{"name":"wp","href":"https:\/\/api.w.org\/{rel}","templated":true}]}}