{"id":66380,"date":"2025-08-23T07:11:04","date_gmt":"2025-08-23T07:11:04","guid":{"rendered":"https:\/\/www.europesays.com\/es\/66380\/"},"modified":"2025-08-23T07:11:04","modified_gmt":"2025-08-23T07:11:04","slug":"nunca-iria-de-canas-con-torrente","status":"publish","type":"post","link":"https:\/\/www.europesays.com\/es\/66380\/","title":{"rendered":"\u00ab\u00a1Nunca ir\u00eda de ca\u00f1as con Torrente!\u00bb"},"content":{"rendered":"<p>Gabino Diego sigue conservando su alborotado y abundante pelo. Y, claro, su vis c\u00f3mica.<\/p>\n<p><strong>&#8211; Vuelve con otra comedia. <\/strong><\/p>\n<p>&#8211; S\u00ed, un maravilloso vodevil de  &#8230; Marc Camoletti. Es una pieza de relojer\u00eda y una funci\u00f3n divertida&#8217;. <\/p>\n<p class=\"v-p\"><strong>&#8211; \u00bfNo se cansa de hacernos re\u00edr? <\/strong><\/p>\n<p class=\"v-p\">&#8211; Bueno, mi personaje no para de sufrir en esta funci\u00f3n. <\/p>\n<p class=\"v-p\"><strong>&#8211; \u00bfEhhh?<\/strong><\/p>\n<p class=\"v-p\">&#8211; Toda comedia lleva debajo un drama. Intento encubrir a un amigo que&#8230;<\/p>\n<p class=\"v-p\"><strong>&#8211; En &#8216;Pijama para seis&#8217; los cuernos sobrevuelan el escenario.<\/strong><\/p>\n<p class=\"v-p\">&#8211; S\u00ed, s\u00ed. Fernando y Mercedes, mis amigos, pasan por una crisis e intento darles algo de vidilla.<\/p>\n<p class=\"v-p\"><strong>&#8211; Est\u00e1 claro que le gusta vivir en zonas de confort. <\/strong><\/p>\n<p class=\"v-p\">&#8211; Vamos a ver. Los actores acostumbramos a meternos en retos, pero me he dado cuenta, ya voy a cumplir 59 a\u00f1os, de que hacer re\u00edr a la gente es maravilloso. No soy partidario de hacer un cine de desgracias, aunque estoy a favor de las funciones que transmiten ternura, amor y simpat\u00eda.<\/p>\n<p class=\"v-p\"><strong>&#8211; \u00bfEs capaz de hacernos llorar? <\/strong><\/p>\n<p class=\"v-p\">&#8211; &#8216;La hora de los valientes&#8217;, de Antonio Mercero, era un drama. Cuando se estren\u00f3 descubr\u00ed llorando a los guardaespaldas de Ana Botella. \u00a1Qu\u00e9 gracioso! <\/p>\n<p class=\"v-p\"><strong>&#8211; \u00bfEs placentera la infidelidad? <\/strong><\/p>\n<p class=\"v-p\">&#8211; En la obra hay infidelidad por todas partes.<\/p>\n<p class=\"v-p\"><strong>&#8211; Admit\u00e1moslo, tiene una cara muy graciosa. <\/strong><\/p>\n<p class=\"v-p\">&#8211; No s\u00e9 qu\u00e9 quiere que le diga.<\/p>\n<p class=\"v-p\"><strong>&#8211; \u00bfEs verdad que Fernando Fern\u00e1n G\u00f3mez le solt\u00f3 &#8216;T\u00fa, tranquilo, que mientras tengas el labio colgando, est\u00e9s inexpresivo y digas ese texto, la gente se reir\u00e1&#8217;. <\/strong><\/p>\n<p class=\"v-p\">&#8211; Cuando hice &#8216;El viaje a ninguna parte&#8217; andaba preocupado y le preguntaba cosas del personaje. Me dijo eso (imita la voz del genial actor).<\/p>\n<p class=\"v-p\"><strong>&#8211; \u00bfLe han dicho algo m\u00e1s sobre su cara? <\/strong><\/p>\n<p class=\"v-p\">&#8211; Fernando me pregunt\u00f3 tambi\u00e9n que c\u00f3mo caminaba.<\/p>\n<p class=\"v-p\"><strong>&#8211; \u00bfCaminar?<\/strong><\/p>\n<p class=\"v-p\">&#8211; Reconoci\u00f3 que \u00e9l andaba muy mal porque ten\u00eda fastidiado un pie. Recordaba que John Ford sol\u00eda decir que el cine era ver caminar a Henry Fonda. <\/p>\n<p class=\"v-p\"><strong>&#8211; \u00bfEst\u00e1 contento con su cara?<\/strong><\/p>\n<p class=\"v-p\">&#8211; No tengo m\u00e1s remedio, debo aceptarme para bien o para mal. Llevo toda mi vida con esta cara. He tenido momentos m\u00e1s feos, pero, como el vino, voy mejorando. Si no me he aceptado a estas alturas, ya no me voy a aceptar.<\/p>\n<p class=\"v-p\"><strong>&#8211; Tony Leblanc solt\u00f3 otra frase memorable sobre usted: \u00abLo que hace Gabino es muy dif\u00edcil porque hacer de tonto es f\u00e1cil, pero hacer de semitonto es muy complicado\u00bb. \u00bfTiene raz\u00f3n? <\/strong><\/p>\n<p class=\"v-p\">-Totalmente. El semitonto representa la parte humana del tonto, no es del todo tonto. Y los tontos, a veces, son muy listos. <\/p>\n<p class=\"v-p\"><strong>&#8211; \u00bfVa a salir en la nueva pel\u00edcula de Santiago Segura? <\/strong><\/p>\n<p class=\"v-p\">-Seguramente est\u00e9 ah\u00ed, pero no puedo contar mucho. <\/p>\n<p class=\"v-p\"><strong>&#8211; \u00bfIr\u00eda de ca\u00f1as con &#8216;Torrente&#8217;? <\/strong><\/p>\n<p class=\"v-p\">&#8211; \u00a1Nunca!<\/p>\n<p class=\"v-p\"><strong>-\u00bfPor qu\u00e9?<\/strong><\/p>\n<p class=\"v-p\">&#8211; Seguro que me enga\u00f1ar\u00eda o me meter\u00eda en alg\u00fan l\u00edo. Me gustar\u00eda ver a &#8216;Torrente&#8217;&#8230; \u00a1pero de lejos! <\/p>\n<p class=\"v-p\"><strong>&#8211; Con poca presencia en el cine, \u00bfes m\u00e1s importante lo que se rechaza que lo que se acepta, como esgrime Javier Bardem?<\/strong><\/p>\n<p class=\"v-p\">&#8211; Hay gente que lo ha aceptado todo y otra que ha rechazado muchas cosas. Yo, sin ir m\u00e1s lejos, he rechazado muchos papeles.<\/p>\n<p class=\"v-p\"><strong>&#8211; \u00bfPor qu\u00e9? <\/strong><\/p>\n<p class=\"v-p\">&#8211; No puedes hacer cosas en las que no crees, Rechazar es jodido porque a veces lo pasas mal econ\u00f3micamente y hay que pagar los zapatitos del hijo.<\/p>\n<p class=\"v-p\"><strong>&#8211; Hay que comer.<\/strong><\/p>\n<p class=\"v-p\">&#8211; Durante tiempo he rechazado y luego me he arrepentido al pasar problemas econ\u00f3micos. <\/p>\n<p class=\"v-p\"><strong>&#8211; \u00bfSe levanta cada d\u00eda pensando que la pel\u00edcula o teatro que va a hacer es una obra maestra? <\/strong><\/p>\n<p class=\"v-p\">&#8211; Claro. Siempre me levanto creyendo que se trata del papel m\u00e1s maravilloso que hab\u00eda y que era lo que ten\u00eda que hacer. <\/p>\n<p class=\"v-p\"><strong>&#8211; Suele decir que no fue el primero de la clase, pero s\u00ed que se consideraba el m\u00e1s inteligente. <\/strong><\/p>\n<p class=\"v-p\">&#8211; No, no. Hab\u00eda gente que sacaba todo sobresalientes, yo suspend\u00eda todo y de repente pensaba &#8216;co\u00f1o, creo que soy un poquito m\u00e1s inteligente que \u00e9ste&#8217;. Con el tiempo, me los he encontrado por la calle y me han dicho &#8216;joder, qu\u00e9 bien te ha ido&#8217;.<\/p>\n<p class=\"v-p\"><strong>&#8211; Pese a su cara de ni\u00f1o, \u00bfse nos ha hecho mayor? <\/strong><\/p>\n<p class=\"v-p\">&#8211; Es la vida. Lo importante es poder seguir cumpliendo a\u00f1os. <\/p>\n<p class=\"v-p\"><strong>-\u00bfHabr\u00eda dado todo por ser un m\u00fasico de talento? <\/strong><\/p>\n<p class=\"v-p\">&#8211; No, eso lo dijo Woody Allen. Afirmaba que habr\u00eda dado toda su carrera por ser un George Gershwin o un Cole Porter. Flipaba un poco. Uno tiene que hacer lo que tiene que hacer. Para eso ya est\u00e1n Gershwin y Cole Porter.<\/p>\n<p class=\"v-p\"><strong>&#8211; Confiese el secreto para seguir llenando teatros. <\/strong><\/p>\n<p class=\"v-p\">&#8211; Nadie tiene la a f\u00f3rmula <\/p>\n<p class=\"v-p\"><strong>&#8211; Colecciona libros de retratos. <\/strong><\/p>\n<p class=\"v-p\">&#8211; No, de mujeres, animales y ni\u00f1os.<\/p>\n<p class=\"v-p\"><strong>&#8211; \u00bfPor ese orden?<\/strong><\/p>\n<p class=\"v-p\">&#8211; Toda mi afici\u00f3n empez\u00f3 porque en mi casa vivi\u00f3 Robert Freeman, el fot\u00f3grafo que hac\u00eda las portadas de los Beatles. Vino a Espa\u00f1a y termin\u00f3 fatal.<\/p>\n<p class=\"v-p\"><strong>&#8211; No ser\u00eda por pasar por su casa,.<\/strong><\/p>\n<p class=\"v-p\">&#8211; No, en mi casa estuvo bien. El problema del bohemio es jodido. Puedes ser bohemio, pero el problema viene cuando ya tienes una edad. El bohemio ya no funciona. Ah\u00ed es donde te vas a tomar por saco.<\/p>\n","protected":false},"excerpt":{"rendered":"Gabino Diego sigue conservando su alborotado y abundante pelo. Y, claro, su vis c\u00f3mica. &#8211; Vuelve con otra&hellip;\n","protected":false},"author":2,"featured_media":66381,"comment_status":"","ping_status":"","sticky":false,"template":"","format":"standard","meta":{"footnotes":""},"categories":[174],"tags":[26953,255,146,147,25,24,256,26952,1050,23,21019],"class_list":{"0":"post-66380","1":"post","2":"type-post","3":"status-publish","4":"format-standard","5":"has-post-thumbnail","7":"category-famosos","8":"tag-canas","9":"tag-celebrities","10":"tag-entertainment","11":"tag-entretenimiento","12":"tag-es","13":"tag-espana","14":"tag-famosos","15":"tag-iria","16":"tag-nunca","17":"tag-spain","18":"tag-torrente"},"share_on_mastodon":{"url":"","error":""},"_links":{"self":[{"href":"https:\/\/www.europesays.com\/es\/wp-json\/wp\/v2\/posts\/66380","targetHints":{"allow":["GET"]}}],"collection":[{"href":"https:\/\/www.europesays.com\/es\/wp-json\/wp\/v2\/posts"}],"about":[{"href":"https:\/\/www.europesays.com\/es\/wp-json\/wp\/v2\/types\/post"}],"author":[{"embeddable":true,"href":"https:\/\/www.europesays.com\/es\/wp-json\/wp\/v2\/users\/2"}],"replies":[{"embeddable":true,"href":"https:\/\/www.europesays.com\/es\/wp-json\/wp\/v2\/comments?post=66380"}],"version-history":[{"count":0,"href":"https:\/\/www.europesays.com\/es\/wp-json\/wp\/v2\/posts\/66380\/revisions"}],"wp:featuredmedia":[{"embeddable":true,"href":"https:\/\/www.europesays.com\/es\/wp-json\/wp\/v2\/media\/66381"}],"wp:attachment":[{"href":"https:\/\/www.europesays.com\/es\/wp-json\/wp\/v2\/media?parent=66380"}],"wp:term":[{"taxonomy":"category","embeddable":true,"href":"https:\/\/www.europesays.com\/es\/wp-json\/wp\/v2\/categories?post=66380"},{"taxonomy":"post_tag","embeddable":true,"href":"https:\/\/www.europesays.com\/es\/wp-json\/wp\/v2\/tags?post=66380"}],"curies":[{"name":"wp","href":"https:\/\/api.w.org\/{rel}","templated":true}]}}