{"id":663812,"date":"2026-07-18T00:59:14","date_gmt":"2026-07-18T00:59:14","guid":{"rendered":"https:\/\/www.europesays.com\/es\/663812\/"},"modified":"2026-07-18T00:59:14","modified_gmt":"2026-07-18T00:59:14","slug":"laporta-contesta-a-gil-marin-sobre-julian","status":"publish","type":"post","link":"https:\/\/www.europesays.com\/es\/663812\/","title":{"rendered":"Laporta contesta a Gil Mar\u00edn sobre Juli\u00e1n"},"content":{"rendered":"<p class=\"ft-text\"><strong>Joan Laporta ha respondido este viernes a las declaraciones de Miguel \u00c1ngel Gil Mar\u00edn <\/strong>sobre la operaci\u00f3n por Juli\u00e1n \u00c1lvarez. El presidente del FC Barcelona <strong>ha evitado entrar en la pol\u00e9mica con el consejero delegado del Atl\u00e9tico de Madrid<\/strong>, pero s\u00ed ha querido dejar claro que el club azulgrana ya ha movido ficha y que la propuesta presentada tiene una fecha de caducidad.<\/p>\n<p class=\"ft-text\">\u201cYo respeto la opini\u00f3n de todo el mundo.<strong> Lo \u00fanico que s\u00e9 es que hemos hecho una oferta y ah\u00ed est\u00e1 la oferta\u201d, afirm\u00f3 Laporta<\/strong>, que lanz\u00f3 adem\u00e1s un aviso al conjunto rojiblanco sobre los plazos de la negociaci\u00f3n. \u201cEn un momento determinado diremos que se ha acabado la vigencia ha declarado a Catalunya Radio. Ser\u00e1 a finales de julio\u201d, sentenci\u00f3.<\/p>\n<p class=\"ft-text\">Con estas palabras, <strong>el m\u00e1ximo mandatario azulgrana deja claro que el Bar\u00e7a no piensa prolongar indefinidamente las conversaciones <\/strong>y fija un l\u00edmite temporal para una operaci\u00f3n que sigue siendo uno de los grandes focos del mercado de fichajes.<\/p>\n<p class=\"ft-text\">Laporta tambi\u00e9n fue preguntado por su presencia en el partido de la selecci\u00f3n espa\u00f1ola y quiso zanjar cualquier pol\u00e9mica sobre el apoyo institucional del club.<strong> \u201cLa RFEF y LaLiga nos han invitado. Se est\u00e1n portando de manera excelente y es una manera de agradecer que tenemos ocho jugadores en Espa\u00f1a\u201d, <\/strong>explic\u00f3.<\/p>\n<p class=\"ft-text\">El presidente azulgrana mostr\u00f3 adem\u00e1s su respaldo al combinado nacional sin matices.<strong> \u201cLes deseamos lo mejor, que es que ganen, y lo digo con toda normalidad. No es incompatible con nada m\u00e1s\u201d, <\/strong>concluy\u00f3.<\/p>\n","protected":false},"excerpt":{"rendered":"Joan Laporta ha respondido este viernes a las declaraciones de Miguel \u00c1ngel Gil Mar\u00edn sobre la operaci\u00f3n por&hellip;\n","protected":false},"author":2,"featured_media":663813,"comment_status":"","ping_status":"","sticky":false,"template":"","format":"standard","meta":{"footnotes":""},"categories":[268],"tags":[53023,168,25,24,280,282,1510,4467,16401,1737,8016,281,23,167],"class_list":["post-663812","post","type-post","status-publish","format-standard","has-post-thumbnail","category-futbol","tag-contesta","tag-deportes","tag-es","tag-espana","tag-football","tag-futbol","tag-gil","tag-joan-laporta","tag-julian","tag-laporta","tag-marin","tag-soccer","tag-spain","tag-sports"],"share_on_mastodon":{"url":"https:\/\/pubeurope.com\/@es\/116938274638996762","error":""},"_links":{"self":[{"href":"https:\/\/www.europesays.com\/es\/wp-json\/wp\/v2\/posts\/663812","targetHints":{"allow":["GET"]}}],"collection":[{"href":"https:\/\/www.europesays.com\/es\/wp-json\/wp\/v2\/posts"}],"about":[{"href":"https:\/\/www.europesays.com\/es\/wp-json\/wp\/v2\/types\/post"}],"author":[{"embeddable":true,"href":"https:\/\/www.europesays.com\/es\/wp-json\/wp\/v2\/users\/2"}],"replies":[{"embeddable":true,"href":"https:\/\/www.europesays.com\/es\/wp-json\/wp\/v2\/comments?post=663812"}],"version-history":[{"count":0,"href":"https:\/\/www.europesays.com\/es\/wp-json\/wp\/v2\/posts\/663812\/revisions"}],"wp:featuredmedia":[{"embeddable":true,"href":"https:\/\/www.europesays.com\/es\/wp-json\/wp\/v2\/media\/663813"}],"wp:attachment":[{"href":"https:\/\/www.europesays.com\/es\/wp-json\/wp\/v2\/media?parent=663812"}],"wp:term":[{"taxonomy":"category","embeddable":true,"href":"https:\/\/www.europesays.com\/es\/wp-json\/wp\/v2\/categories?post=663812"},{"taxonomy":"post_tag","embeddable":true,"href":"https:\/\/www.europesays.com\/es\/wp-json\/wp\/v2\/tags?post=663812"}],"curies":[{"name":"wp","href":"https:\/\/api.w.org\/{rel}","templated":true}]}}