{"id":66387,"date":"2025-08-23T07:17:11","date_gmt":"2025-08-23T07:17:11","guid":{"rendered":"https:\/\/www.europesays.com\/es\/66387\/"},"modified":"2025-08-23T07:17:11","modified_gmt":"2025-08-23T07:17:11","slug":"maradona-y-madrid-lenguas-fuera-futbol-deportes","status":"publish","type":"post","link":"https:\/\/www.europesays.com\/es\/66387\/","title":{"rendered":"Maradona y Madrid, lenguas fuera | F\u00fatbol | Deportes"},"content":{"rendered":"<p class=\"\">Es un recuerdo com\u00fan. En el primer d\u00eda de clase el prop\u00f3sito es el de ser responsables hasta acercarnos a la perfecci\u00f3n. Incluso sacamos la lengua para extremar la concentraci\u00f3n. La prueba de ello son las primeras p\u00e1ginas de los cuadernos: impecables. Luego llegan los tachones porque somos como somos. <\/p>\n<p class=\"\">En el primer partido de la temporada <a href=\"https:\/\/elpais.com\/deportes\/futbol\/2025-08-19\/un-real-madrid-con-pocas-luces-arranca-la-liga-con-victoria-ante-osasuna.html\" target=\"_self\" rel=\"nofollow noopener\" title=\"https:\/\/elpais.com\/deportes\/futbol\/2025-08-19\/un-real-madrid-con-pocas-luces-arranca-la-liga-con-victoria-ante-osasuna.html\">tambi\u00e9n el Real Madrid exager\u00f3 la responsabilidad<\/a>: entreg\u00f3 el bal\u00f3n al pie y corri\u00f3 con \u00e1nimo gregario. Jugaron sacando la lengua, pero para ponerle acento a las obligaciones antes que a las posibilidades creativas que tiene el equipo. Jugaron a no equivocarse. Jugaron para cumplir con el entrenador. Pensando en esto, record\u00e9 a Maradona en el Mundial 86, cuando sacaba la lengua, pero para hacer obras de arte. Hay una historia detr\u00e1s. <\/p>\n<p class=\"\">El Zurdo L\u00f3pez hab\u00eda sido entrenador de Diego en sus comienzos en Argentinos Juniors y, como trabajaba en M\u00e9xico, ven\u00eda con frecuencia a visitarnos durante el Mundial 86. La relaci\u00f3n con Maradona le permit\u00eda libre paso en aquella concentraci\u00f3n de rigidez militar. Antes de comenzar el campeonato, <a href=\"https:\/\/elpais.com\/deportes\/2021-12-02\/fernando-signorini-maradona-queria-quemarse-en-su-propio-fuego.html\" target=\"_self\" rel=\"nofollow noopener\" title=\"https:\/\/elpais.com\/deportes\/2021-12-02\/fernando-signorini-maradona-queria-quemarse-en-su-propio-fuego.html\">Fernando Signorini<\/a>, la mejor influencia que tuvo nunca Maradona, provoc\u00f3 una reuni\u00f3n entre el Zurdo L\u00f3pez y Diego. Fernando le hab\u00eda o\u00eddo decir al Zurdo que, cuando Diego sacaba la lengua, era imparable. Como saben los Maradon\u00f3logos, uno de los gestos ic\u00f3nicos de Diego era sacar la lengua en medio de una acci\u00f3n futbol\u00edstica. Gesto que tambi\u00e9n caracterizaba a Michael Jordan cuando volaba en alguno de sus apote\u00f3sicos saltos. Antes de que el Zurdo entrara a hablar con Diego, Signorini le dio una consigna: \u201cNo se olvide de recordarle que, cuando reciba la pelota, saque la lengua\u201d. Todos sabemos que fue en aquel Mundial cuando Diego sac\u00f3 la lengua m\u00e1s y mejor que nunca, una antena nerviosa del cuerpo que conectaba su instinto con el bal\u00f3n.<\/p>\n<p class=\"\">Tiempo despu\u00e9s, el doctor Antonio Dal Monte, jefe del Instituto de la Ciencia del Deporte de Italia y sabio que estudi\u00f3 a fondo las capacidades de Diego, dijo que la lengua afuera, junto a su extraordinaria capacidad neuromuscular y su bajo centro de gravedad, favorec\u00eda su equilibrio corporal. Conviene recordar que <a href=\"https:\/\/elpais.com\/deportes\/2021-11-22\/maradona-el-mas-gozoso.html\" target=\"_self\" rel=\"nofollow noopener\" title=\"https:\/\/elpais.com\/deportes\/2021-11-22\/maradona-el-mas-gozoso.html\">el equilibrio de Diego desafiaba la fuerza de la gravedad<\/a> y los principios de la f\u00edsica. <\/p>\n<p class=\"\">Lo cierto es que la ciencia del movimiento ha documentado fen\u00f3menos parecidos sin necesidad de entrar a un estadio. Muchos ni\u00f1os y tambi\u00e9n mayores sacan la lengua al realizar tareas motoras (dibujar, atarse los cordones, enhebrar una aguja), como si el cuerpo usara ese recurso extra para enfocar el sistema nervioso hacia una concentraci\u00f3n superior. Hay estudios que hablan de una conexi\u00f3n entre la motricidad facial y la precisi\u00f3n de los gestos. Ya apunt\u00e9 que yo mismo me recuerdo con la lengua afuera en el primer d\u00eda de clase. L\u00e1stima no haberla sacado mientras jugaba al f\u00fatbol. A lo mejor me hubiera convertido en Maradona. <\/p>\n<p class=\"\">Delirios aparte, aquella opini\u00f3n del profesor Dal Monte me qued\u00f3 bailando como una vinculaci\u00f3n de lo neurol\u00f3gico con lo biomec\u00e1nico que estaba en la base de la capacidad de Diego para pensar, decidir y ejecutar como si las tres cosas fueran una sola. Su sistema nervioso y su musculatura estaban entrenados para funcionar al un\u00edsono. \u00bfPuede un adulto conservar esa conexi\u00f3n? Me inclino a pensar que s\u00ed. La libertad creativa de un ni\u00f1o y el instinto animal que caracterizaban a Maradona, quiz\u00e1s sean explicadas por aquella lengua que activaba sensores extraordinarios. Una manera de intensificar la conexi\u00f3n entre el cerebro y el cuerpo para hacer de cada jugada una obra inolvidable.<\/p>\n<p class=\"\"><a href=\"https:\/\/elpais.com\/deportes\/futbol\/2025-08-19\/xabi-alonso-nos-ha-faltado-un-poco-de-frescura.html\" target=\"_self\" rel=\"nofollow noopener\" title=\"https:\/\/elpais.com\/deportes\/futbol\/2025-08-19\/xabi-alonso-nos-ha-faltado-un-poco-de-frescura.html\">Exactamente lo que necesitar\u00e1 el Madrid<\/a> para que la lengua afuera, adem\u00e1s de servir a la necesaria responsabilidad, ayude a liberar el instinto de los mejores. Soltarse para que las obligaciones no opaquen la inspiraci\u00f3n.<\/p>\n","protected":false},"excerpt":{"rendered":"Es un recuerdo com\u00fan. En el primer d\u00eda de clase el prop\u00f3sito es el de ser responsables hasta&hellip;\n","protected":false},"author":2,"featured_media":66388,"comment_status":"","ping_status":"","sticky":false,"template":"","format":"standard","meta":{"footnotes":""},"categories":[93],"tags":[1540,168,26955,1539,25,24,282,1538,1210,3048,23,167,10344],"class_list":{"0":"post-66387","1":"post","2":"type-post","3":"status-publish","4":"format-standard","5":"has-post-thumbnail","7":"category-deportes","8":"tag-competiciones","9":"tag-deportes","10":"tag-diego-armando-maradona","11":"tag-entrenadores","12":"tag-es","13":"tag-espana","14":"tag-futbol","15":"tag-futbolistas","16":"tag-laliga-ea-sports","17":"tag-real-madrid","18":"tag-spain","19":"tag-sports","20":"tag-xabi-alonso"},"share_on_mastodon":{"url":"","error":""},"_links":{"self":[{"href":"https:\/\/www.europesays.com\/es\/wp-json\/wp\/v2\/posts\/66387","targetHints":{"allow":["GET"]}}],"collection":[{"href":"https:\/\/www.europesays.com\/es\/wp-json\/wp\/v2\/posts"}],"about":[{"href":"https:\/\/www.europesays.com\/es\/wp-json\/wp\/v2\/types\/post"}],"author":[{"embeddable":true,"href":"https:\/\/www.europesays.com\/es\/wp-json\/wp\/v2\/users\/2"}],"replies":[{"embeddable":true,"href":"https:\/\/www.europesays.com\/es\/wp-json\/wp\/v2\/comments?post=66387"}],"version-history":[{"count":0,"href":"https:\/\/www.europesays.com\/es\/wp-json\/wp\/v2\/posts\/66387\/revisions"}],"wp:featuredmedia":[{"embeddable":true,"href":"https:\/\/www.europesays.com\/es\/wp-json\/wp\/v2\/media\/66388"}],"wp:attachment":[{"href":"https:\/\/www.europesays.com\/es\/wp-json\/wp\/v2\/media?parent=66387"}],"wp:term":[{"taxonomy":"category","embeddable":true,"href":"https:\/\/www.europesays.com\/es\/wp-json\/wp\/v2\/categories?post=66387"},{"taxonomy":"post_tag","embeddable":true,"href":"https:\/\/www.europesays.com\/es\/wp-json\/wp\/v2\/tags?post=66387"}],"curies":[{"name":"wp","href":"https:\/\/api.w.org\/{rel}","templated":true}]}}