{"id":663873,"date":"2026-07-18T01:58:22","date_gmt":"2026-07-18T01:58:22","guid":{"rendered":"https:\/\/www.europesays.com\/es\/663873\/"},"modified":"2026-07-18T01:58:22","modified_gmt":"2026-07-18T01:58:22","slug":"alquileres-19-tarjetas-de-credito-o-nominas-sin-trabajar-los-mas-de-323-000-euros-que-servinabar-pago-a-santos-cerdan-y-su-familia","status":"publish","type":"post","link":"https:\/\/www.europesays.com\/es\/663873\/","title":{"rendered":"Alquileres, 19 tarjetas de cr\u00e9dito o n\u00f3minas sin trabajar: los m\u00e1s de 323.000 euros que Servinabar pag\u00f3 a Santos Cerd\u00e1n y su familia"},"content":{"rendered":"<p class=\"L6-news-detail__text\">Si bien <a title=\"Santos Cerd\u00e1n neg\u00f3 ser socio de la empresa Servinabar\" href=\"https:\/\/www.lasexta.com\/noticias\/nacional\/servinabar-koldo-abalos-pasada-todo-que-santos-cerdan-olvida-libro_202606296a42c52f26ebc75a77f7d676.html\" target=\"_blank\" rel=\"nofollow noopener\"><b>Santos Cerd\u00e1n neg\u00f3 ser socio de la empresa Servinabar<\/b><\/a>, lo cierto es que existe un contrato con su firma por casi la mitad de la empresa, cuyos ingresos superaron los ocho millones y medio entre 2015 y 2025. Casi el 90% de ese dinero ven\u00eda de Acciona, seg\u00fan se recoge en el informe patrimonial del que fuera n\u00famero tres en el PSOE, al que este viernes ha accedido <a title=\"laSexta\" href=\"https:\/\/www.lasexta.com\/\" target=\"_blank\" rel=\"nofollow noopener\"><b>laSexta<\/b><\/a>.<\/p>\n<p class=\"L6-news-detail__text\">La Unidad Central Operativa (UCO) de la Guardia Civil tambi\u00e9n se\u00f1ala que <b>hasta 2018 Cerd\u00e1n sacaba efectivo de manera constante<\/b>. Algo que termin\u00f3 a partir de 2019, coincidiendo con la etapa de <a title=\"Jos\u00e9 Luis \u00c1balos\" href=\"https:\/\/www.lasexta.com\/noticias\/nacional\/abalos-pide-anular-sentencia-dice-que-basa-testimonio-corroboracion-aldama-que-debio-ser-audiencia-nacional_202607156a57f0cee9f2e84b5c6a5b4c.html\" target=\"_blank\" rel=\"nofollow noopener\"><b>Jos\u00e9 Luis \u00c1balos<\/b><\/a> al frente del Ministerio de Transportes. Por eso, los investigadores sospechan que podr\u00edan venir de una fuente que no tuviese que ver con cuentas bancarias.<\/p>\n<p class=\"L6-news-detail__text\">Adem\u00e1s, tambi\u00e9n se recogen m\u00e1s de 320.000 euros que tanto Cerd\u00e1n como su familia habr\u00edan obtenido de beneficios entre 2015 y 2024. Una cantidad que, seg\u00fan los investigadores de la UCO, vendr\u00eda de Servinabar. Por eso, esta sociedad es clave para lo que podr\u00eda ser <b>una especie de &#8216;pulserita todo incluido&#8217;<\/b> de la familia de Cerd\u00e1n.<\/p>\n<p class=\"L6-news-detail__text\">Porque, empezando por el gran problema de ahora en el pa\u00eds, <b>la vivienda<\/b>, seg\u00fan este informe, Servinabar le pag\u00f3 el alquiler con 7.200 euros entre 2017 y 2018. Despu\u00e9s, entre agosto de 2018 y 2019, m\u00e1s de 44.000 euros. Incluso, en cierto momento, Servinabar <a title=\"pag\u00f3 la se\u00f1al de un piso de un mill\u00f3n de euros\" href=\"https:\/\/www.lasexta.com\/noticias\/nacional\/uco-concluye-que-cerdan-tuvo-ingresos-efectivo-origen-aparentemente-desconocido-valor-1826156-euros-2014-2017_202607176a5a1c871db8de040994169e.html\" target=\"_blank\" rel=\"nofollow noopener\"><b>pag\u00f3 la se\u00f1al de un piso de un mill\u00f3n de euros<\/b><\/a> para Santos Cerd\u00e1n. No obstante, la venta se frustr\u00f3 en el \u00faltimo momento.<\/p>\n<p class=\"L6-news-detail__text\">Con la casa solucionada mediante el pago de los alquileres, <b>Cerd\u00e1n tambi\u00e9n vio financiado su transporte<\/b>. Seg\u00fan el informe de la UCO, Servinabar le habr\u00eda pagado el renting del coche. Un gasto que habr\u00eda sido de 10.968,89 euros.<\/p>\n<p class=\"L6-news-detail__text\">Adem\u00e1s, siempre en l\u00ednea con lo que recoge el informe, <b>Cerd\u00e1n tuvo 19 tarjetas de cr\u00e9dito<\/b>. Una de ellas ser\u00eda de Servinabar y habr\u00eda gastado poco m\u00e1s de 33.000 euros. De ellos, 25.000 euros habr\u00edan sido dedicados a restaurantes, 3.500 euros en transporte, mientras que en alojamiento y comercios la suma asciende a 1.500 euros cada partida.<\/p>\n<p class=\"L6-news-detail__text\">En total, la UCO calcula que Santos Cerd\u00e1n y su familia habr\u00edan disfrutado en nueve a\u00f1os de m\u00e1s de 323.000 euros a trav\u00e9s de Servinabar. Tambi\u00e9n, directamente o a trav\u00e9s de empresas, <a title=\"se pagaron n\u00f3minas a su mujer, su hermana y su cu\u00f1ado\" href=\"https:\/\/www.lasexta.com\/noticias\/nacional\/paqui-munoz-cobro-1300-euros-mes-2023-2024-empresa-que-nunca-trabajo_202607176a5a553e0500ab412c9b5e0e.html\" target=\"_blank\" rel=\"nofollow noopener\"><b>se pagaron n\u00f3minas a su mujer, su hermana y su cu\u00f1ado<\/b><\/a>. Por otro lado, el informe concluye que Cerd\u00e1n ingres\u00f3 en efectivo <a title=\"18.000 euros de &quot;origen aparentemente desconocido&quot;\" href=\"https:\/\/www.lasexta.com\/noticias\/nacional\/uco-concluye-que-cerdan-tuvo-ingresos-efectivo-origen-aparentemente-desconocido-valor-1826156-euros-2014-2017_202607176a5a1c871db8de040994169e.html\" target=\"_blank\" rel=\"nofollow noopener\"><b>18.000 euros de \u00aborigen aparentemente desconocido\u00bb<\/b><\/a>.<\/p>\n<p class=\"L6-news-detail__text\"><b><a href=\"https:\/\/www.google.com\/preferences\/source?q=lasexta.com?|||EXTERNO\" rel=\"nofollow noopener\" target=\"_blank\">*A\u00f1ade laSexta como tu medio de referencia en Google y no te pierdas toda la actualidad y el mejor contenido<\/a><\/b><\/p>\n<p class=\"L6-support-news-video__title\">Entrevista con laSexta<\/p>\n<p> <a href=\"https:\/\/www.lasexta.com\/noticias\/sociedad\/han-destrozado-nina-familia-victima-jincho-recurre-sentencia-denuncia-presiones_202607176a5a74a81db8de040994a68a.html\" class=\"L6-news__link\" rel=\"nofollow noopener\" target=\"_blank\">\u00abHan destrozado a una ni\u00f1a\u00bb: la familia de la v\u00edctima del Jincho recurre la sentencia y denuncia presiones<\/p>\n<p class=\"recirculation-video-desc\">Los detalles Hace unas semanas, la Audiencia Provincial de Valencia absolv\u00eda al rapero El Jincho y a Osiris El Enemy de la agresi\u00f3n sexual denunciada por una menor de 17 a\u00f1os con un 41% de discapacidad.<\/p>\n<p> <\/a><\/p>\n","protected":false},"excerpt":{"rendered":"Si bien Santos Cerd\u00e1n neg\u00f3 ser socio de la empresa Servinabar, lo cierto es que existe un contrato&hellip;\n","protected":false},"author":2,"featured_media":663874,"comment_status":"","ping_status":"","sticky":false,"template":"","format":"standard","meta":{"footnotes":""},"categories":[8],"tags":[17,18,2125,25,24,13,14,1160,11,19,20,9,10,15,110362,16,1699,8411,23,12,2155,21,22],"class_list":["post-663873","post","type-post","status-publish","format-standard","has-post-thumbnail","category-espana","tag-breaking-news","tag-breakingnews","tag-directo","tag-es","tag-espana","tag-featured-news","tag-featurednews","tag-guardia-civil","tag-headlines","tag-latest-news","tag-latestnews","tag-news","tag-noticias","tag-noticias-destacadas","tag-noticias-ultima-hora","tag-noticiasdestacadas","tag-psoe","tag-santos-cerdan","tag-spain","tag-titulares","tag-uco","tag-ultimas-noticias","tag-ultimasnoticias"],"share_on_mastodon":{"url":"https:\/\/pubeurope.com\/@es\/116938506573698165","error":""},"_links":{"self":[{"href":"https:\/\/www.europesays.com\/es\/wp-json\/wp\/v2\/posts\/663873","targetHints":{"allow":["GET"]}}],"collection":[{"href":"https:\/\/www.europesays.com\/es\/wp-json\/wp\/v2\/posts"}],"about":[{"href":"https:\/\/www.europesays.com\/es\/wp-json\/wp\/v2\/types\/post"}],"author":[{"embeddable":true,"href":"https:\/\/www.europesays.com\/es\/wp-json\/wp\/v2\/users\/2"}],"replies":[{"embeddable":true,"href":"https:\/\/www.europesays.com\/es\/wp-json\/wp\/v2\/comments?post=663873"}],"version-history":[{"count":0,"href":"https:\/\/www.europesays.com\/es\/wp-json\/wp\/v2\/posts\/663873\/revisions"}],"wp:featuredmedia":[{"embeddable":true,"href":"https:\/\/www.europesays.com\/es\/wp-json\/wp\/v2\/media\/663874"}],"wp:attachment":[{"href":"https:\/\/www.europesays.com\/es\/wp-json\/wp\/v2\/media?parent=663873"}],"wp:term":[{"taxonomy":"category","embeddable":true,"href":"https:\/\/www.europesays.com\/es\/wp-json\/wp\/v2\/categories?post=663873"},{"taxonomy":"post_tag","embeddable":true,"href":"https:\/\/www.europesays.com\/es\/wp-json\/wp\/v2\/tags?post=663873"}],"curies":[{"name":"wp","href":"https:\/\/api.w.org\/{rel}","templated":true}]}}