{"id":663897,"date":"2026-07-18T02:23:25","date_gmt":"2026-07-18T02:23:25","guid":{"rendered":"https:\/\/www.europesays.com\/es\/663897\/"},"modified":"2026-07-18T02:23:25","modified_gmt":"2026-07-18T02:23:25","slug":"la-directora-de-la-guardia-civil-ante-el-juez-del-caso-leire-diez-soy-una-victima-de-santos-cerdan","status":"publish","type":"post","link":"https:\/\/www.europesays.com\/es\/663897\/","title":{"rendered":"La directora de la Guardia Civil, ante el juez del &#8216;caso Leire D\u00edez&#8217;: \u00abSoy una v\u00edctima de Santos Cerd\u00e1n\u00bb"},"content":{"rendered":"<p class=\"article-text\">\n        La directora de la Guardia Civil, Mercedes Gonz\u00e1lez, ha desvinculado este viernes en la Audiencia Nacional sus reuniones con Leire D\u00edez de las investigaciones internas abiertas en el instituto armado con motivo de tres informaciones de prensa relacionadas con casos de la Unidad Central Operativa (UCO). Gonz\u00e1lez est\u00e1 imputada a partir de la inferencia de la propia UCO, respaldada por Anticorrupci\u00f3n y el juez Santiago Pedraz, que unen el hecho de que la directora mantuviera tres encuentros con Leire D\u00edez \u2013ella solo reconoce dos\u2013 y que se abrieran las informaciones reservadas, cerradas al poco sin ning\u00fan castigo.\n    <\/p>\n<p class=\"article-text\">\n        Gonz\u00e1lez ha explicado ante el juez que se siente \u201cv\u00edctima\u201d de Santos Cerd\u00e1n y los manejos de este al frente de la Secretar\u00eda de Organizaci\u00f3n del PSOE con Leire D\u00edez. \u201cEstoy en el listado de v\u00edctimas de Santos Cerd\u00e1n\u201d, ha llegado a decir Gonz\u00e1lez, informan fuentes jur\u00eddicas. Adem\u00e1s, la directora de la Guardia Civil ha dicho que es conocida la \u201canimadversi\u00f3n\u201d que por ella siente el antiguo n\u00famero 3 del PSOE. Si hubiera sabido que Leire D\u00edez era \u201cuna enviada\u201d de Cerd\u00e1n, no la habr\u00eda recibido, ha a\u00f1adido Gonz\u00e1lez.\n    <\/p>\n<p class=\"article-text\">\n        La directora de la Guardia Civil ha contestado con un rotundo \u201cno\u201d a la \u00faltima de las preguntas que le ha formulado su abogada sobre si sus \u201cencuentros\u201d con Leire D\u00edez est\u00e1n relacionados con la apertura de informaciones reservadas por tres noticias aparecidas en los medios sobre casos de la UCO.\n    <\/p>\n<p class=\"article-text\">\n        La imputaci\u00f3n a Mercedes Gonz\u00e1lez parte de las reuniones con D\u00edez y los comentarios que esta hace a terceros, a trav\u00e9s de mensajes, respecto de una supuesta estrecha relaci\u00f3n con la directora de la Guardia Civil, un car\u00e1cter que esta niega. Tambi\u00e9n de que D\u00edez apuntara en su agenda \u201cinvestigaciones de las filtraciones\u201d en un momento en el que el grupo que comandaba la exmilitante socialista estaba convencido de que la UCO manten\u00eda una campa\u00f1a contra el Gobierno y el PSOE que pasaba por pasar informaciones a algunos medios, algo que nunca se ha demostrado.\n    <\/p>\n<p class=\"article-text\">\n        Las investigaciones internas consistieron, solo en uno de los tres casos, en tomar declaraci\u00f3n a dos generales y al teniente coronel Antonio Balas, jefe del grupo que investiga los casos que afectan al PSOE. Uno de esos generales era el entonces coronel jefe de la UCO, Rafael Yuste; el otro, el general de Polic\u00eda Judicial, Alfonso L\u00f3pez Malo.\n    <\/p>\n<p class=\"article-text\">\n        Con los tres, y junto al director adjunto operativo Manuel Llamas, se reuni\u00f3 Gonz\u00e1lez para trasladarles su apoyo en plena tormenta pol\u00edtica y medi\u00e1tica por las especulaciones sobre las filtraciones. Gonz\u00e1lez dijo en su comparecencia en el Senado que ella mencion\u00f3 en esa reuni\u00f3n \u201cexpresamente\u201d sus reuniones con D\u00edez. L\u00f3pez Malo y Yuste, en condici\u00f3n de testigos y con obligaci\u00f3n de decir verdad, lo desmintieron ante Pedraz, seg\u00fan desvel\u00f3 elDiario.es.\n    <\/p>\n<p>    Desmentido a los jefes de UCO<\/p>\n<p class=\"article-text\">\n        Este asunto ha surgido tambi\u00e9n en su declaraci\u00f3n ante el juez, a preguntas del aboado del PP. Mercedes Gonz\u00e1lez ha dicho que, en un momento del encuentro, le pregunt\u00f3 a Balas \u2013al que no conoc\u00eda\u2013 por su situaci\u00f3n personal y por su familia. Acababa de publicarse el audio en el que Leire D\u00edez aseguraba que quer\u00eda a Balas \u201cmuerto\u201d. Gonz\u00e1lez ha dicho este viernes que le dijo a Balas: \u201cYo la conozco\u201d.\n    <\/p>\n<p>    <a href=\"https:\/\/www.eldiario.es\/politica\/jefes-uco-desmienten-juez-directora-guardia-civil-aseguran-les-hablo-leire-diez_1_13335805.html\" data-mrf-recirculation=\"saber-mas-abajo\" data-dl-event=\"saber-mas-abajo\" rel=\"nofollow noopener\" target=\"_blank\"><\/p>\n<p class=\"know-more__title\">Los jefes de la UCO desmienten a la directora de la Guardia Civil y aseguran al juez que nunca les habl\u00f3 de Leire D\u00edez<\/p>\n<p>            <img decoding=\"async\" class=\"lazy\" loading=\"lazy\" data-src=\"https:\/\/static.eldiario.es\/clip\/46baaf00-271c-4e1c-9c1b-71b04e29d35c_16-9-aspect-ratio_default_0.jpg\" src=\"data:image\/svg+xml,%3Csvg xmlns=\" http:=\"\" viewbox=\"0 0 880 495\" alt=\"Los jefes de la UCO desmienten a la directora de la Guardia Civil y aseguran al juez que nunca les habl\u00f3 de Leire D\u00edez\"\/><\/p>\n<p>                        <\/a><\/p>\n<p class=\"article-text\">\n        Respecto de las informaciones reservadas, Gonz\u00e1lez ha dicho que la abierta con motivo de la publicaci\u00f3n de las direcciones de la mujer de Pedro S\u00e1nchez, del propio presidente y su hermano, la directora de la Guardia Civil ha dicho que estaba m\u00e1s que justificada su apertura. Seg\u00fan ha repetido en varias ocasiones hab\u00eda \u201cm\u00e1s de 10.000 correos\u201d entre los que elegir para que la UCO ense\u00f1ara a la jueza del caso del hermano de S\u00e1nchez c\u00f3mo subirlos a la nube y que las partes accedieran ellos. Y de esos 10.000 correos, la UCO escogi\u00f3 uno en el que aparec\u00edan todas esas direcciones de personas de relevancia p\u00fablica y ajenas a la causa. Luego, la jueza subi\u00f3 por error el correo. La investigaci\u00f3n abierta acab\u00f3 en una amonestaci\u00f3n verbal al agente de la UCO responsable que ni siquiera se lleg\u00f3 a materializar.\n    <\/p>\n","protected":false},"excerpt":{"rendered":"La directora de la Guardia Civil, Mercedes Gonz\u00e1lez, ha desvinculado este viernes en la Audiencia Nacional sus reuniones&hellip;\n","protected":false},"author":2,"featured_media":663898,"comment_status":"","ping_status":"","sticky":false,"template":"","format":"standard","meta":{"footnotes":""},"categories":[5],"tags":[17,18,6985,9594,2804,8365,25,24,13,14,2803,11,1664,19,20,25809,9,10,15,16,9593,23,12,21,22,14281],"class_list":["post-663897","post","type-post","status-publish","format-standard","has-post-thumbnail","category-titulares","tag-breaking-news","tag-breakingnews","tag-caso","tag-cerdan","tag-civil","tag-directora","tag-es","tag-espana","tag-featured-news","tag-featurednews","tag-guardia","tag-headlines","tag-juez","tag-latest-news","tag-latestnews","tag-leire","tag-news","tag-noticias","tag-noticias-destacadas","tag-noticiasdestacadas","tag-santos","tag-spain","tag-titulares","tag-ultimas-noticias","tag-ultimasnoticias","tag-victima"],"share_on_mastodon":{"url":"https:\/\/pubeurope.com\/@es\/116938604862024103","error":""},"_links":{"self":[{"href":"https:\/\/www.europesays.com\/es\/wp-json\/wp\/v2\/posts\/663897","targetHints":{"allow":["GET"]}}],"collection":[{"href":"https:\/\/www.europesays.com\/es\/wp-json\/wp\/v2\/posts"}],"about":[{"href":"https:\/\/www.europesays.com\/es\/wp-json\/wp\/v2\/types\/post"}],"author":[{"embeddable":true,"href":"https:\/\/www.europesays.com\/es\/wp-json\/wp\/v2\/users\/2"}],"replies":[{"embeddable":true,"href":"https:\/\/www.europesays.com\/es\/wp-json\/wp\/v2\/comments?post=663897"}],"version-history":[{"count":0,"href":"https:\/\/www.europesays.com\/es\/wp-json\/wp\/v2\/posts\/663897\/revisions"}],"wp:featuredmedia":[{"embeddable":true,"href":"https:\/\/www.europesays.com\/es\/wp-json\/wp\/v2\/media\/663898"}],"wp:attachment":[{"href":"https:\/\/www.europesays.com\/es\/wp-json\/wp\/v2\/media?parent=663897"}],"wp:term":[{"taxonomy":"category","embeddable":true,"href":"https:\/\/www.europesays.com\/es\/wp-json\/wp\/v2\/categories?post=663897"},{"taxonomy":"post_tag","embeddable":true,"href":"https:\/\/www.europesays.com\/es\/wp-json\/wp\/v2\/tags?post=663897"}],"curies":[{"name":"wp","href":"https:\/\/api.w.org\/{rel}","templated":true}]}}