{"id":66393,"date":"2025-08-23T07:20:14","date_gmt":"2025-08-23T07:20:14","guid":{"rendered":"https:\/\/www.europesays.com\/es\/66393\/"},"modified":"2025-08-23T07:20:14","modified_gmt":"2025-08-23T07:20:14","slug":"jcc-pokemon-pocket-desvela-su-expansion-manantial-oculto-de-forma-oficial-todas-las-cartas-confirmadas-trailer-en-espanol-eventos-futuros-y-mas","status":"publish","type":"post","link":"https:\/\/www.europesays.com\/es\/66393\/","title":{"rendered":"JCC Pok\u00e9mon Pocket desvela su expansi\u00f3n Manantial Oculto de forma oficial: todas las cartas confirmadas, tr\u00e1iler en espa\u00f1ol, eventos futuros y m\u00e1s"},"content":{"rendered":"<p><strong>\u00a1Parece que ya se ha anunciado oficialmente la siguiente expansi\u00f3n de <\/strong><a href=\"https:\/\/www.nintenderos.com\/2024\/10\/el-nuevo-juego-gratis-de-pokemon-supera-los-6-millones-de-preinscripciones-y-confirma-regalo\/\" rel=\"nofollow noopener\" target=\"_blank\">JCC Pok\u00e9mon Pocket<\/a><strong>!\u00a0<\/strong>Aqu\u00ed os traemos informaci\u00f3n interesante. Se trata efectivamente de noticias relacionadas con\u00a0<a href=\"https:\/\/www.nintenderos.com\/2024\/02\/el-presidente-de-pokemon-acaba-de-comparar-la-franquicia-con-el-shogi\/\" rel=\"nofollow noopener\" target=\"_blank\">Pok\u00e9mon\u00a0<\/a>y su\u00a0<a href=\"https:\/\/www.nintenderos.com\/2024\/01\/el-jcc-pokemon-detalla-su-siguiente-set-en-occidente-fuerzas-temporales\/\" rel=\"nofollow noopener\" target=\"_blank\">Juego de Cartas Coleccionables<\/a>.<\/p>\n<p>Tras conocer que tambi\u00e9n\u00a0<a href=\"https:\/\/www.nintenderos.com\/2025\/01\/jcc-pokemon-pocket-estrena-su-nueva-expansion-con-regalos-para-todos-y-problemas-de-carga\/\" rel=\"nofollow noopener\" target=\"_blank\">hay regalos\u00a0<\/a>as\u00ed como\u00a0<a href=\"https:\/\/www.nintenderos.com\/2025\/07\/jcc-pokemon-pocket-fecha-y-detalla-sus-proximas-novedades-en-los-intercambios-incluyendo-la-eliminacion-de-las-fichas-de-intercambio\/\" rel=\"nofollow noopener\" target=\"_blank\">ajustes en los intercambios\u00a0<\/a>en camino, ahora tenemos novedades tras la nueva expansi\u00f3n\u00a0<a href=\"https:\/\/www.nintenderos.com\/2025\/07\/jcc-pokemon-pocket-desvela-su-nueva-expansion-saber-marino-y-celeste\/\" rel=\"nofollow noopener\" target=\"_blank\">Saber Marino y Celeste<\/a> (Wisdom of the Sea and Sky). Ya est\u00e1 disponible, y ahora toca centrarse en la siguiente: <a href=\"https:\/\/www.nintenderos.com\/2025\/08\/jcc-pokemon-pocket-recibe-su-nueva-expansion-este-mismo-mes-con-suicune-ex\/\" rel=\"nofollow noopener\" target=\"_blank\">Manantial Oculto<\/a> <strong>se lanzar\u00e1 el 28 de agosto y contar\u00e1 con<\/strong>\u00a0<strong>Suicune ex como protagonista<\/strong>. El Pok\u00e9mon protagonista es Suicune ex, aunque tambi\u00e9n tendremos a\u00a0<strong>Raikou ex y Entei ex, as\u00ed como a Latias, Latios y Milotic<\/strong>.<\/p>\n<p>Despu\u00e9s de la <a href=\"https:\/\/www.nintenderos.com\/2025\/08\/el-trailer-de-la-nueva-expansion-de-suicune-ex-y-mas-de-jcc-pokemon-pocket-se-ha-filtrado-y-muestra-numerosas-cartas\/\" rel=\"nofollow noopener\" target=\"_blank\">filtraci\u00f3n de su tr\u00e1iler<\/a>, ahora se ha anunciado oficialmente <strong>con todos los detalles<\/strong>.\u00a0 Algunos Pok\u00e9mon de la regi\u00f3n de Hoenn tambi\u00e9n har\u00e1n su aparici\u00f3n. \u00a1Prep\u00e1rate para hacerte con tantos como puedas! Manantial Oculto estar\u00e1 disponible el jueves 28 de agosto de 2025 a las 06:00 UTC. Abajo ten\u00e9is su tr\u00e1iler y m\u00e1s detalles adicionales, mientras que tambi\u00e9n pod\u00e9is encontrar <strong>todas las cartas confirmadas<\/strong> por ahora <a href=\"https:\/\/t.co\/wInYfwr06d\" class=\"external\" rel=\"nofollow\">aqu\u00ed<\/a>.<\/p>\n<p>Otros contenidos en esta categor\u00eda:<\/p>\n<p>Suicune ha servido de inspiraci\u00f3n para una nueva portada de \u00e1lbumes y un fondo para vitrinas, que estar\u00e1n disponibles a partir del lunes 1 de septiembre de 2025. Adem\u00e1s, durante el mes de septiembre se celebrar\u00e1n una serie de eventos en el juego. A principios de mes, podr\u00e1s disfrutar de un evento bot\u00edn de Zoroark que te permitir\u00e1 obtener las cartas del sobre de promoci\u00f3n serie\u00a0A vol.\u00a012 al completar partidas individuales, adem\u00e1s del evento de la semana extra, donde podr\u00e1s reunir relojes de arena de sobres y otras recompensas si completas las misiones del evento.<\/p>\n<p><img decoding=\"async\" src=\"https:\/\/www.europesays.com\/es\/wp-content\/uploads\/2025\/08\/Gy9UeJnXUAAskLs\" alt=\"Imagen\"\/><\/p>\n<p>A mediados de septiembre, <strong>Miltank y Phanpy ser\u00e1n los protagonistas de un evento elecci\u00f3n m\u00e1gica<\/strong>, donde podr\u00e1s obtener sus cartas de promoci\u00f3n. Tambi\u00e9n habr\u00e1 misiones en las que podr\u00e1s conseguir cupones de tienda como recompensa. Por \u00faltimo, a finales de septiembre, podr\u00e1s hacerte con Pok\u00e9mon de tipo Agua en las elecciones extra y elecciones especiales de la aparici\u00f3n masiva de Pok\u00e9mon de tipo Agua. Tambi\u00e9n habr\u00e1 disponibles nuevos efectos visuales mediante canje, adem\u00e1s de misiones donde obtener cupones de tienda.<\/p>\n<p><img decoding=\"async\" src=\"https:\/\/www.europesays.com\/es\/wp-content\/uploads\/2025\/08\/Gy9VEvAXcAAS_89\" alt=\"Imagen\"\/><\/p>\n<p>Para terminar, no olvid\u00e9is que\u00a0<a href=\"https:\/\/www.nintenderos.com\/2025\/08\/jcc-pokemon-pocket-detalla-la-llegada-de-megaevoluciones-informacion-y-trailer\/\" rel=\"nofollow noopener\" target=\"_blank\">tenemos Megaevoluciones de camino<\/a>\u00a0a esta app tambi\u00e9n.<\/p>\n<p>\u00bfQu\u00e9 os ha parecido JCC Pok\u00e9mon Pocket hasta ahora a vosotros? No dud\u00e9is en compartir vuestra opini\u00f3n al respecto en los comentarios. \u00a1Os leemos detenidamente m\u00e1s abajo!<\/p>\n<p><a href=\"https:\/\/www.serebii.net\/\" class=\"external\" rel=\"nofollow noopener\" target=\"_blank\">Fuente<\/a>.<\/p>\n","protected":false},"excerpt":{"rendered":"\u00a1Parece que ya se ha anunciado oficialmente la siguiente expansi\u00f3n de JCC Pok\u00e9mon Pocket!\u00a0Aqu\u00ed os traemos informaci\u00f3n interesante.&hellip;\n","protected":false},"author":2,"featured_media":66394,"comment_status":"","ping_status":"","sticky":false,"template":"","format":"standard","meta":{"footnotes":""},"categories":[81],"tags":[119,123,124,25,24,26956,117,121,122,23,118,120],"class_list":{"0":"post-66393","1":"post","2":"type-post","3":"status-publish","4":"format-standard","5":"has-post-thumbnail","7":"category-ciencia-y-tecnologia","8":"tag-ciencia","9":"tag-ciencia-y-tecnologia","10":"tag-cienciaytecnologia","11":"tag-es","12":"tag-espana","13":"tag-jcc-pokemon-pocket","14":"tag-science","15":"tag-science-and-technology","16":"tag-scienceandtechnology","17":"tag-spain","18":"tag-technology","19":"tag-tecnologia"},"share_on_mastodon":{"url":"","error":""},"_links":{"self":[{"href":"https:\/\/www.europesays.com\/es\/wp-json\/wp\/v2\/posts\/66393","targetHints":{"allow":["GET"]}}],"collection":[{"href":"https:\/\/www.europesays.com\/es\/wp-json\/wp\/v2\/posts"}],"about":[{"href":"https:\/\/www.europesays.com\/es\/wp-json\/wp\/v2\/types\/post"}],"author":[{"embeddable":true,"href":"https:\/\/www.europesays.com\/es\/wp-json\/wp\/v2\/users\/2"}],"replies":[{"embeddable":true,"href":"https:\/\/www.europesays.com\/es\/wp-json\/wp\/v2\/comments?post=66393"}],"version-history":[{"count":0,"href":"https:\/\/www.europesays.com\/es\/wp-json\/wp\/v2\/posts\/66393\/revisions"}],"wp:featuredmedia":[{"embeddable":true,"href":"https:\/\/www.europesays.com\/es\/wp-json\/wp\/v2\/media\/66394"}],"wp:attachment":[{"href":"https:\/\/www.europesays.com\/es\/wp-json\/wp\/v2\/media?parent=66393"}],"wp:term":[{"taxonomy":"category","embeddable":true,"href":"https:\/\/www.europesays.com\/es\/wp-json\/wp\/v2\/categories?post=66393"},{"taxonomy":"post_tag","embeddable":true,"href":"https:\/\/www.europesays.com\/es\/wp-json\/wp\/v2\/tags?post=66393"}],"curies":[{"name":"wp","href":"https:\/\/api.w.org\/{rel}","templated":true}]}}