{"id":66399,"date":"2025-08-23T07:23:10","date_gmt":"2025-08-23T07:23:10","guid":{"rendered":"https:\/\/www.europesays.com\/es\/66399\/"},"modified":"2025-08-23T07:23:10","modified_gmt":"2025-08-23T07:23:10","slug":"el-plan-de-la-ue-para-la-futura-pac-deja-a-cerca-de-150-000-jubilados-sin-ayudas","status":"publish","type":"post","link":"https:\/\/www.europesays.com\/es\/66399\/","title":{"rendered":"El plan de la UE para la futura PAC deja a cerca de 150.000 jubilados sin ayudas"},"content":{"rendered":"<p style=\"\">Tras a\u00f1os coqueteando con la idea, finalmente la Comisi\u00f3n Europea se ha atrevido a tomar una decisi\u00f3n que ser\u00e1 impopular pero que buena parte del sector primario considera necesaria: expulsar a los jubilados de las ayudas de la <a href=\"https:\/\/www.abc.es\/economia\/campo-europeo-movilizara-manana-bruselas-defensa-pac-20250715172745-nt.html\" target=\"_self\" data-voc-vtm-id=\"in-text-traffic\" title=\"Pol\u00edtica Agraria Com\u00fan (PAC)\" data-mrf-link=\"www.abc.es\" rel=\"nofollow noopener\">Pol\u00edtica Agraria Com\u00fan (PAC)<\/a>. Si el  &#8230; ejecutivo que preside Ursula von der Leyen logra que el Parlamento y los Estados miembro (l\u00e9ase, el Consejo) aprueben el reglamento de la pr\u00f3xima PAC (que comprende el per\u00edodo 2028-2034) tal y como est\u00e1 redactado, para 2032 como m\u00e1ximo los agricultores que \u00abalcancen la edad de jubilaci\u00f3n determinada por la ley nacional y los que reciban una pensi\u00f3n de jubilaci\u00f3n\u00bb ya no podr\u00e1n recibir dinero de la UE, seg\u00fan se lee en la propuesta.<\/p>\n<p class=\"voc-p\" style=\"\">Esta es una de las grandes novedades que contiene el borrador del presupuesto comunitario \u2013el llamado Marco Financiero Plurianual (MFP)\u2013 para el per\u00edodo 2028-2034, que la Comisi\u00f3n present\u00f3 el pasado mes de julio, dando el pistoletazo de salida al per\u00edodo de negociaci\u00f3n. La otra es el <strong>recorte presupuestario del 20% que va a sufrir la PAC<\/strong> (30% si se tiene en cuenta la inflaci\u00f3n), que provoc\u00f3 una furibunda reacci\u00f3n de las organizaciones agrarias, tanto como para que el veto a los jubilados haya pasado de tapadillo en el debate p\u00fablico, a pesar de que afecta a un colectivo que actualmente forma el grueso de los perceptores de los fondos.<\/p>\n<p class=\"voc-p\" style=\"\">En Espa\u00f1a, la medida afectar\u00e1 a alrededor de 150.000 agricultores que, de media, reciben 4.200 euros anuales, seg\u00fan datos de 2023 del Ministerio de Agricultura. La cifra es una estimaci\u00f3n, pues el departamento que dirige Luis Planas no ofrece informaci\u00f3n sobre cu\u00e1ntos solicitantes de las ayudas son pensionistas, pero fuentes del sector explican a ABC que incluso podr\u00eda quedarse corta, puesto que <strong>el 40% de los beneficiarios de la PAC son mayores de 65 a\u00f1os<\/strong>. <\/p>\n<p class=\"voc-p\" style=\"\">Exactamente, se trata de <strong>222.449 personas que en 2023 recibieron 936 millones de euros en ayudas directas<\/strong>. Y a\u00f1\u00e1danse a estos otros 32.129 &#8216;s\u00e9niors&#8217; que ese a\u00f1o percibieron fondos de Desarrollo Rural, un 20% del total. Si se tiene en cuenta que solamente 19.422 personas en ese tramo de edad constan como afiliados del sector agrario en el R\u00e9gimen Especial de Trabajadores Aut\u00f3nomos (datos de 2024), se desprende que el resto de beneficiarios est\u00e1n compatibilizando la subvenci\u00f3n agr\u00edcola con una pensi\u00f3n o, como explica a ABC Ignacio Atance, que fue Subdirector General de Planificaci\u00f3n de Pol\u00edticas Agrarias \u2013el organismo en el seno de Agricultura que elabor\u00f3 el \u00faltimo Plan Estrat\u00e9gico de la PAC\u2013, son empleados o pensionistas de otros sectores que tienen alguna finca en propiedad. <\/p>\n<p class=\"voc-p\" style=\"\">Sea como fuere, cerca de la mitad de las ayudas se destinan a personas que est\u00e1n jubiladas o cerca de la jubilaci\u00f3n, un dato que ilustra el fracaso del programa de la PAC estrenado en 2023 (el que est\u00e1 vigente), que ten\u00eda entre sus objetivos rejuvenecer al campo y orientar las ayudas hacia los profesionales. Para lograrlo, entonces se impusieron algunas restricciones para acceder a los fondos; por ejemplo, que los solicitantes pudieran demostrar que un 25% de su renta proced\u00eda del campo. La estrategia no funcion\u00f3, as\u00ed que <strong>Bruselas ha optado por la soluci\u00f3n m\u00e1s dr\u00e1stica, aunque tambi\u00e9n sea la m\u00e1s dolorosa<\/strong>. A partir de ah\u00ed, est\u00e1 por ver cu\u00e1l es la reacci\u00f3n de las organizaciones agrarias. Seg\u00fan fuentes del sector, es posible que su respuesta sea menos virulenta de lo que podr\u00eda esperarse, pues la presencia de tantos pensionistas entre los receptores de las ayudas disgusta incluso en el seno de los sindicatos agrarios. <\/p>\n<p class=\"voc-p\" style=\"\">En cualquier caso, y en opini\u00f3n de Atance, mientras la trifulca pol\u00edtica se centra en el presupuesto, es posible que la Comisi\u00f3n logre sacar adelante una medida que sin duda alterar\u00e1 el mundo rural y que, por cierto, plantea dudas dado su dif\u00edcil acoplamiento con la realidad de un sector que se envejece a marchas forzadas. <strong>En Espa\u00f1a, el 41% de los agricultores tiene m\u00e1s de 65 a\u00f1os y el 51% est\u00e1 entre los 40 y los 64.<\/strong><\/p>\n<p>\nAgricultura pierde la exclusiva del reparto de los fondos en Espa\u00f1a\n<\/p>\n<p class=\"voc-p\" style=\"\">M\u00e1s all\u00e1 del recorte presupuestario, la otra gran novedad que trae la propuesta de la Comisi\u00f3n Europea para la PAC del per\u00edodo 2028-2034 es un cambio en el modo de gobernanza que, en Espa\u00f1a, se traducir\u00e1 en una sustancial <strong>p\u00e9rdida de peso pol\u00edtico para el Ministerio de Agricultura en el seno del Gobierno<\/strong>. Hasta ahora, la pol\u00edtica agraria contaba con una partida presupuestaria propia, de modo que correspond\u00eda a los ministros de Agricultura de los Estados miembro decidir c\u00f3mo gastar el dinero. <\/p>\n<p class=\"voc-p\" style=\"\">Sin embargo, en el nuevo esquema que propone Bruselas el montante de la PAC formar\u00e1 parte de un paquete en el que tambi\u00e9n se incluir\u00e1n los gastos para defensa o los fondos de cohesi\u00f3n. A partir de ah\u00ed, corresponder\u00e1 a los Estados miembro distribuir los fondos, con algunos l\u00edmites; por ejemplo, que al menos 300.000 millones del total que reciban los pa\u00edses se invierta en el sector agrario. <\/p>\n<p class=\"voc-p\" style=\"\">En cualquier caso, y como explica Ignacio Atance, ya no ser\u00eda el ministro de Agricultura el interlocutor principal, sino Presidencia del Gobierno o el Ministerio de Econom\u00eda. Y esto, seg\u00fan este experto, puede acabar influyendo en las pol\u00edticas que se lleven a cabo, por ejemplo, por el cambio que introducir\u00e1 en el modo de negociar con las CC.AA. Si las autonom\u00edas tienen que solicitar fondos a La Moncloa y no a Agricultura, <strong>es posible que en el reparto del dinero intervengan los intereses de otros departamentos que nada tienen que ver con la agricultura.<\/strong><\/p>\n","protected":false},"excerpt":{"rendered":"Tras a\u00f1os coqueteando con la idea, finalmente la Comisi\u00f3n Europea se ha atrevido a tomar una decisi\u00f3n que&hellip;\n","protected":false},"author":2,"featured_media":66400,"comment_status":"","ping_status":"","sticky":false,"template":"","format":"standard","meta":{"footnotes":""},"categories":[8],"tags":[26959,249,17,18,3570,51,25,24,13,14,11486,11,11986,19,20,9,10,15,16,26958,2568,23,12,943,21,22],"class_list":{"0":"post-66399","1":"post","2":"type-post","3":"status-publish","4":"format-standard","5":"has-post-thumbnail","7":"category-espana","8":"tag-26959","9":"tag-ayudas","10":"tag-breaking-news","11":"tag-breakingnews","12":"tag-cerca","13":"tag-deja","14":"tag-es","15":"tag-espana","16":"tag-featured-news","17":"tag-featurednews","18":"tag-futura","19":"tag-headlines","20":"tag-jubilados","21":"tag-latest-news","22":"tag-latestnews","23":"tag-news","24":"tag-noticias","25":"tag-noticias-destacadas","26":"tag-noticiasdestacadas","27":"tag-pac","28":"tag-plan","29":"tag-spain","30":"tag-titulares","31":"tag-ue","32":"tag-ultimas-noticias","33":"tag-ultimasnoticias"},"share_on_mastodon":{"url":"","error":""},"_links":{"self":[{"href":"https:\/\/www.europesays.com\/es\/wp-json\/wp\/v2\/posts\/66399","targetHints":{"allow":["GET"]}}],"collection":[{"href":"https:\/\/www.europesays.com\/es\/wp-json\/wp\/v2\/posts"}],"about":[{"href":"https:\/\/www.europesays.com\/es\/wp-json\/wp\/v2\/types\/post"}],"author":[{"embeddable":true,"href":"https:\/\/www.europesays.com\/es\/wp-json\/wp\/v2\/users\/2"}],"replies":[{"embeddable":true,"href":"https:\/\/www.europesays.com\/es\/wp-json\/wp\/v2\/comments?post=66399"}],"version-history":[{"count":0,"href":"https:\/\/www.europesays.com\/es\/wp-json\/wp\/v2\/posts\/66399\/revisions"}],"wp:featuredmedia":[{"embeddable":true,"href":"https:\/\/www.europesays.com\/es\/wp-json\/wp\/v2\/media\/66400"}],"wp:attachment":[{"href":"https:\/\/www.europesays.com\/es\/wp-json\/wp\/v2\/media?parent=66399"}],"wp:term":[{"taxonomy":"category","embeddable":true,"href":"https:\/\/www.europesays.com\/es\/wp-json\/wp\/v2\/categories?post=66399"},{"taxonomy":"post_tag","embeddable":true,"href":"https:\/\/www.europesays.com\/es\/wp-json\/wp\/v2\/tags?post=66399"}],"curies":[{"name":"wp","href":"https:\/\/api.w.org\/{rel}","templated":true}]}}