{"id":664097,"date":"2026-07-18T06:02:26","date_gmt":"2026-07-18T06:02:26","guid":{"rendered":"https:\/\/www.europesays.com\/es\/664097\/"},"modified":"2026-07-18T06:02:26","modified_gmt":"2026-07-18T06:02:26","slug":"oscar-puente-invita-a-puigdemont-a-volver-a-espana-hoy-mismo-tras-el-aval-el-tjue-a-la-amnistia-lo-tiene-a-huevo","status":"publish","type":"post","link":"https:\/\/www.europesays.com\/es\/664097\/","title":{"rendered":"\u00d3scar Puente invita a Puigdemont a volver a Espa\u00f1a hoy mismo tras el aval el TJUE a la amnist\u00eda: \u00abLo tiene a huevo\u00bb"},"content":{"rendered":"<p class=\"article-text\">\n         El ministro de Transportes, \u00d3scar Puente, ha defendido este viernes la aplicaci\u00f3n inmediata de la ley de amnist\u00eda y el regreso ya a Espa\u00f1a del expresidente de Catalunya Carles Puigdemont tras el<a href=\"https:\/\/www.eldiario.es\/catalunya\/constitucional-logra-aval-europeo-conflicto-supremo-amnistia-puigdemont_1_13385714.html\" data-mrf-recirculation=\"links-noticia\" class=\"link\" rel=\"nofollow noopener\" target=\"_blank\"> fallo del Tribunal de Justicia de la Uni\u00f3n Europea<\/a> (TJUE). \u201cSi yo fuera el se\u00f1or Puigdemont, yo me plantaba hoy en Espa\u00f1a sin ninguna duda\u201d, ha afirmado Puente en una entrevista en RNE en la que ha a\u00f1adido que el expresidente \u201clo tendr\u00eda a huevo\u201d.\n    <\/p>\n<p>    <a href=\"https:\/\/www.eldiario.es\/politica\/sentencia-europea-dice-marchena-tribunal-supremo_129_13384744.html\" data-mrf-recirculation=\"saber-mas\" data-dl-event=\"saber-mas\" rel=\"nofollow noopener\" target=\"_blank\"><\/p>\n<p class=\"know-more__title\">Lo que la sentencia europea nos dice de Marchena y del Tribunal Supremo<\/p>\n<p>            <img decoding=\"async\" class=\"lazy\" loading=\"lazy\" data-src=\"https:\/\/static.eldiario.es\/clip\/80eff636-ee1f-4932-9cc5-5d3cd834e341_16-9-aspect-ratio_default_0_x957y287.jpg\" src=\"data:image\/svg+xml,%3Csvg xmlns=\" http:=\"\" viewbox=\"0 0 880 495\" alt=\"Lo que la sentencia europea nos dice de Marchena y del Tribunal Supremo\"\/><\/p>\n<p>                        <\/a><\/p>\n<p class=\"article-text\">\n        En su opini\u00f3n, \u00abhay cosas que son insostenibles\u00bb y a las que \u201chay que plantar cara de una vez\u201d, y ha se\u00f1alado que el regreso ser\u00eda un gesto de liderazgo pol\u00edtico y una decisi\u00f3n coherente con lo que dice la legislaci\u00f3n espa\u00f1ola, el TJUE y el Tribunal Constitucional.\n    <\/p>\n<p class=\"article-text\">\n        Ha puntualizado que no sabe qu\u00e9 decisi\u00f3n va a tomar Puigdemont, una vez que el TJUE ha resuelto que la ley de amnist\u00eda es conforme al derecho comunitario, no menoscaba la directiva europea sobre terrorismo y que amnistiar la malversaci\u00f3n no da\u00f1a las finanzas europeas.\n    <\/p>\n<p class=\"article-text\">\n        \u201cSi yo no puedo circular libremente por un pa\u00eds que ha decidido libremente que yo sea libre, pues chico, vamos a ponernos todos colorados de una vez, dicen que m\u00e1s vale un minuto colorado que toda la vida amarillo, yo lo har\u00eda\u201d, ha insistido.\n    <\/p>\n<p class=\"article-text\">\n        El ministro ha considerado \u201ctremendamente complicado de entender que la justicia espa\u00f1ola intente incumplir\u201d la ley de amnist\u00eda y que se sostenga que \u201cno se va a aplicar con car\u00e1cter inmediato\u201d.\n    <\/p>\n<p class=\"article-text\">\n        El fallo del TJUE acredita, a su juicio, que hay una parte del poder judicial en Espa\u00f1a que no respeta la legitimidad del poder legislativo, que cuestiona su capacidad para decidir c\u00f3mo regula la vida del pa\u00eds y que cree que est\u00e1 por encima de \u00e9l.\n    <\/p>\n<p>    Turull tilda de \u201cmiseria y frivolidad\u201d el comentario de Puente <\/p>\n<p class=\"article-text\">\n        El secretario general de Junts, Jordi Turull, ha criticado los comentarios del ministro: \u201cCuanta miseria y frivolidad\u201d, ha escrito en la red social X.\n    <\/p>\n<p>    <a href=\"https:\/\/www.eldiario.es\/catalunya\/constitucional-logra-aval-europeo-conflicto-supremo-amnistia-puigdemont_1_13385714.html\" data-mrf-recirculation=\"saber-mas-abajo\" data-dl-event=\"saber-mas-abajo\" rel=\"nofollow noopener\" target=\"_blank\"><\/p>\n<p class=\"know-more__title\">El Constitucional logra el aval europeo ante el conflicto con el Supremo por la amnist\u00eda a Puigdemont\n<\/p>\n<p>            <img decoding=\"async\" class=\"lazy\" loading=\"lazy\" data-src=\"https:\/\/static.eldiario.es\/clip\/8c5a8068-5b32-4fc7-896c-6ae6ec00e968_16-9-aspect-ratio_default_0.jpg\" src=\"data:image\/svg+xml,%3Csvg xmlns=\" http:=\"\" viewbox=\"0 0 880 495\" alt=\"El Constitucional logra el aval europeo ante el conflicto con el Supremo por la amnist\u00eda a Puigdemont\"\/><\/p>\n<p>                        <\/a><\/p>\n<blockquote class=\"twitter-tweet\" data-lang=\"es\"><p><a href=\"https:\/\/twitter.com\/X\/status\/2078037930346459537?ref_src=twsrc%5Etfw\" rel=\"nofollow noopener\" target=\"_blank\"><\/p><\/blockquote>\n<p class=\"article-text\">\n        Para que fuera posible la vuelta de Puigdemont a Espa\u00f1a, todav\u00eda habr\u00eda que esperar a que el Tribunal Constitucional anule la decisi\u00f3n del Tribunal Supremo, recurrida por el expresidente, que determin\u00f3 que el delito de este \u00faltimo no entraba dentro de los amnistiables por la ley.\n    <\/p>\n<p>                                        <script async src=\"https:\/\/platform.twitter.com\/widgets.js\" charset=\"utf-8\"><\/script><\/p>\n","protected":false},"excerpt":{"rendered":"El ministro de Transportes, \u00d3scar Puente, ha defendido este viernes la aplicaci\u00f3n inmediata de la ley de amnist\u00eda&hellip;\n","protected":false},"author":2,"featured_media":664098,"comment_status":"","ping_status":"","sticky":false,"template":"","format":"standard","meta":{"footnotes":""},"categories":[8],"tags":[4866,31479,17,18,25,24,13,14,11,315,7966,8287,19,20,9,10,15,16,2789,2497,5667,23,12,62259,21,22,865],"class_list":["post-664097","post","type-post","status-publish","format-standard","has-post-thumbnail","category-espana","tag-amnistia","tag-aval","tag-breaking-news","tag-breakingnews","tag-es","tag-espana","tag-featured-news","tag-featurednews","tag-headlines","tag-hoy","tag-huevo","tag-invita","tag-latest-news","tag-latestnews","tag-news","tag-noticias","tag-noticias-destacadas","tag-noticiasdestacadas","tag-oscar","tag-puente","tag-puigdemont","tag-spain","tag-titulares","tag-tjue","tag-ultimas-noticias","tag-ultimasnoticias","tag-volver"],"share_on_mastodon":{"url":"https:\/\/pubeurope.com\/@es\/116939466175490621","error":""},"_links":{"self":[{"href":"https:\/\/www.europesays.com\/es\/wp-json\/wp\/v2\/posts\/664097","targetHints":{"allow":["GET"]}}],"collection":[{"href":"https:\/\/www.europesays.com\/es\/wp-json\/wp\/v2\/posts"}],"about":[{"href":"https:\/\/www.europesays.com\/es\/wp-json\/wp\/v2\/types\/post"}],"author":[{"embeddable":true,"href":"https:\/\/www.europesays.com\/es\/wp-json\/wp\/v2\/users\/2"}],"replies":[{"embeddable":true,"href":"https:\/\/www.europesays.com\/es\/wp-json\/wp\/v2\/comments?post=664097"}],"version-history":[{"count":0,"href":"https:\/\/www.europesays.com\/es\/wp-json\/wp\/v2\/posts\/664097\/revisions"}],"wp:featuredmedia":[{"embeddable":true,"href":"https:\/\/www.europesays.com\/es\/wp-json\/wp\/v2\/media\/664098"}],"wp:attachment":[{"href":"https:\/\/www.europesays.com\/es\/wp-json\/wp\/v2\/media?parent=664097"}],"wp:term":[{"taxonomy":"category","embeddable":true,"href":"https:\/\/www.europesays.com\/es\/wp-json\/wp\/v2\/categories?post=664097"},{"taxonomy":"post_tag","embeddable":true,"href":"https:\/\/www.europesays.com\/es\/wp-json\/wp\/v2\/tags?post=664097"}],"curies":[{"name":"wp","href":"https:\/\/api.w.org\/{rel}","templated":true}]}}