{"id":66430,"date":"2025-08-23T07:46:12","date_gmt":"2025-08-23T07:46:12","guid":{"rendered":"https:\/\/www.europesays.com\/es\/66430\/"},"modified":"2025-08-23T07:46:12","modified_gmt":"2025-08-23T07:46:12","slug":"arde-una-nave-con-coches-en-el-poligono-amargacena-de-cordoba","status":"publish","type":"post","link":"https:\/\/www.europesays.com\/es\/66430\/","title":{"rendered":"Arde una nave con coches en el pol\u00edgono Amargacena de C\u00f3rdoba"},"content":{"rendered":"<p class=\"voc-pretitle\">\nSucesos\n<\/p>\n<p>Una quincena de bomberos con cinco camiones han trabajado durante tres horas para apagar las llamas<\/p>\n<p><img fetchpriority=\"high\" class=\"voc-img\" src=\"https:\/\/www.europesays.com\/es\/wp-content\/uploads\/2025\/08\/incendio-nave-recurso-kEFF-U701442214511mX-1200x840@diario_abc.jpg\" loading=\"eager\" decoding=\"async\" alt=\"Imagen de archivo del incendio de una nave\" width=\"1200\" height=\"840\"\/><\/p>\n<p>Imagen de archivo del incendio de una nave    Valerio Merino  <\/p>\n<p><img decoding=\"async\" class=\"voc-author__img\" src=\"https:\/\/www.europesays.com\/es\/wp-content\/uploads\/2025\/08\/autor-4367-foto-2.jpeg\" alt=\"Davinia Delgado\"\/><\/p>\n<p class=\"voc-p\" style=\"\">Una quincenda de efectivos del <strong>Servicio de Extinci\u00f3n de Incendios y Salvamento<\/strong> de C\u00f3rdoba (SEIS) han intervenido en la tarde de este viernes en el <a href=\"https:\/\/www.abc.es\/noticias\/incendios\/\" data-voc-vtm-id=\"in-text-traffic\" title=\"incendio \" data-mrf-link=\"www.abc.es\" rel=\"nofollow noopener\" target=\"_blank\">incendio <\/a>de una nave en el pol\u00edgono industrial de <strong>Amargacena<\/strong>.<\/p>\n<p class=\"voc-p\" style=\"\">Seg\u00fan informan desde Parque Central, el aviso ha llegado a trav\u00e9s del 112 sobre las 18.20 horas: un fuego estaba calcinando una <strong>nave con veh\u00edculos <\/strong>en su interior en la calle ingeniero Iribarren.<\/p>\n<p class=\"voc-p\" style=\"\">Hasta el lugar se han desplazado los especialistas en <strong>cinco camiones<\/strong> y han estado trabajando durante <strong>m\u00e1s de tres horas <\/strong>para sofocar las llamas e impedir que alcanzasen otras naves colindantes.<\/p>\n<p class=\"voc-p\" style=\"\">Por el momento, se desconocen los <strong>da\u00f1os causados<\/strong>, si bien varios coches que hab\u00eda en el interior del recinto se han visto afectados. <\/p>\n<p>Reportar un error<\/p>\n","protected":false},"excerpt":{"rendered":"Sucesos Una quincena de bomberos con cinco camiones han trabajado durante tres horas para apagar las llamas Imagen&hellip;\n","protected":false},"author":2,"featured_media":66431,"comment_status":"","ping_status":"","sticky":false,"template":"","format":"standard","meta":{"footnotes":""},"categories":[8],"tags":[26972,5054,17,18,1558,2760,25,24,13,14,11,19,20,16962,9,10,15,16,5503,23,12,21,22],"class_list":{"0":"post-66430","1":"post","2":"type-post","3":"status-publish","4":"format-standard","5":"has-post-thumbnail","7":"category-espana","8":"tag-amargacena","9":"tag-arde","10":"tag-breaking-news","11":"tag-breakingnews","12":"tag-coches","13":"tag-cordoba","14":"tag-es","15":"tag-espana","16":"tag-featured-news","17":"tag-featurednews","18":"tag-headlines","19":"tag-latest-news","20":"tag-latestnews","21":"tag-nave","22":"tag-news","23":"tag-noticias","24":"tag-noticias-destacadas","25":"tag-noticiasdestacadas","26":"tag-poligono","27":"tag-spain","28":"tag-titulares","29":"tag-ultimas-noticias","30":"tag-ultimasnoticias"},"share_on_mastodon":{"url":"","error":""},"_links":{"self":[{"href":"https:\/\/www.europesays.com\/es\/wp-json\/wp\/v2\/posts\/66430","targetHints":{"allow":["GET"]}}],"collection":[{"href":"https:\/\/www.europesays.com\/es\/wp-json\/wp\/v2\/posts"}],"about":[{"href":"https:\/\/www.europesays.com\/es\/wp-json\/wp\/v2\/types\/post"}],"author":[{"embeddable":true,"href":"https:\/\/www.europesays.com\/es\/wp-json\/wp\/v2\/users\/2"}],"replies":[{"embeddable":true,"href":"https:\/\/www.europesays.com\/es\/wp-json\/wp\/v2\/comments?post=66430"}],"version-history":[{"count":0,"href":"https:\/\/www.europesays.com\/es\/wp-json\/wp\/v2\/posts\/66430\/revisions"}],"wp:featuredmedia":[{"embeddable":true,"href":"https:\/\/www.europesays.com\/es\/wp-json\/wp\/v2\/media\/66431"}],"wp:attachment":[{"href":"https:\/\/www.europesays.com\/es\/wp-json\/wp\/v2\/media?parent=66430"}],"wp:term":[{"taxonomy":"category","embeddable":true,"href":"https:\/\/www.europesays.com\/es\/wp-json\/wp\/v2\/categories?post=66430"},{"taxonomy":"post_tag","embeddable":true,"href":"https:\/\/www.europesays.com\/es\/wp-json\/wp\/v2\/tags?post=66430"}],"curies":[{"name":"wp","href":"https:\/\/api.w.org\/{rel}","templated":true}]}}