{"id":664309,"date":"2026-07-18T09:19:15","date_gmt":"2026-07-18T09:19:15","guid":{"rendered":"https:\/\/www.europesays.com\/es\/664309\/"},"modified":"2026-07-18T09:19:15","modified_gmt":"2026-07-18T09:19:15","slug":"messi-hablo-de-la-foto-de-sport-con-lamine-es-una-locura","status":"publish","type":"post","link":"https:\/\/www.europesays.com\/es\/664309\/","title":{"rendered":"Messi habl\u00f3 de la foto de SPORT con Lamine: \u00abEs una locura\u00bb"},"content":{"rendered":"<p class=\"ft-text\">Lionel Messi fue una de las estrellas en la presentaci\u00f3n de la final del Mundial. <strong>El jugador argentino fue preguntado por Novak Djokovic en un acto espectacular llevado a cabo en Manhattan<\/strong>. Messi dijo no sentir la presi\u00f3n por disputar un partido de tanta relevancia.<\/p>\n<p class=\"ft-text\">\u00abCrecimos jugando al f\u00fatbol, con mucha pasi\u00f3n, <strong>muchas ganas de jugar siempre, sea cual sea el lugar, en alguna calle, alg\u00fan lugar y nunca pensamos en la presi\u00f3n<\/strong>, siempre vimos algo natural lo de jugar, competir, que nos gusta ganar, es un deporte colectivo, no siempre se puede ganar. <strong>De chiquito aprend\u00ed que se pierde m\u00e1s de lo que se gana y eso me hizo crecer como jugar<\/strong>\u00ab, dijo el ex futbolista del FC Barcelona.<\/p>\n<p class=\"ft-text\"><strong>Tom Brady, m\u00edtico jugaro de f\u00fatbol americano, por su parte, habl\u00f3 de la foto de SPORT con Lionel Messi como beb\u00e9<\/strong> y el argentino apostill\u00f3 que \u00ab<strong>Es una locura porque en la vida hice una foto con \u00e9l<\/strong>, intentaremos hacer un buen partido para que no tenga su mejor versi\u00f3n, <strong>lo sigo porque juega en un club que amo como es el Barcelona.<\/strong> Tiene una gran carrera por delante y ojal\u00e1 le vayan bien las cosas. Puede conseguir algo hist\u00f3rico, pero esperamos que no sea esta vez. Le deseo much\u00edsima suerte en el Barcelona. Espa\u00f1a tiene un gran juego, al igual que nosotros y trataremos de vencer\u00bb.<\/p>\n<p class=\"ft-text\">Posteriormente, en la rueda de prensa oficial, Dibu Mart\u00ednez fue protagonista y explic\u00f3 que est\u00e1 recuperado de su lesi\u00f3n en la mano. Sobre su carisma dijo que \u00ab<strong>es inmenso ver tantos arqueros en Argentina<\/strong>\u00bb y pidi\u00f3 a los j\u00f3venes que \u00ab<strong>me sigan como ejemplo de sacrificio y superaci\u00f3n, que digan &#8216;no&#8217; a las cosas, sobre todo, a la noche<\/strong>\u00ab. De Espa\u00f1a dijo que \u00abno es solo Lamine, es una gran selecci\u00f3n\u00bb.<\/p>\n<p class=\"ft-text\">Por su parte, Lionel Scaloni explic\u00f3 que \u00absomos dos equipos con matices distintos a trav\u00e9s del bal\u00f3n, <strong>nos queremos hacer fuertes con la pelota. Somos similares y que se vea un buen espect\u00e1culo<\/strong>\u00ab. El t\u00e9cnico argentino recalc\u00f3 que \u00abambos queremos juntar pases, ser verticales, la experiencia no creo que sea clave\u00bb.<\/p>\n","protected":false},"excerpt":{"rendered":"Lionel Messi fue una de las estrellas en la presentaci\u00f3n de la final del Mundial. El jugador argentino&hellip;\n","protected":false},"author":2,"featured_media":664310,"comment_status":"","ping_status":"","sticky":false,"template":"","format":"standard","meta":{"footnotes":""},"categories":[268],"tags":[168,25,24,280,19676,282,13331,11680,8138,11788,7688,547,281,23,3020,167,81942],"class_list":["post-664309","post","type-post","status-publish","format-standard","has-post-thumbnail","category-futbol","tag-deportes","tag-es","tag-espana","tag-football","tag-foto","tag-futbol","tag-hablo","tag-lamine","tag-lamine-yamal","tag-leo-messi","tag-messi","tag-novak-djokovic","tag-soccer","tag-spain","tag-sport","tag-sports","tag-tom-brady"],"share_on_mastodon":{"url":"https:\/\/pubeurope.com\/@es\/116940241192371745","error":""},"_links":{"self":[{"href":"https:\/\/www.europesays.com\/es\/wp-json\/wp\/v2\/posts\/664309","targetHints":{"allow":["GET"]}}],"collection":[{"href":"https:\/\/www.europesays.com\/es\/wp-json\/wp\/v2\/posts"}],"about":[{"href":"https:\/\/www.europesays.com\/es\/wp-json\/wp\/v2\/types\/post"}],"author":[{"embeddable":true,"href":"https:\/\/www.europesays.com\/es\/wp-json\/wp\/v2\/users\/2"}],"replies":[{"embeddable":true,"href":"https:\/\/www.europesays.com\/es\/wp-json\/wp\/v2\/comments?post=664309"}],"version-history":[{"count":0,"href":"https:\/\/www.europesays.com\/es\/wp-json\/wp\/v2\/posts\/664309\/revisions"}],"wp:featuredmedia":[{"embeddable":true,"href":"https:\/\/www.europesays.com\/es\/wp-json\/wp\/v2\/media\/664310"}],"wp:attachment":[{"href":"https:\/\/www.europesays.com\/es\/wp-json\/wp\/v2\/media?parent=664309"}],"wp:term":[{"taxonomy":"category","embeddable":true,"href":"https:\/\/www.europesays.com\/es\/wp-json\/wp\/v2\/categories?post=664309"},{"taxonomy":"post_tag","embeddable":true,"href":"https:\/\/www.europesays.com\/es\/wp-json\/wp\/v2\/tags?post=664309"}],"curies":[{"name":"wp","href":"https:\/\/api.w.org\/{rel}","templated":true}]}}