{"id":664332,"date":"2026-07-18T09:33:23","date_gmt":"2026-07-18T09:33:23","guid":{"rendered":"https:\/\/www.europesays.com\/es\/664332\/"},"modified":"2026-07-18T09:33:23","modified_gmt":"2026-07-18T09:33:23","slug":"el-tribunal-advierte-de-retrasos-en-el-juicio-a-la-pareja-de-ayuso-por-sobrecarga-de-trabajo","status":"publish","type":"post","link":"https:\/\/www.europesays.com\/es\/664332\/","title":{"rendered":"El tribunal advierte de retrasos en el juicio a la pareja de Ayuso por \u00absobrecarga\u00bb de trabajo"},"content":{"rendered":"<p class=\"article-text\">\n        El Juzgado de lo Penal n\u00famero 19 de Madrid, al que le ha correspondido juzgar a Alberto Gonz\u00e1lez Amador por dos delitos fiscales y falsificaci\u00f3n de documentos, advierte en un escrito que el se\u00f1alamiento de la vista se realizar\u00e1 \u201cconsiderando la sobrecarga y circunstancias que pesan sobre el Juzgado y cuando razones de agenda lo permitan\u201d. La situaci\u00f3n de los juzgados de lo penal de Madrid ya apuntaba a que el juicio contra la pareja de Isabel D\u00edaz Ayuso no se celebrar\u00eda nunca antes de 2027, siete a\u00f1os despu\u00e9s del presunto delito fiscal y las facturas falsificadas.\n    <\/p>\n<p class=\"article-text\">\n        La providencia del juzgado, a la que ha tenido acceso elDiario.es, llega como consecuencia de otro escrito en el que su titular fija la prueba que se ver\u00e1 en el juicio, una suerte de guion de la vista por el que acepta o rechaza las declaraciones de testigos e informes que solicitaron las distintas partes.\n    <\/p>\n<p class=\"article-text\">\n        En el caso de la acusaci\u00f3n popular, que ejercen PSOE y M\u00e1s Madrid, la magistrada ha rechazado todas las testificales propuestas, lo que supone que no declarar\u00e1 como testigo Fernando Camino, directivo de Quir\u00f3n. Ya solo resta que la agenda del juzgado permita se\u00f1alar la vista del juicio y que este se celebre.\n    <\/p>\n<p class=\"article-text\">\n        El horizonte judicial de Alberto Gonz\u00e1lez Amador es sombr\u00edo. Contra \u00e9l pesan las evidencias de un extenso informe de la Agencia Tributaria: 19 meses de inspecci\u00f3n que ponen negro sobre blanco dos fraudes a Hacienda en dos ejercicios distintos y una trama de facturas falsas para llevarlos a cabo.\n    <\/p>\n<p class=\"article-text\">\n        La Audiencia Provincial aval\u00f3 en noviembre de 2025 <a href=\"https:\/\/www.eldiario.es\/politica\/audiencia-madrid-confirma-procesamiento-pareja-ayuso-caso-fraude-fiscal_1_12750060.html\" target=\"_blank\" data-mrf-recirculation=\"links-noticia\" class=\"link\" rel=\"nofollow noopener\">la decisi\u00f3n del juzgado de enviarlo al banquillo<\/a> y solo un acuerdo con la Fiscal\u00eda y la Abogac\u00eda del Estado, que representa a Hacienda, podr\u00eda evitar la celebraci\u00f3n del juicio, que no una condena con pena de c\u00e1rcel que se conocer\u00eda en la fecha se\u00f1alada para la vista.\n    <\/p>\n<p class=\"article-text\">\n        Gonz\u00e1lez Amador ha defraudado una cantidad inferior a los 600.000 euros por lo que la ley establece que debe ser un Juzgado de lo Penal \u2013con un tribunal formado por un solo juez\u2013 y no la Audiencia Provincial \u2013tribunal de tres\u2013 quien celebre la vista. La carga de trabajo de los juzgados de lo penal de Madrid es sensiblemente superior a la Audiencia Provincial.\n    <\/p>\n<p class=\"article-text\">\n        Los escritos de acusaci\u00f3n de la Fiscal\u00eda y la Abogac\u00eda del Estado, que piden 3 a\u00f1os y 9 meses de c\u00e1rcel para el empresario y comisionista, y el de la acusaci\u00f3n popular, que solicita 5 a\u00f1os, se presentaron en junio.  Gonz\u00e1lez Amador nunca ha declarado por el doble fraude fiscal y la falsificaci\u00f3n de documentos, alegando en varias ocasiones compromisos laborales con Quir\u00f3n.\n    <\/p>\n<p>    <a href=\"https:\/\/www.eldiario.es\/politica\/acusacion-popular-pide-investigue-quiron-delito-fiscal-caso-pareja-ayuso_1_13361121.html\" data-mrf-recirculation=\"saber-mas-abajo\" data-dl-event=\"saber-mas-abajo\" rel=\"nofollow noopener\" target=\"_blank\"><\/p>\n<p class=\"know-more__title\">La acusaci\u00f3n popular pide que se investigue a Quir\u00f3n por delito fiscal en el caso de la pareja de Ayuso<\/p>\n<p>            <img decoding=\"async\" class=\"lazy\" loading=\"lazy\" data-src=\"https:\/\/static.eldiario.es\/clip\/1181d61e-d137-4920-b564-a8b2a65408d9_16-9-aspect-ratio_default_0_x862y442.jpg\" src=\"data:image\/svg+xml,%3Csvg xmlns=\" http:=\"\" viewbox=\"0 0 880 495\" alt=\"La acusaci\u00f3n popular pide que se investigue a Quir\u00f3n por delito fiscal en el caso de la pareja de Ayuso\"\/><\/p>\n<p>                        <\/a><\/p>\n<p class=\"article-text\">\n        Y mientras el supuesto fraude fiscal y la falsificaci\u00f3n de documentos est\u00e1n abocados al juicio contin\u00faa la instrucci\u00f3n de la pieza separada por el presunto soborno de la pareja de Ayuso al directivo de Quir\u00f3n Fern\u00e1ndo Camino. Ambos habr\u00edan acordado en secreto repartirse una comisi\u00f3n de 2 millones de euros en mascarillas y encubrir dicho reparto con la compra fraudulenta de una empresa de la mujer de Camino por medio mill\u00f3n de euros pese a no tener apenas valor.\n    <\/p>\n","protected":false},"excerpt":{"rendered":"El Juzgado de lo Penal n\u00famero 19 de Madrid, al que le ha correspondido juzgar a Alberto Gonz\u00e1lez&hellip;\n","protected":false},"author":2,"featured_media":664333,"comment_status":"","ping_status":"","sticky":false,"template":"","format":"standard","meta":{"footnotes":""},"categories":[5],"tags":[10854,6984,17,18,25,24,13,14,11,5541,19,20,9,10,15,16,2477,14406,50083,23,12,2752,9596,21,22],"class_list":["post-664332","post","type-post","status-publish","format-standard","has-post-thumbnail","category-titulares","tag-advierte","tag-ayuso","tag-breaking-news","tag-breakingnews","tag-es","tag-espana","tag-featured-news","tag-featurednews","tag-headlines","tag-juicio","tag-latest-news","tag-latestnews","tag-news","tag-noticias","tag-noticias-destacadas","tag-noticiasdestacadas","tag-pareja","tag-retrasos","tag-sobrecarga","tag-spain","tag-titulares","tag-trabajo","tag-tribunal","tag-ultimas-noticias","tag-ultimasnoticias"],"share_on_mastodon":{"url":"https:\/\/pubeurope.com\/@es\/116940295792075459","error":""},"_links":{"self":[{"href":"https:\/\/www.europesays.com\/es\/wp-json\/wp\/v2\/posts\/664332","targetHints":{"allow":["GET"]}}],"collection":[{"href":"https:\/\/www.europesays.com\/es\/wp-json\/wp\/v2\/posts"}],"about":[{"href":"https:\/\/www.europesays.com\/es\/wp-json\/wp\/v2\/types\/post"}],"author":[{"embeddable":true,"href":"https:\/\/www.europesays.com\/es\/wp-json\/wp\/v2\/users\/2"}],"replies":[{"embeddable":true,"href":"https:\/\/www.europesays.com\/es\/wp-json\/wp\/v2\/comments?post=664332"}],"version-history":[{"count":0,"href":"https:\/\/www.europesays.com\/es\/wp-json\/wp\/v2\/posts\/664332\/revisions"}],"wp:featuredmedia":[{"embeddable":true,"href":"https:\/\/www.europesays.com\/es\/wp-json\/wp\/v2\/media\/664333"}],"wp:attachment":[{"href":"https:\/\/www.europesays.com\/es\/wp-json\/wp\/v2\/media?parent=664332"}],"wp:term":[{"taxonomy":"category","embeddable":true,"href":"https:\/\/www.europesays.com\/es\/wp-json\/wp\/v2\/categories?post=664332"},{"taxonomy":"post_tag","embeddable":true,"href":"https:\/\/www.europesays.com\/es\/wp-json\/wp\/v2\/tags?post=664332"}],"curies":[{"name":"wp","href":"https:\/\/api.w.org\/{rel}","templated":true}]}}