{"id":664354,"date":"2026-07-18T09:51:29","date_gmt":"2026-07-18T09:51:29","guid":{"rendered":"https:\/\/www.europesays.com\/es\/664354\/"},"modified":"2026-07-18T09:51:29","modified_gmt":"2026-07-18T09:51:29","slug":"arguinano-desvela-la-edad-a-la-que-planea-retirarse-de-la-tv-y-recuerda-la-primera-oferta-que-recibio-por-sus-chistes","status":"publish","type":"post","link":"https:\/\/www.europesays.com\/es\/664354\/","title":{"rendered":"Argui\u00f1ano desvela la edad a la que planea retirarse de la TV y recuerda la primera oferta que recibi\u00f3 por sus chistes"},"content":{"rendered":"<p class=\"article-text\">\n        <a href=\"https:\/\/www.eldiario.es\/vertele\/noticias\/confesion-arguinano-alimentos-utiliza-cocina-antena-3-quedo-tranquilo_1_13218365.html\" data-mrf-recirculation=\"links-noticia\" class=\"link\" rel=\"nofollow noopener\" target=\"_blank\">Karlos Argui\u00f1ano<\/a> ya empieza a hablar con naturalidad del final de su larga trayectoria delante de las c\u00e1maras. El cocinero vasco, uno de los rostros m\u00e1s veteranos y queridos de la televisi\u00f3n nacional, ha desvelado <strong>la edad a la que le gustar\u00eda poner punto final a su carrera televisiva<\/strong>, al tiempo que ha echado la vista atr\u00e1s para recordar una de las primeras propuestas profesionales que recibi\u00f3 gracias a su caracter\u00edstico sentido del humor.\n    <\/p>\n<p>    <a href=\"https:\/\/www.eldiario.es\/vertele\/noticias\/antena-3-confirma-relevo-cocina-arguinano-joseba-presentara-viernes-tendra-invitados-famosos_1_13272866.html\" data-mrf-recirculation=\"saber-mas\" data-dl-event=\"saber-mas\" rel=\"nofollow noopener\" target=\"_blank\"><\/p>\n<p class=\"know-more__title\">Antena 3 confirma el &#8216;relevo&#8217; en la cocina de Argui\u00f1ano: Joseba presentar\u00e1 los viernes y tendr\u00e1 invitados famosos<\/p>\n<p>            <img decoding=\"async\" class=\"lazy\" loading=\"lazy\" data-src=\"https:\/\/static.eldiario.es\/clip\/c886bcdf-7614-448d-8796-41a7ee4684dc_16-9-aspect-ratio_default_0.jpg\" src=\"data:image\/svg+xml,%3Csvg xmlns=\" http:=\"\" viewbox=\"0 0 880 495\" alt=\"Antena 3 confirma el 'relevo' en la cocina de Argui\u00f1ano: Joseba presentar\u00e1 los viernes y tendr\u00e1 invitados famosos\"\/><\/p>\n<p>                        <\/a><\/p>\n<p class=\"article-text\">\n        Sus declaraciones llegan, adem\u00e1s, en un momento en el que <a href=\"https:\/\/www.eldiario.es\/vertele\/noticias\/antena-3-confirma-relevo-cocina-arguinano-joseba-presentara-viernes-tendra-invitados-famosos_1_13272866.html\" data-mrf-recirculation=\"links-noticia\" class=\"link\" rel=\"nofollow noopener\" target=\"_blank\">el relevo generacional en <\/a><a href=\"https:\/\/www.eldiario.es\/vertele\/noticias\/antena-3-confirma-relevo-cocina-arguinano-joseba-presentara-viernes-tendra-invitados-famosos_1_13272866.html\" data-mrf-recirculation=\"links-noticia\" class=\"link\" rel=\"nofollow noopener\" target=\"_blank\">Cocina abierta<\/a><a href=\"https:\/\/www.eldiario.es\/vertele\/noticias\/antena-3-confirma-relevo-cocina-arguinano-joseba-presentara-viernes-tendra-invitados-famosos_1_13272866.html\" data-mrf-recirculation=\"links-noticia\" class=\"link\" rel=\"nofollow noopener\" target=\"_blank\"> de Karlos Argui\u00f1ano<\/a> ya ha comenzado a materializarse. Desde hace unas semanas, <strong>su hijo Joseba Argui\u00f1ano presenta el espacio cada viernes<\/strong>, mientras <a href=\"https:\/\/www.eldiario.es\/vertele\/noticias\/antena-3-confirma-relevo-cocina-arguinano-joseba-presentara-viernes-tendra-invitados-famosos_1_13272866.html\" data-mrf-recirculation=\"links-noticia\" class=\"link\" rel=\"nofollow noopener\" target=\"_blank\">Karlos contin\u00faa al frente del formato de lunes a jueves<\/a>. Una decisi\u00f3n con la que <a href=\"https:\/\/www.eldiario.es\/vertele\/temas\/antena-3\/\" data-mrf-recirculation=\"links-noticia\" class=\"link\" rel=\"nofollow noopener\" target=\"_blank\"><strong>Antena 3<\/strong><\/a><strong> ha comenzado a preparar el futuro del programa<\/strong> sin prescindir todav\u00eda de su principal reclamo.\n    <\/p>\n<p>    Una retirada con fecha&#8230; pero sin prisas<\/p>\n<p class=\"article-text\">\n        En una reciente entrevista en el programa <strong>Dos y Medio<\/strong><strong> de Canal Sur<\/strong>, Argui\u00f1ano explic\u00f3 a<strong> Juan y Medio<\/strong> que <strong>su intenci\u00f3n es seguir en activo hasta los 80 a\u00f1os<\/strong>. El cocinero, que actualmente tiene <strong>77 a\u00f1os<\/strong>, asegur\u00f3 que se encuentra con fuerzas para continuar unos a\u00f1os m\u00e1s antes de despedirse definitivamente de la televisi\u00f3n, despu\u00e9s de <strong>casi cuatro d\u00e9cadas cocinando a diario para los espectadores<\/strong>.\n    <\/p>\n<p class=\"article-text\">\n        \u201cVoy a cumplir 78 a\u00f1os en septiembre&#8230; igual cuando cumpla 80. Aunque si estoy como ahora, igual voy a por los 81\u201d, confes\u00f3.\n    <\/p>\n<blockquote class=\"twitter-tweet\" data-lang=\"es\"><p><a href=\"https:\/\/twitter.com\/X\/status\/2078010924577742977?ref_src=twsrc%5Etfw\" rel=\"nofollow noopener\" target=\"_blank\"><\/p><\/blockquote>\n<p>    Su primera oferta para contar chistes en TV<\/p>\n<p class=\"article-text\">\n        Durante esa misma conversaci\u00f3n, Argui\u00f1ano tambi\u00e9n record\u00f3 que, hace a\u00f1os, recibi\u00f3 una propuesta para presentar un programa centrado <a href=\"https:\/\/www.eldiario.es\/vertele\/noticias\/arguinano-bromea-presentar-nuevo-libro-polemica-juan-val-dia-cae-premio-planeta_1_12766105.html\" data-mrf-recirculation=\"links-noticia\" class=\"link\" rel=\"nofollow noopener\" target=\"_blank\">exclusivamente en su faceta como humorista<\/a>. La an\u00e9cdota se remonta a una cena que <strong>Joan Manuel Serrat<\/strong> mantuvo con su equipo en el restaurante de Karlos Argui\u00f1ano, en <strong>Zarautz<\/strong>, tras un concierto. Durante la sobremesa, marcada por el buen humor y las risas, alguien del entorno del cantautor le propuso al cocinero <strong>grabar una cinta o un programa basado exclusivamente en sus chistes<\/strong>, convencidos de que esa faceta ten\u00eda recorrido televisivo.\n    <\/p>\n<p class=\"article-text\">\n        \u201cVinieron 10 o 12 personas de su equipo a cenar, empec\u00e9 a contar historias y se mor\u00edan de la risa conmigo y con mis chistes. Les hac\u00eda mucha gracia. A las 3 de la ma\u00f1ana uno de ellos <strong>me propuso hacer v\u00eddeos de chistes<\/strong>. Yo le dije que<strong> lo que a m\u00ed me gustar\u00eda ser\u00eda hacer un programa de cocina<\/strong>. A los d\u00edas, uno de los que estaba en esa mesa me lo ofreci\u00f3, y con \u00e9l arranqu\u00e9\u201d, relat\u00f3 a Juan y Medio.\n    <\/p>\n<p class=\"article-text\">\n        Aquella conversaci\u00f3n acabar\u00eda siendo un avance de lo que ser\u00eda su carrera: pocos d\u00edas despu\u00e9s recibi\u00f3 una oferta para presentar un peque\u00f1o espacio culinario en <a href=\"https:\/\/www.eldiario.es\/vertele\/temas\/etb\/\" data-mrf-recirculation=\"links-noticia\" class=\"link\" rel=\"nofollow noopener\" target=\"_blank\">ETB<\/a>. M\u00e1s tarde dio el salto a <a href=\"https:\/\/www.eldiario.es\/vertele\/temas\/rtve\/\" data-mrf-recirculation=\"links-noticia\" class=\"link\" rel=\"nofollow noopener\" target=\"_blank\">RTVE<\/a>, iniciando una trayectoria televisiva que <strong>se acerca ya a las cuatro d\u00e9cadas <\/strong>y que le ha llevado a pasar tambi\u00e9n por Mediaset y por Atresmedia, su casa desde 2010.\n    <\/p>\n<p class=\"article-text\">\n        Su estilo, que combina <strong>gastronom\u00eda, humor y cercan\u00eda<\/strong>, ha sido precisamente una de las claves de un \u00e9xito televisivo que se prolonga desde hace lustros y que le ha permitido convertirse en <strong>uno de los comunicadores m\u00e1s reconocibles de la peque\u00f1a pantalla<\/strong>.\n    <\/p>\n<p>    <a href=\"https:\/\/www.eldiario.es\/vertele\/noticias\/manu-sanchez-responde-lagrimas-facha-perro-andaluz-rtve-dardos-pablo-motos-iker-jimenez-ana-rosa_1_13387153.html\" data-mrf-recirculation=\"saber-mas-abajo\" data-dl-event=\"saber-mas-abajo\" rel=\"nofollow noopener\" target=\"_blank\"><\/p>\n<p class=\"know-more__title\">Manu S\u00e1nchez responde a las \u201cl\u00e1grimas de facha\u201d en &#8216;El perro andaluz&#8217; de RTVE con dardos a Pablo Motos, Iker Jim\u00e9nez y Ana Rosa\n<\/p>\n<p>            <img decoding=\"async\" class=\"lazy\" loading=\"lazy\" data-src=\"https:\/\/static.eldiario.es\/clip\/73b81d91-f6e1-41ac-b280-a1d4802c07bc_16-9-aspect-ratio_default_0.jpg\" src=\"data:image\/svg+xml,%3Csvg xmlns=\" http:=\"\" viewbox=\"0 0 880 495\" alt=\"Manu S\u00e1nchez responde a las &quot;l\u00e1grimas de facha&quot; en 'El perro andaluz' de RTVE con dardos a Pablo Motos, Iker Jim\u00e9nez y Ana Rosa\"\/><\/p>\n<p>                        <\/a><\/p>\n<p class=\"article-text\">\n        As\u00ed, aunque el cocinero ya pone <strong>horizonte a su despedida<\/strong>, su retirada se plantea como <strong>un proceso progresivo<\/strong> en el que <a href=\"https:\/\/www.eldiario.es\/vertele\/noticias\/antena-3-confirma-relevo-cocina-arguinano-joseba-presentara-viernes-tendra-invitados-famosos_1_13272866.html\" data-mrf-recirculation=\"links-noticia\" class=\"link\" rel=\"nofollow noopener\" target=\"_blank\">el testigo ir\u00e1 pasando poco a poco de padre a hijo<\/a>, sin renunciar a la esencia que ha convertido el programa en <strong>un cl\u00e1sico de las ma\u00f1anas televisivas<\/strong>.\n    <\/p>\n<p>                                        <script async src=\"https:\/\/platform.twitter.com\/widgets.js\" charset=\"utf-8\"><\/script><\/p>\n","protected":false},"excerpt":{"rendered":"Karlos Argui\u00f1ano ya empieza a hablar con naturalidad del final de su larga trayectoria delante de las c\u00e1maras.&hellip;\n","protected":false},"author":2,"featured_media":664355,"comment_status":"","ping_status":"","sticky":false,"template":"","format":"standard","meta":{"footnotes":""},"categories":[91],"tags":[49077,20275,4083,1387,146,147,25,24,6046,21969,1078,6382,7197,418,23,214,118621],"class_list":["post-664354","post","type-post","status-publish","format-standard","has-post-thumbnail","category-entretenimiento","tag-arguinano","tag-chistes","tag-desvela","tag-edad","tag-entertainment","tag-entretenimiento","tag-es","tag-espana","tag-oferta","tag-planea","tag-primera","tag-recibio","tag-recuerda","tag-retirarse","tag-spain","tag-tv","tag-vt"],"share_on_mastodon":{"url":"https:\/\/pubeurope.com\/@es\/116940366494999131","error":""},"_links":{"self":[{"href":"https:\/\/www.europesays.com\/es\/wp-json\/wp\/v2\/posts\/664354","targetHints":{"allow":["GET"]}}],"collection":[{"href":"https:\/\/www.europesays.com\/es\/wp-json\/wp\/v2\/posts"}],"about":[{"href":"https:\/\/www.europesays.com\/es\/wp-json\/wp\/v2\/types\/post"}],"author":[{"embeddable":true,"href":"https:\/\/www.europesays.com\/es\/wp-json\/wp\/v2\/users\/2"}],"replies":[{"embeddable":true,"href":"https:\/\/www.europesays.com\/es\/wp-json\/wp\/v2\/comments?post=664354"}],"version-history":[{"count":0,"href":"https:\/\/www.europesays.com\/es\/wp-json\/wp\/v2\/posts\/664354\/revisions"}],"wp:featuredmedia":[{"embeddable":true,"href":"https:\/\/www.europesays.com\/es\/wp-json\/wp\/v2\/media\/664355"}],"wp:attachment":[{"href":"https:\/\/www.europesays.com\/es\/wp-json\/wp\/v2\/media?parent=664354"}],"wp:term":[{"taxonomy":"category","embeddable":true,"href":"https:\/\/www.europesays.com\/es\/wp-json\/wp\/v2\/categories?post=664354"},{"taxonomy":"post_tag","embeddable":true,"href":"https:\/\/www.europesays.com\/es\/wp-json\/wp\/v2\/tags?post=664354"}],"curies":[{"name":"wp","href":"https:\/\/api.w.org\/{rel}","templated":true}]}}