{"id":664416,"date":"2026-07-18T10:43:12","date_gmt":"2026-07-18T10:43:12","guid":{"rendered":"https:\/\/www.europesays.com\/es\/664416\/"},"modified":"2026-07-18T10:43:12","modified_gmt":"2026-07-18T10:43:12","slug":"el-incendio-de-zaragoza-arrasa-sin-control-15-400-hectareas-y-mantiene-evacuados-seis-pueblos","status":"publish","type":"post","link":"https:\/\/www.europesays.com\/es\/664416\/","title":{"rendered":"El incendio de Zaragoza arrasa sin control 15.400 hect\u00e1reas y mantiene evacuados seis pueblos"},"content":{"rendered":"<p style=\"\">La noche ha sido terrible en <a href=\"https:\/\/www.abc.es\/espana\/aragon\/testigos-huidos-fuego-dicen-durara-dias-20260716193541-nt.html\" target=\"_self\" data-voc-vtm-id=\"in-text-traffic\" data-mrf-link=\"www.abc.es\" rel=\"nofollow noopener\">la comarca zaragozana de las Cinco Villas<\/a> y se han vivido momentos muy dram\u00e1ticos. La tensi\u00f3n se reavivaba por los golpes de viento que parec\u00edan deshacer todo lo hecho; es la sensaci\u00f3n que ten\u00edan las extasiadas brigadas terrestres  &#8230; de extinci\u00f3n. Las llamas est\u00e1n descontroladas y el viento las alimenta. <strong>Hasta 30 medios a\u00e9reos<\/strong> combatieron hasta que se pudo el fuerte impulso del fuego, que se quer\u00eda meter en cascos urbanos como los de <strong>Malpica de Arba y Uncastillo<\/strong>. En Malpica se qued\u00f3 a las puertas. Hace dos d\u00edas entr\u00f3 en As\u00edn y se trag\u00f3 varias viviendas. Cuando se pueda regresar a los pueblos, la imagen que se encontrar\u00e1n los vecinos podr\u00eda ser dantesca. Los medios luchan con todo, con todos los recursos disponibles y aunque a media noche pareci\u00f3 que iba a ganar la batalla a las casas de Malpica, salvo algunas parideras, naves, almacenes y granjas -cuando pase el fuego se ver\u00e1 el rastro de lo quemado- el consejero de Interior, Roberto Berm\u00fadez de Castro, ha afirmado este viernes por la ma\u00f1ana que se han podido salvar las casas. Berm\u00fadez de Castro comparec\u00eda tras una nueva (la en\u00e9sima) reuni\u00f3n del Centro de Coordinaci\u00f3n Operativa Integrado (Cecopi) en el edificio Pignatelli, sede del Gobierno de Arag\u00f3n en Zaragoza, que se va a repetir esta tarde a las 19.30 horas. Por el momento, el Gobierno de Arag\u00f3n pide no circular por la zona en todo el fin de semana.<\/p>\n<p class=\"v-d-p\" style=\"\">Todo el fin de semana se va a estar de guardia por el fuego, que esperan no se vaya a reducir en varios d\u00edas. \u00abEs muy complicado, extremadamente complejo\u00bb, ha dicho el consejero. El balance hasta el momento del incendio m\u00e1s dif\u00edcil al que se ha enfrentado Arag\u00f3n en los \u00faltimos a\u00f1os son 15.400 hect\u00e1reas quemadas. Tambi\u00e9n es el incendio m\u00e1s devastador del a\u00f1o en superficie forestal (no en vidas humanas ni p\u00e9rdida de bienes, por supuesto, tras la tragedia en Los Gallardos) en toda Espa\u00f1a. Y en esta comarca de Cinco Villas recuerdan, c\u00f3mo no, el incendio de 2015 que se llev\u00f3 15.000 hect\u00e1reas. <\/p>\n<p class=\"v-d-p\" style=\"\">Los esfuerzos se centran en consolidar el per\u00edmetro declarado el pasado mi\u00e9rcoles en la localidad de Or\u00e9s y es muy amplio. De cabeza a cola del fuego hay muchos kil\u00f3metros, m\u00e1s de 60, y se tarda mucho en llegar, ha especificado el consejero regional. La cabeza del incendio sigue muy activo gracias al viento, ha dicho el presidente aragon\u00e9s Jorge Azc\u00f3n. Y <strong>est\u00e1 girando hacia Luesia<\/strong>, hoy, que est\u00e1 desalojado, por lo que durante la jornada de hoy se han centrado en defender ese municipio. \u00abEstamos muy preocupados. Es un incendio extremadamente peligroso\u00bb, ha resumido Azc\u00f3n. Se vigila especialmente el sector 6, en el flanco derecho; adem\u00e1s de seguir garantizando la protecci\u00f3n de las personas y de todos los n\u00facleos habitados, que es la prioridad. Pero el viento es tan cambiante que est\u00e1 provocando situaciones de mucho peligro. Durante el d\u00eda se ha logrado salvar el municipio de Luesia, ha dicho por la tarde Berm\u00fadez de Castro. <\/p>\n<p class=\"v-d-p\" style=\"\">Tambi\u00e9n Alfonso Gonz\u00e1lez, director t\u00e9cnico de extinci\u00f3n del incendio de Or\u00e9s, ha manifestado en declaraciones a los medios a las 18.00 horas de este viernes que Luesia ha preocupado enormemente en esta jornada, ya que el fuego se ha quedado a las puertas de saltar a las viviendas. \u00abA\u00fan se puede extender mucho\u00bb el fuego, ha dicho Gonz\u00e1lez, que no ha querido ser del todo pesimista, pero ha dicho que esta batalla va \u00abregular\u00bb. <\/p>\n<p>\nDos pueblos pendientes del desalojo\n<\/p>\n<p class=\"v-d-p\" style=\"\">El Gobierno de Arag\u00f3n, adem\u00e1s, est\u00e1 preocupado por las personas evacuadas y se va a buscar, junto al Ayuntamiento de Ejea, alguna soluci\u00f3n habitacional para ellos. No se prev\u00e9 una vuelta inminente a sus domicilios y el efecto de dos noches fuera de casa sin dormir empieza a hacer mella tambi\u00e9n en el \u00e1nimo del millar de personas desalojadas, en el caso de Zaragoza, procedentes de cinco pueblos distintos. Hay dos m\u00e1s, <strong>Biel y Fuencalderas,<\/strong> que penden de un mensaje de Es-Alert para ser desalojados. Sus vecinos tambi\u00e9n lo temen y se preparan para ello. Esta tarde Roberto Berm\u00fadez de Castro ha a\u00f1adido algunos municipios m\u00e1s, cuyos alcaldes ya est\u00e1n avisados, porque ha cambiado el viento sur al norte y este y eso hace poner en alerta de manera preventiva a otros pueblos como Long\u00e1s, Isuerre y Lobera de Onsella. \u00abTenemos un viento loco durante las pr\u00f3ximas horas, absolutamente cambiante. Y eso obliga a extremar la vigilancia durante la noche\u00bb, ha dicho el consejero responsable. <\/p>\n<p>El dispositivo en torno al incendio de Or\u00e9s es ampl\u00edsimo. Hay 330 soldados de la UME, 38 agentes de la Guardia Civil que vela por mantener la vigilancia en carreteras y poblaciones afectadas. Tambi\u00e9n cien agricultores se han unido con sus tractores a hacer cortafuegos y ayudar en las labores de extinci\u00f3n..<\/p>\n<p>(Ram\u00f3n Comet)<\/p>\n<p class=\"v-d-p\" style=\"\">Los refuerzos de psic\u00f3logos y trabajadores sociales han llegado al pabell\u00f3n deportivo y al casino de Ejea de los Caballeros para apoyar a quien se venga abajo. En el pabell\u00f3n hay un centenar de personas. A la alcaldesa de Ejea, Teresa Ladrero, el Gobierno de Arag\u00f3n le ha agradecido en varias ocasiones ya todo el esfuerzo que se est\u00e1 haciendo por que los evacuados se sientan como en casa. En esta lucha desigual contra las lenguas de fuego no hay colores pol\u00edticos y lo han demostrado esta ma\u00f1ana tambi\u00e9n Sara Aagesen y Jorge Azc\u00f3n. Ministra del ramo, del Miteco, y presidente aragon\u00e9s han evaluado en el puesto de mando avanzado localizado en Farasdu\u00e9s (provincia de Zaragoza) la evoluci\u00f3n de este fuego que, como todo en la comarca, pende ahora del fort\u00edsimo cierzo que rola de vez en cuando y desgasta por completo los esfuerzos del operativo de extinci\u00f3n. <\/p>\n<p class=\"v-d-p\" style=\"\">La tambi\u00e9n vicepresidenta del Gobierno central ha destacado que si 2025 fue un a\u00f1o complicado en la lucha contra el fuego, la superficie quemada este 2026 multiplica ya por tres lo devastado el a\u00f1o pasado. Son 50.000 hect\u00e1reas en Espa\u00f1a y 18 grandes incendios los que se han declarado a lo largo del presente a\u00f1o, ha subrayado Aagesen en declaraciones a los medios de comunicaci\u00f3n. \u00abEstamos ante una temporada extraordinariamente complicada\u00bb. <\/p>\n<p>\nSeis carreteras siguen cortadas\n<\/p>\n<p class=\"v-d-p\" style=\"\">En las Cinco Villas se mantiene el corte de cinco carreteras cercadas por las llamas (la A-1204, CV-813, A-1202, CV-841 y CV-628). Cien agricultores se pusieron a labrar ayer cerca de terrenos delicados para que no saltase a m\u00e1s v\u00edas, pero cuando el viento jaleaba al fuego \u00e9ste saltaba por encima de los cortafuegos realizados y de las carreteras y otra vez a empezar. A estos trabajadores agr\u00edcolas ha dedicado hoy palabras de agradecimiento tambi\u00e9n el Gobierno de Arag\u00f3n.<\/p>\n<p class=\"v-d-p\" style=\"\">El dispositivo de extinci\u00f3n cuenta con 450 efectivos, medios de varias comunidades aut\u00f3nomas (Navarra, La Rioja, Castilla y Le\u00f3n y Comunidad Valenciana), medios del Infoar, Miteco, Unidad Militar de Emergencias, Bomberos de la Diputaci\u00f3n Provincial de Zaragoza, de la Diputaci\u00f3n Provincial de Huesca, Bomberos del Ayuntamiento de Zaragoza, Guardia Civil, UPA, 061, Cruz Roja, Comarca de Cinco Villas, GISE, GIPEC, Telef\u00f3nica, Endesa. En estos momentos hay m\u00e1s de 330 soldados de la Unidad Militar de Emergencias (UME) de Torrej\u00f3n de Ardoz (batall\u00f3n de Madrid) y el batall\u00f3n de Zaragoza combatiendo las llamas. Adem\u00e1s, ha tomado el relevo tambi\u00e9n la llegada de un segundo helic\u00f3ptero desde Valencia, que se solapa con el helic\u00f3ptero que ya trabaja en la zona, ha detallado Berm\u00fadez de Castro. Durante el viernes han sido 22 helic\u00f3pteros y aeronaves las que han combatido el fuego. <\/p>\n<p>La coordinaci\u00f3n entre administraci\u00f3n central, auton\u00f3mica y local est\u00e1 funcionando: Sara Aagesen, Jorge Azc\u00f3n y Teresa Ladrero, alcaldesa ejeana, en el puesto de mando avanzado esta ma\u00f1ana en Farasdu\u00e9s (Zaragoza). Tambi\u00e9n est\u00e1 desde ayer jueves la secretaria general de Protecci\u00f3n Civil y Emergencias del Ministerio de Interior, Virginia Barcones..<\/p>\n<p>(Fabi\u00e1n Sim\u00f3n)<\/p>\n<p class=\"v-d-p\" style=\"\">La Guardia Civil mantiene a casi 40 agentes desplegados por la zona para velar por la seguridad de las poblaciones y carreteras amenazadas. Adem\u00e1s, va a mantener labores de reconocimiento a\u00e9reo para detectar posibles personas en espacios pr\u00f3ximos al per\u00edmetro. Durante la noche, el Equipo Pegaso ha utilizado drones con c\u00e1maras t\u00e9rmicas para localizar puntos calientes, realizar mapeos t\u00e9rmicos y facilitar la planificaci\u00f3n de los trabajos de extinci\u00f3n de forma segura.<\/p>\n<p class=\"v-d-p\" style=\"\">Se est\u00e1 con todo lo disponible en estos momentos, habida cuenta de que ayer se produjeron hasta ocho fuegos en la comunidad y hubo que sofocarlos todos, ha comentado el responsable auton\u00f3mico de Interior. Solo el de Pe\u00f1a Monta\u00f1esa, en el Sobrarbe oscense, mantiene algo de llama, mientras los otros de J\u00e1novas, Castanesa y La Fueva se han estabilizado, seg\u00fan ha explicado esta ma\u00f1ana Berm\u00fadez de Castro. Pero el de Or\u00e9s es el \u00abgran incendio\u00bb que esperaban las autoridades, por la escasa humedad, el fuerte viento y las elevad\u00edsimas temperaturas que hoy no bajan de los 35 grados en las horas punta del d\u00eda en la comarca zaragozana afectada. <\/p>\n<p>\nCa\u00edda de las comunicaciones\n<\/p>\n<p class=\"v-d-p\" style=\"\">Uno de los principales problemas operativos en estos momentos son las <strong>comunicaciones.<\/strong> El fallo de un repetidor de Telef\u00f3nica ha dejado zonas sin cobertura, lo que dificulta la coordinaci\u00f3n con agricultores y otros medios desplegados por lo que se ha solicitado un repetidor m\u00f3vil para facilitar las comunicaciones en la zona.<\/p>\n<p class=\"v-d-p\" style=\"\">Contin\u00faan evacuadas <strong>las localidades de Or\u00e9s, As\u00edn, Luesia, Malpica de Arba y Uncastillo.<\/strong> Ayer por la noche se decidi\u00f3 evacuar tambi\u00e9n Petilla de Arag\u00f3n, en Navarra. Como decimos, m\u00e1s pueblos podr\u00edan verse afectados por los desalojos en las pr\u00f3ximas horas, que se presentan decisivas para poder ganar la partida al fuego. No est\u00e1n previstas m\u00e1s evacuaciones o confinamientos en estos momentos, seg\u00fan el presidente Azc\u00f3n, pero no se pueden descartar por la deriva que est\u00e1 tomando el viento y el fuego. \u00abNo vamos a adelantar tampoco ning\u00fan regreso de los ya desalojados a sus pueblos si no tenemos la completa seguridad de que no hay peligro\u00bb, ha dicho, pese a la incomodidad que supone pasar noches fuera de sus hogares de la que son conscientes las autoridades.<\/p>\n","protected":false},"excerpt":{"rendered":"La noche ha sido terrible en la comarca zaragozana de las Cinco Villas y se han vivido momentos&hellip;\n","protected":false},"author":2,"featured_media":664417,"comment_status":"","ping_status":"","sticky":false,"template":"","format":"standard","meta":{"footnotes":""},"categories":[8],"tags":[20281,7200,17,18,987,1563,25,24,13,14,11,18442,48,19,20,20276,9,10,15,16,8419,97778,23,12,21,22,491],"class_list":["post-664416","post","type-post","status-publish","format-standard","has-post-thumbnail","category-espana","tag-20281","tag-arrasa","tag-breaking-news","tag-breakingnews","tag-despues","tag-dos","tag-es","tag-espana","tag-featured-news","tag-featurednews","tag-headlines","tag-hectareas","tag-incendio","tag-latest-news","tag-latestnews","tag-meterse","tag-news","tag-noticias","tag-noticias-destacadas","tag-noticiasdestacadas","tag-pueblos","tag-rodea","tag-spain","tag-titulares","tag-ultimas-noticias","tag-ultimasnoticias","tag-zaragoza"],"share_on_mastodon":{"url":"https:\/\/pubeurope.com\/@es\/116940571106227673","error":""},"_links":{"self":[{"href":"https:\/\/www.europesays.com\/es\/wp-json\/wp\/v2\/posts\/664416","targetHints":{"allow":["GET"]}}],"collection":[{"href":"https:\/\/www.europesays.com\/es\/wp-json\/wp\/v2\/posts"}],"about":[{"href":"https:\/\/www.europesays.com\/es\/wp-json\/wp\/v2\/types\/post"}],"author":[{"embeddable":true,"href":"https:\/\/www.europesays.com\/es\/wp-json\/wp\/v2\/users\/2"}],"replies":[{"embeddable":true,"href":"https:\/\/www.europesays.com\/es\/wp-json\/wp\/v2\/comments?post=664416"}],"version-history":[{"count":0,"href":"https:\/\/www.europesays.com\/es\/wp-json\/wp\/v2\/posts\/664416\/revisions"}],"wp:featuredmedia":[{"embeddable":true,"href":"https:\/\/www.europesays.com\/es\/wp-json\/wp\/v2\/media\/664417"}],"wp:attachment":[{"href":"https:\/\/www.europesays.com\/es\/wp-json\/wp\/v2\/media?parent=664416"}],"wp:term":[{"taxonomy":"category","embeddable":true,"href":"https:\/\/www.europesays.com\/es\/wp-json\/wp\/v2\/categories?post=664416"},{"taxonomy":"post_tag","embeddable":true,"href":"https:\/\/www.europesays.com\/es\/wp-json\/wp\/v2\/tags?post=664416"}],"curies":[{"name":"wp","href":"https:\/\/api.w.org\/{rel}","templated":true}]}}