{"id":664443,"date":"2026-07-18T11:05:17","date_gmt":"2026-07-18T11:05:17","guid":{"rendered":"https:\/\/www.europesays.com\/es\/664443\/"},"modified":"2026-07-18T11:05:17","modified_gmt":"2026-07-18T11:05:17","slug":"japon-salva-a-su-monarquia-pero-sigue-negandole-la-corona-a-la-princesa-aiko","status":"publish","type":"post","link":"https:\/\/www.europesays.com\/es\/664443\/","title":{"rendered":"Jap\u00f3n salva a su monarqu\u00eda, pero sigue neg\u00e1ndole la corona a la princesa Aiko"},"content":{"rendered":"<p><b>La familia imperial japonesa acaba de dar un paso hist\u00f3rico<\/b> para garantizar su supervivencia, aunque no necesariamente para adaptarse al siglo XXI. El Parlamento ha aprobado la mayor reforma de la Ley de la Casa Imperial desde la posguerra con el objetivo de <b>frenar el progresivo adelgazamiento de la dinast\u00eda m\u00e1s antigua del mundo.<\/b> Sin embargo, la soluci\u00f3n elegida vuelve a dejar fuera a quien muchos japoneses consideran la heredera natural, <a title=\"la princesa Aiko\" href=\"https:\/\/www.larazon.es\/gente\/casa-real\/20220317\/ncttwpbwnnbs3nyuugltufj4hm.html\" target=\"_blank\" rel=\"nofollow noopener\">la princesa Aiko<\/a>.<\/p>\n<p>La nueva legislaci\u00f3n responde a una preocupaci\u00f3n que lleva a\u00f1os inquietando a la Casa Imperial. <b>Hoy solo tres hombres pueden hereda<\/b>r <a title=\"el Trono del Crisantemo\" href=\"https:\/\/www.larazon.es\/internacional\/japon-aclama-a-su-desdivinizado-emperador-FN25398814\/\" target=\"_blank\" rel=\"nofollow noopener\">el Trono del Crisantemo<\/a>. El pr\u00edncipe heredero Fumihito, hermano menor del <a title=\"emperador Naruhito\" href=\"https:\/\/www.larazon.es\/internacional\/japon-reforma-sucesion-imperial-pero-mantiene-trono-reservado-hombres_202607176a5a777de9f2e84b5c6e923b.html\" target=\"_blank\" rel=\"nofollow noopener\">emperador Naruhito<\/a>, su hijo Hisahito, de 19 a\u00f1os, y el anciano pr\u00edncipe Hitachi, de 90. Una situaci\u00f3n extremadamente fr\u00e1gil para una instituci\u00f3n que durante d\u00e9cadas ha visto reducirse su n\u00famero de miembros.<\/p>\n<p><img decoding=\"async\" loading=\"lazy\" src=\"https:\/\/www.europesays.com\/es\/wp-content\/uploads\/2026\/07\/1784372716_783_58.jpg\" alt=\"Japan's imperial couple visits Belgium\" width=\"6000\" height=\"4000\"\/><b>Japan&#8217;s imperial couple visits Belgium<\/b> OLIVIER MATTHYS \/ POOL Agencia EFE<\/p>\n<p>Para evitar una futura crisis sucesoria, la reforma introduce dos cambios de gran calado. Por un lado, <b>permitir\u00e1 que descendientes varones de las once antiguas ramas colaterales<\/b> de la familia imperial, privadas de su condici\u00f3n tras la Segunda Guerra Mundial, puedan ser adoptados e incorporarse de nuevo a la Casa Imperial. Sus futuros hijos varones s\u00ed podr\u00e1n entrar en la l\u00ednea de sucesi\u00f3n, reforzando as\u00ed la continuidad de la dinast\u00eda por v\u00eda masculina.<\/p>\n<p>La segunda gran novedad afecta a las princesas. Hasta ahora, <b>cualquier mujer de la familia imperial perd\u00eda autom\u00e1ticamente su condici\u00f3n<\/b> al casarse con un ciudadano sin sangre imperial, como ocurri\u00f3 en 2021 con <b>la princesa Mako.<\/b> A partir de ahora, las princesas conservar\u00e1n su estatus y podr\u00e1n seguir desempe\u00f1ando funciones oficiales incluso despu\u00e9s de contraer matrimonio. La medida permitir\u00e1 mantener una familia imperial m\u00e1s numerosa y aliviar la creciente carga institucional que soportan sus miembros.<\/p>\n<p>Aiko, excluida de la sucesi\u00f3n<\/p>\n<p>Sin embargo, la reforma mantiene intacto el principio que m\u00e1s controversia genera. <b>\u00danicamente los hombres descendientes por l\u00ednea paterna pueden acceder al trono. <\/b>Eso significa que <b>la princesa Aiko, \u00fanica hija del emperador Naruhito y de la emperatriz Masako, <\/b>contin\u00faa excluida de la sucesi\u00f3n pese a ser, con diferencia, el miembro m\u00e1s popular de la nueva generaci\u00f3n de la familia imperial.<\/p>\n<p>La paradoja es evidente. Aiko podr\u00e1 seguir siendo princesa toda su vida, pero nunca emperatriz. Y, adem\u00e1s, la reforma abre un escenario singular. <b>Si llegara a tener un hijo var\u00f3n con uno de esos futuros miembros <\/b>adoptados procedentes de las antiguas ramas imperiales, ese ni\u00f1o s\u00ed podr\u00eda aspirar alg\u00fan d\u00eda <b>al Trono del Crisantemo, <\/b>mientras que su propia madre seguir\u00eda sin tener ese derecho.<\/p>\n<p><img decoding=\"async\" loading=\"lazy\" src=\"https:\/\/www.europesays.com\/es\/wp-content\/uploads\/2026\/07\/1784372717_945_58.jpg\" alt=\"Japan's imperial family honors victims of quake and air raids\" width=\"3098\" height=\"2065\"\/><b>Japan&#8217;s imperial family honors victims of quake and air raids<\/b> DAVID MAREUIL \/ POOL Agencia EFE<\/p>\n<p><b>En 2005 una comisi\u00f3n de expertos recomend\u00f3 permitir la sucesi\u00f3n femenina,<\/b> una posibilidad que parec\u00eda inminente cuando el entonces pr\u00edncipe Naruhito solo ten\u00eda una hija. Sin embargo, el nacimiento <b>en 2006 del pr\u00edncipe Hisahito <\/b>fren\u00f3 cualquier reforma. Desde entonces, los sectores conservadores han defendido preservar una l\u00ednea sucesoria exclusivamente masculina como elemento esencial de la legitimidad hist\u00f3rica de la monarqu\u00eda japonesa.<\/p>\n<p>La candidata perfecta para el pueblo japon\u00e9s<\/p>\n<p>Las encuestas, sin embargo, dibujan un panorama muy distinto. Desde hace a\u00f1os, una amplia mayor\u00eda de la sociedad japonesa se muestra <b>favorable a que una mujer pueda ocupar el trono, <\/b>y la princesa Aiko suele aparecer como la candidata preferida por la opini\u00f3n p\u00fablica gracias a su preparaci\u00f3n, discreci\u00f3n y creciente protagonismo institucional.<\/p>\n<p><b>La ley impulsada por el Gobierno de Sanae Takaichi <\/b>logra as\u00ed el delicado equilibrio de garantizar la continuidad de la familia imperial <b>sin alterar el principio tradicional de sucesi\u00f3n masculina. <\/b>Para muchos supone una soluci\u00f3n pragm\u00e1tica; para otros, simplemente <b>aplaza un debate que Jap\u00f3n tendr\u00e1 que afrontar tarde o temprano. <\/b>Mientras tanto, Aiko seguir\u00e1 siendo el rostro m\u00e1s querido de la monarqu\u00eda, pero tambi\u00e9n la princesa a la que la historia contin\u00faa neg\u00e1ndole la corona.<\/p>\n","protected":false},"excerpt":{"rendered":"La familia imperial japonesa acaba de dar un paso hist\u00f3rico para garantizar su supervivencia, aunque no necesariamente para&hellip;\n","protected":false},"author":2,"featured_media":664444,"comment_status":"","ping_status":"","sticky":false,"template":"","format":"standard","meta":{"footnotes":""},"categories":[42],"tags":[17,18,34121,13,14,11,61,62,63,64,3564,19,20,6041,121139,9,10,15,16,12,21,22,65,66,67],"class_list":["post-664443","post","type-post","status-publish","format-standard","has-post-thumbnail","category-internacional","tag-breaking-news","tag-breakingnews","tag-emperador","tag-featured-news","tag-featurednews","tag-headlines","tag-internacional","tag-international","tag-international-news","tag-internationalnews","tag-japon","tag-latest-news","tag-latestnews","tag-monarquia","tag-naruhito","tag-news","tag-noticias","tag-noticias-destacadas","tag-noticiasdestacadas","tag-titulares","tag-ultimas-noticias","tag-ultimasnoticias","tag-world","tag-world-news","tag-worldnews"],"share_on_mastodon":{"url":"https:\/\/pubeurope.com\/@es\/116940658493302181","error":""},"_links":{"self":[{"href":"https:\/\/www.europesays.com\/es\/wp-json\/wp\/v2\/posts\/664443","targetHints":{"allow":["GET"]}}],"collection":[{"href":"https:\/\/www.europesays.com\/es\/wp-json\/wp\/v2\/posts"}],"about":[{"href":"https:\/\/www.europesays.com\/es\/wp-json\/wp\/v2\/types\/post"}],"author":[{"embeddable":true,"href":"https:\/\/www.europesays.com\/es\/wp-json\/wp\/v2\/users\/2"}],"replies":[{"embeddable":true,"href":"https:\/\/www.europesays.com\/es\/wp-json\/wp\/v2\/comments?post=664443"}],"version-history":[{"count":0,"href":"https:\/\/www.europesays.com\/es\/wp-json\/wp\/v2\/posts\/664443\/revisions"}],"wp:featuredmedia":[{"embeddable":true,"href":"https:\/\/www.europesays.com\/es\/wp-json\/wp\/v2\/media\/664444"}],"wp:attachment":[{"href":"https:\/\/www.europesays.com\/es\/wp-json\/wp\/v2\/media?parent=664443"}],"wp:term":[{"taxonomy":"category","embeddable":true,"href":"https:\/\/www.europesays.com\/es\/wp-json\/wp\/v2\/categories?post=664443"},{"taxonomy":"post_tag","embeddable":true,"href":"https:\/\/www.europesays.com\/es\/wp-json\/wp\/v2\/tags?post=664443"}],"curies":[{"name":"wp","href":"https:\/\/api.w.org\/{rel}","templated":true}]}}