{"id":664473,"date":"2026-07-18T11:31:14","date_gmt":"2026-07-18T11:31:14","guid":{"rendered":"https:\/\/www.europesays.com\/es\/664473\/"},"modified":"2026-07-18T11:31:14","modified_gmt":"2026-07-18T11:31:14","slug":"las-llamas-no-dan-tregua-en-ores-y-mierla-los-incendios-calcinan-casi-20-000-hectareas","status":"publish","type":"post","link":"https:\/\/www.europesays.com\/es\/664473\/","title":{"rendered":"Las llamas no dan tregua en Or\u00e9s y Mierla: Los incendios calcinan casi 20.000 hect\u00e1reas"},"content":{"rendered":"<p><img decoding=\"async\" class=\"v-ath__i\" loading=\"lazy\" src=\"https:\/\/www.europesays.com\/es\/wp-content\/uploads\/2026\/07\/1784374274_139_autor-5497-foto-3.jpeg\" alt=\"Agencia Europa Press\"\/><\/p>\n<p>18\/07\/2026 a las 11:05h.<\/p>\n<p class=\"v-d-p\" style=\"\">Dos incendios. Dos comunidades. Y un mismo objetivo: frenar unas llamas que siguen avanzando. El m\u00e1s grave, en las Cinco Villas, en Zaragoza. El incendio  &#8230; declarado en Or\u00e9s ya ha arrasado unas 15.400 hect\u00e1reas. Las llamas han obligado a redoblar los esfuerzos para proteger los municipios amenazados. En las \u00faltimas horas, los equipos han conseguido evitar que el fuego alcanzara el casco urbano de Luesia. La preocupaci\u00f3n tambi\u00e9n se traslada hasta Guadalajara. En La Mierla, el incendio sigue lejos de controlarse. Con la llegada del d\u00eda, los medios a\u00e9reos se han reincorporado al operativo y ya son m\u00e1s de 300 los efectivos desplegados para intentar contener el avance de las llamas. El fuego ha obligado a evacuar a 529 personas de once municipios y ya ha calcinado cerca de 3.900 hect\u00e1reas.(Fuente: Europa Press, ATBRIF, INFOCAM, UME)<\/p>\n","protected":false},"excerpt":{"rendered":"18\/07\/2026 a las 11:05h. Dos incendios. Dos comunidades. Y un mismo objetivo: frenar unas llamas que siguen avanzando.&hellip;\n","protected":false},"author":2,"featured_media":664474,"comment_status":"","ping_status":"","sticky":false,"template":"","format":"standard","meta":{"footnotes":""},"categories":[8],"tags":[25087,17,18,121144,28488,25,24,13,14,11,121145,4342,19,20,9448,121143,9,10,15,16,23,12,23357,21,22],"class_list":["post-664473","post","type-post","status-publish","format-standard","has-post-thumbnail","category-espana","tag-25087","tag-breaking-news","tag-breakingnews","tag-calcinan","tag-casi","tag-es","tag-espana","tag-featured-news","tag-featurednews","tag-headlines","tag-hectreas","tag-incendios","tag-latest-news","tag-latestnews","tag-llamas","tag-mierla","tag-news","tag-noticias","tag-noticias-destacadas","tag-noticiasdestacadas","tag-spain","tag-titulares","tag-tregua","tag-ultimas-noticias","tag-ultimasnoticias"],"share_on_mastodon":{"url":"https:\/\/pubeurope.com\/@es\/116940761199227023","error":""},"_links":{"self":[{"href":"https:\/\/www.europesays.com\/es\/wp-json\/wp\/v2\/posts\/664473","targetHints":{"allow":["GET"]}}],"collection":[{"href":"https:\/\/www.europesays.com\/es\/wp-json\/wp\/v2\/posts"}],"about":[{"href":"https:\/\/www.europesays.com\/es\/wp-json\/wp\/v2\/types\/post"}],"author":[{"embeddable":true,"href":"https:\/\/www.europesays.com\/es\/wp-json\/wp\/v2\/users\/2"}],"replies":[{"embeddable":true,"href":"https:\/\/www.europesays.com\/es\/wp-json\/wp\/v2\/comments?post=664473"}],"version-history":[{"count":0,"href":"https:\/\/www.europesays.com\/es\/wp-json\/wp\/v2\/posts\/664473\/revisions"}],"wp:featuredmedia":[{"embeddable":true,"href":"https:\/\/www.europesays.com\/es\/wp-json\/wp\/v2\/media\/664474"}],"wp:attachment":[{"href":"https:\/\/www.europesays.com\/es\/wp-json\/wp\/v2\/media?parent=664473"}],"wp:term":[{"taxonomy":"category","embeddable":true,"href":"https:\/\/www.europesays.com\/es\/wp-json\/wp\/v2\/categories?post=664473"},{"taxonomy":"post_tag","embeddable":true,"href":"https:\/\/www.europesays.com\/es\/wp-json\/wp\/v2\/tags?post=664473"}],"curies":[{"name":"wp","href":"https:\/\/api.w.org\/{rel}","templated":true}]}}