{"id":664505,"date":"2026-07-18T11:54:16","date_gmt":"2026-07-18T11:54:16","guid":{"rendered":"https:\/\/www.europesays.com\/es\/664505\/"},"modified":"2026-07-18T11:54:16","modified_gmt":"2026-07-18T11:54:16","slug":"un-muerto-y-dos-menores-heridos-graves-tras-una-reyerta-entre-bandas-en-ciudad-lineal","status":"publish","type":"post","link":"https:\/\/www.europesays.com\/es\/664505\/","title":{"rendered":"Un muerto y dos menores heridos graves tras una reyerta entre bandas en Ciudad Lineal"},"content":{"rendered":"<p style=\"\">Nueva noche sangrienta en la calle del Elfo de Ciudad Lineal. Eran las 23.22 horas cuando la Polic\u00eda Nacional recib\u00eda un aviso a trav\u00e9s del 091  en el que testigos alertaban de una reyerta en v\u00eda p\u00fablica. Cuando llegaron los agentes al lugar se  &#8230; encontraron tres varones heridos por arma blanca. Un joven de 23 a\u00f1os ha fallecido y otros dos de 17 resultaron heridos como consecuencia de las heridas de arma blanca tras una pelea entre bandas rivales en el distrito madrile\u00f1o de <a href=\"https:\/\/www.abc.es\/espana\/madrid\/abci-calvario-ciudad-lineal-este-barrio-esta-hecho-enorme-porqueria-201710210047_noticia.html\" target=\"_self\" data-voc-vtm-id=\"in-text-traffic\" data-mrf-link=\"www.abc.es\" rel=\"nofollow noopener\">Ciudad Lineal<\/a>. Seg\u00fan ha podido saber ABC de fuentes policiales, las v\u00edctimas pertenecen a los Trinitarios y, presuntamente, los atacantes, a los Dominican Don&#8217;t Play (DDP). <\/p>\n<p class=\"v-d-p\" style=\"\">Seg\u00fan inform\u00f3 Emergencias Madrid, el equipo de Samur-Protecci\u00f3n Civil que se desplaz\u00f3 al lugar atendi\u00f3 a tres varones por heridas de arma blanca. Los sanitarios confirmaron el fallecimiento de un joven de 23 a\u00f1os, espa\u00f1ol (de origen latino), tras practicarle sin \u00e9xito maniobras de reanimaci\u00f3n cardiopulmonar (RCP).<\/p>\n<p class=\"v-d-p\" style=\"\">Adem\u00e1s, trasladaron a centros hospitalarios a los otros dos implicados, ambos nacidos en 2009 en Colombia y Per\u00fa. Uno de ellos se encontraba en estado grave, por lo que fue ingresado en el Doce de Octubre, y el otro, potencialmente grave. <\/p>\n<p class=\"v-d-p\" style=\"\">Esta zona del barrio de Pueblo Nuevo suele ser territorio dominado por los DDP, pero por su proximidad a San Blas, suele haber fricci\u00f3n con la banda rival de los trinitarios. De hecho, la conflictividad de estas calles empuj\u00f3 al Ayuntamiento de Madrid a instalar c\u00e1maras en cinco puntos calientes del <a href=\"https:\/\/www.abc.es\/espana\/camaras-vigilan-parque-calero-puntos-calientes-bandas-20251212181322-nt.html\" target=\"_self\" data-voc-vtm-id=\"in-text-traffic\" data-mrf-link=\"www.abc.es\" rel=\"nofollow noopener\">parque Calero<\/a>, muy pr\u00f3ximo al lugar de los hechos. <\/p>\n<p class=\"v-d-p\" style=\"\">Hasta el lugar se desplaz\u00f3 la Polic\u00eda Cient\u00edfica, Brigada Provincial de Informaci\u00f3n, y el grupo V de homicidios quienes se han hecho cargo de la investigaci\u00f3n. Se trata del segundo crimen de bandas del a\u00f1o y el 15\u00ba homicidio cometido en la capital en lo que va de 2026.<\/p>\n","protected":false},"excerpt":{"rendered":"Nueva noche sangrienta en la calle del Elfo de Ciudad Lineal. Eran las 23.22 horas cuando la Polic\u00eda&hellip;\n","protected":false},"author":2,"featured_media":664506,"comment_status":"","ping_status":"","sticky":false,"template":"","format":"standard","meta":{"footnotes":""},"categories":[8],"tags":[11188,17,18,777,1563,25,24,13,14,14001,11,11225,19,20,67044,1567,5555,9,10,15,16,21842,23,12,575,21,22],"class_list":["post-664505","post","type-post","status-publish","format-standard","has-post-thumbnail","category-espana","tag-bandas","tag-breaking-news","tag-breakingnews","tag-ciudad","tag-dos","tag-es","tag-espana","tag-featured-news","tag-featurednews","tag-graves","tag-headlines","tag-heridos","tag-latest-news","tag-latestnews","tag-lineal","tag-menores","tag-muerto","tag-news","tag-noticias","tag-noticias-destacadas","tag-noticiasdestacadas","tag-reyerta","tag-spain","tag-titulares","tag-tras","tag-ultimas-noticias","tag-ultimasnoticias"],"share_on_mastodon":{"url":"https:\/\/pubeurope.com\/@es\/116940850225849646","error":""},"_links":{"self":[{"href":"https:\/\/www.europesays.com\/es\/wp-json\/wp\/v2\/posts\/664505","targetHints":{"allow":["GET"]}}],"collection":[{"href":"https:\/\/www.europesays.com\/es\/wp-json\/wp\/v2\/posts"}],"about":[{"href":"https:\/\/www.europesays.com\/es\/wp-json\/wp\/v2\/types\/post"}],"author":[{"embeddable":true,"href":"https:\/\/www.europesays.com\/es\/wp-json\/wp\/v2\/users\/2"}],"replies":[{"embeddable":true,"href":"https:\/\/www.europesays.com\/es\/wp-json\/wp\/v2\/comments?post=664505"}],"version-history":[{"count":0,"href":"https:\/\/www.europesays.com\/es\/wp-json\/wp\/v2\/posts\/664505\/revisions"}],"wp:featuredmedia":[{"embeddable":true,"href":"https:\/\/www.europesays.com\/es\/wp-json\/wp\/v2\/media\/664506"}],"wp:attachment":[{"href":"https:\/\/www.europesays.com\/es\/wp-json\/wp\/v2\/media?parent=664505"}],"wp:term":[{"taxonomy":"category","embeddable":true,"href":"https:\/\/www.europesays.com\/es\/wp-json\/wp\/v2\/categories?post=664505"},{"taxonomy":"post_tag","embeddable":true,"href":"https:\/\/www.europesays.com\/es\/wp-json\/wp\/v2\/tags?post=664505"}],"curies":[{"name":"wp","href":"https:\/\/api.w.org\/{rel}","templated":true}]}}