{"id":664513,"date":"2026-07-18T12:05:18","date_gmt":"2026-07-18T12:05:18","guid":{"rendered":"https:\/\/www.europesays.com\/es\/664513\/"},"modified":"2026-07-18T12:05:18","modified_gmt":"2026-07-18T12:05:18","slug":"el-plan-de-regreso-al-barca-de-los-mundialistas-que-quedan","status":"publish","type":"post","link":"https:\/\/www.europesays.com\/es\/664513\/","title":{"rendered":"El plan de regreso al Bar\u00e7a de los mundialistas que quedan"},"content":{"rendered":"<p class=\"ft-text\">La <a class=\"ft-link ft-link--decoration\" href=\"https:\/\/www.sport.es\/es\/mundial-futbol\/\" rel=\"nofollow noopener\" target=\"_blank\">Copa del Mundo<\/a> agoniza. <strong>El torneo m\u00e1s largo de la historia llega a su fin con la disputa este fin de semana de los dos partidos por las medallas. <\/strong>El tercer y cuarto puesto del s\u00e1bado entre Francia y Inglaterra (un suplicio que nadie quiere jugar, por cierto) y la \u2018final\u00edssima\u2019, la real, el domingo a las 21:00 entre Espa\u00f1a y Argentina. El Bar\u00e7a es el club que tiene a m\u00e1s mundialistas todav\u00eda en liza (10). Le sigue de muy cerca el Atl\u00e9tico, que tiene la friolera de nueve jugadores a\u00fan vivos y todos ellos en la gran final.<\/p>\n<p><img decoding=\"async\" src=\"https:\/\/www.europesays.com\/es\/wp-content\/uploads\/2026\/07\/fa9814f6-2715-4010-b7d5-920acd13ca6d_alta-libre-aspect-ratio_default_0_x1000y409.jpg\" width=\"1200\" height=\"737\" alt=\"Cubars\u00ed, en una de sus numerosas acciones defensivas de m\u00e9rito ante Austria\" class=\"ft-helper-img-rd\" loading=\"lazy\" fetchpriority=\"auto\"\/><\/p>\n<p class=\"ft-helper-fontColor-quaternary ft-helper-fontSize-body-S ft-helper-spacer-t-xxs\">Cubars\u00ed, en una de sus numerosas acciones defensivas de m\u00e9rito ante Austria  \/ CHRISTOPHER TORRES \/ EFE<\/p>\n<p class=\"ft-text\">Empez\u00f3<a class=\"ft-link ft-link--decoration\" href=\"https:\/\/www.sport.es\/es\/noticias\/barca\/exodo-internacional-inmediato-barca-130574317\" rel=\"nofollow noopener\" target=\"_blank\"> con 15 deportistas (no contamos a un Rashford que no seguir\u00e1 y s\u00ed a un Cancelo que, salvo sorpresa, firmar\u00e1 pr\u00f3ximamente) <\/a>representando al club azulgrana en el torneo mundialista y esa cifra ha ido bajando a 10. <strong>Hamza, Frenkie de Jong, Araujo, Cancelo y Raphinha se quedaron por el camino<\/strong>.<\/p>\n<p>Hamza renunci\u00f3 a todo<\/p>\n<p class=\"ft-text\">El egipcio <a class=\"ft-link ft-link--decoration\" href=\"https:\/\/www.sport.es\/es\/noticias\/barca\/sacrificio-hamza-abdelkarim-barca-132366115\" rel=\"nofollow noopener\" target=\"_blank\">renunci\u00f3 a tener vacaciones y se present\u00f3 el lunes a las pruebas m\u00e9dicas<\/a>. Pas\u00f3 por Egipto para ser homenajeado y de ah\u00ed, sin descanso, a Barcelona. Buscar\u00e1 convencer a Flick estos d\u00edas, pese a que <a class=\"ft-link ft-link--decoration\" href=\"https:\/\/www.sport.es\/es\/noticias\/barca\/plan-barca-hamza-abdelkarim-le-132220455\" rel=\"nofollow noopener\" target=\"_blank\">en SPORT ya explicamos que la idea es que tenga bastante incidencia en la primera plantilla<\/a> y que su presencia en el filial en Segunda RFEF sea menor.<\/p>\n<p><img decoding=\"async\" src=\"https:\/\/www.europesays.com\/es\/wp-content\/uploads\/2026\/07\/8bb29655-3aa7-4027-9e50-88e5a1e6699f_alta-libre-aspect-ratio_default_0_x640y266.jpg\" width=\"1200\" height=\"750\" alt=\"Hamza Abdelkarim, en el primer entreno de la temporada con el Bar\u00e7a\" class=\"ft-helper-img-rd\" loading=\"lazy\" fetchpriority=\"auto\"\/><\/p>\n<p class=\"ft-helper-fontColor-quaternary ft-helper-fontSize-body-S ft-helper-spacer-t-xxs\">Hamza Abdelkarim, en el primer entreno de la temporada con el Bar\u00e7a  \/ FCBARCELONA<\/p>\n<p class=\"ft-text\">Frenkie volvi\u00f3 a la competici\u00f3n con una lesi\u00f3n importante de rodilla. Araujo estuvo el lunes en las revisiones m\u00e9dicas para que echaran un vistazo a la lesi\u00f3n sufrida con Uruguay y estar\u00e1 el d\u00eda 20 ya entrenando con el grupo.<strong> Raphinha tendr\u00e1 unos d\u00edas m\u00e1s de asueto, pero se espera que viaje al stage de Inglaterra<\/strong>. <\/p>\n<p><img decoding=\"async\" src=\"https:\/\/www.europesays.com\/es\/wp-content\/uploads\/2026\/07\/1784376318_289_7bbb9980-a8e2-4703-881d-65b76bb332d5_alta-libre-aspect-ratio_default_0_x750y333.jpg\" width=\"1200\" height=\"800\" alt=\"Jules Kound\u00e9, listo para la 'final' ante Espa\u00f1a\" class=\"ft-helper-img-rd\" loading=\"lazy\" fetchpriority=\"auto\"\/><\/p>\n<p class=\"ft-helper-fontColor-quaternary ft-helper-fontSize-body-S ft-helper-spacer-t-xxs\">Jules Kound\u00e9, en este Mundial  \/ Europa Pres<\/p>\n<p class=\"ft-text\">Acerca de los 10 que todav\u00eda est\u00e1n en tierras americanas, en SPORT podemos informar que<strong> el plan pasa, a priori, porque tengan dos semanas de descanso y no las tres que hay por convenio con la AFE<\/strong>. El 19 de julio se acabar\u00e1 su andadura en la Copa del Mundo (el d\u00eda antes para Kounde y Gordon) y la idea es que la semana del 3 de agosto se reincorporen. <\/p>\n<p>Se recuperar\u00edan los d\u00edas<\/p>\n<p class=\"ft-text\">Esa semana, l\u00f3gicamente, la tienen por derecho. <strong>La idea es que puedan recuperar d\u00edas durante el largo par\u00f3n de selecciones que hay en septiembre <\/strong>(la pr\u00f3xima temporada se han juntado el de septiembre y octubre en uno). Veremos c\u00f3mo termina encajando. En caso de cumplir las tres semanas no estar\u00edan de vuelta hasta el d\u00eda 10. Teniendo en cuenta que la Liga arranca el 22-23 de agosto ser\u00eda imposible que llegaran con solo 10 d\u00edas de pretemporada (viniendo de tres semanas parados). Esa es la intenci\u00f3n y la hoja de ruta. <\/p>\n","protected":false},"excerpt":{"rendered":"La Copa del Mundo agoniza. El torneo m\u00e1s largo de la historia llega a su fin con la&hellip;\n","protected":false},"author":2,"featured_media":664514,"comment_status":"","ping_status":"","sticky":false,"template":"","format":"standard","meta":{"footnotes":""},"categories":[268],"tags":[2296,48108,168,25,24,881,280,282,11680,1070,281,23,167],"class_list":["post-664513","post","type-post","status-publish","format-standard","has-post-thumbnail","category-futbol","tag-barca","tag-cubarsi","tag-deportes","tag-es","tag-espana","tag-fc-barcelona","tag-football","tag-futbol","tag-lamine","tag-mundial","tag-soccer","tag-spain","tag-sports"],"share_on_mastodon":{"url":"https:\/\/pubeurope.com\/@es\/116940893794361555","error":""},"_links":{"self":[{"href":"https:\/\/www.europesays.com\/es\/wp-json\/wp\/v2\/posts\/664513","targetHints":{"allow":["GET"]}}],"collection":[{"href":"https:\/\/www.europesays.com\/es\/wp-json\/wp\/v2\/posts"}],"about":[{"href":"https:\/\/www.europesays.com\/es\/wp-json\/wp\/v2\/types\/post"}],"author":[{"embeddable":true,"href":"https:\/\/www.europesays.com\/es\/wp-json\/wp\/v2\/users\/2"}],"replies":[{"embeddable":true,"href":"https:\/\/www.europesays.com\/es\/wp-json\/wp\/v2\/comments?post=664513"}],"version-history":[{"count":0,"href":"https:\/\/www.europesays.com\/es\/wp-json\/wp\/v2\/posts\/664513\/revisions"}],"wp:featuredmedia":[{"embeddable":true,"href":"https:\/\/www.europesays.com\/es\/wp-json\/wp\/v2\/media\/664514"}],"wp:attachment":[{"href":"https:\/\/www.europesays.com\/es\/wp-json\/wp\/v2\/media?parent=664513"}],"wp:term":[{"taxonomy":"category","embeddable":true,"href":"https:\/\/www.europesays.com\/es\/wp-json\/wp\/v2\/categories?post=664513"},{"taxonomy":"post_tag","embeddable":true,"href":"https:\/\/www.europesays.com\/es\/wp-json\/wp\/v2\/tags?post=664513"}],"curies":[{"name":"wp","href":"https:\/\/api.w.org\/{rel}","templated":true}]}}