{"id":664591,"date":"2026-07-18T13:30:22","date_gmt":"2026-07-18T13:30:22","guid":{"rendered":"https:\/\/www.europesays.com\/es\/664591\/"},"modified":"2026-07-18T13:30:22","modified_gmt":"2026-07-18T13:30:22","slug":"el-guion-original-de-star-wars-definio-el-casco-de-darth-vader","status":"publish","type":"post","link":"https:\/\/www.europesays.com\/es\/664591\/","title":{"rendered":"El guion original de \u201cStar Wars\u201d defini\u00f3 el casco de Darth Vader"},"content":{"rendered":"<p><img alt=\"Darth Vader_Star Wars_El imperio contraataca_Portada\" class=\"global-image\" decoding=\"async\" fetchpriority=\"high\" height=\"1080\" loading=\"eager\" src=\"https:\/\/www.europesays.com\/es\/wp-content\/uploads\/2026\/07\/BVQCGBKUBJBHFOBRXVBAEMTGME.jpg\" width=\"1920\"\/>Ralph McQuarrie concluy\u00f3 que Darth Vader necesitaba sobrevivir fuera de la nave y propuso un traje apto para el vac\u00edo (Cr\u00e9ditos: YouTube \/ Collective Culture)<\/p>\n<p class=\"paragraph\">El <b>casco de <\/b><a rel=\"noopener noreferrer nofollow\" href=\"https:\/\/www.infobae.com\/tag\/darth-vader\/\" target=\"_blank\" title=\"https:\/\/www.infobae.com\/tag\/darth-vader\/\"><b>Darth Vader<\/b><\/a> surgi\u00f3 para resolver un<b> problema del guion original<\/b> de la primera <a rel=\"noopener noreferrer nofollow\" href=\"https:\/\/www.infobae.com\/tag\/star-wars\/\" target=\"_blank\" title=\"https:\/\/www.infobae.com\/tag\/star-wars\/\"><b>Star Wars<\/b><\/a>: <b>Ralph McQuarrie<\/b>, al leer la historia escrita por <b>George Lucas<\/b>, concluy\u00f3 que el villano deb\u00eda poder sobrevivir en el vac\u00edo del espacio. Seg\u00fan Espinof, esa necesidad termin\u00f3 por definir la m\u00e1scara y el aparato respiratorio que marcaron su imagen.<\/p>\n<p class=\"paragraph\">Darth Vader acab\u00f3 con casco y m\u00e1scara porque el guion lo situaba en una escena en la que deb\u00eda pasar de su nave a la de los rebeldes a trav\u00e9s del espacio. McQuarrie propuso entonces un traje apto para el vac\u00edo y Lucas acept\u00f3 a\u00f1adir un<b> sistema respiratorio<\/b>, de acuerdo con el relato recogido por Espinof a partir de Star Wars Insider.<\/p>\n<p class=\"paragraph\"><b>La escena planteaba que Vader entrara en la nave rebelde directamente desde el exterior. Despu\u00e9s, irrump\u00eda en un pasillo junto a sus tropas<\/b>. Esa exigencia pr\u00e1ctica empuj\u00f3 el dise\u00f1o hacia una soluci\u00f3n visual que despu\u00e9s qued\u00f3 unida para siempre al personaje. En el texto citado por Espinof, McQuarrie record\u00f3 que la versi\u00f3n inicial del villano no part\u00eda todav\u00eda de esa l\u00f3gica.<\/p>\n<p class=\"paragraph\">Antes de entrar en el cine, Ralph McQuarrie hab\u00eda realizado dibujos del espacio para CBS durante las <b>misiones lunares del programa Apollo<\/b>. Ese trabajo llam\u00f3 la atenci\u00f3n de Lucas, que ya en 1972 pensaba en una pel\u00edcula de ciencia ficci\u00f3n y quer\u00eda contar con \u00e9l.<\/p>\n<p class=\"paragraph\">McQuarrie record\u00f3 en Star Wars Insider, seg\u00fan reproduce Espinof, c\u00f3mo fue aquel primer contacto. <b>\u201cMe visit\u00f3 con sus amigos, y hablamos de esta gran pel\u00edcula de ciencia ficci\u00f3n fant\u00e1stica que quer\u00eda hacer. Todav\u00eda no ten\u00eda ni t\u00edtulo\u201d<\/b>.<\/p>\n<p><img alt=\"Estudio de dise\u00f1o de los a\u00f1os 70 con una mesa llena de bocetos, m\u00e1scaras incompletas, herramientas de escultura, piezas mec\u00e1nicas y un casco negro futurista.\" class=\"global-image\" decoding=\"async\" fetchpriority=\"low\" height=\"1536\" loading=\"lazy\" src=\"https:\/\/www.europesays.com\/es\/wp-content\/uploads\/2026\/07\/QIUOJA3REZDCLIDMMUKCQJX4HQ.png\" width=\"2752\"\/>George Lucas incorpor\u00f3 un sistema respiratorio al dise\u00f1o de Darth Vader y as\u00ed tom\u00f3 forma la m\u00e1scara del personaje (Imagen Ilustrativa Infobae)<\/p>\n<p class=\"paragraph\">El dise\u00f1ador tambi\u00e9n relat\u00f3 que le mostr\u00f3 una propuesta previa de ese mismo a\u00f1o. <b>\u201cLe ense\u00f1\u00e9 una propuesta en la que hab\u00eda trabajado en 1972 para una pel\u00edcula de ciencia ficci\u00f3n llamada Galaxy&#8230; No pens\u00e9 que volver\u00eda a verle, pero entonces un d\u00eda me llam\u00f3 para ver si me interesar\u00eda hacer algo para Star Wars\u201d<\/b>, manifest\u00f3.<\/p>\n<p class=\"paragraph\">La fuente subraya que McQuarrie influy\u00f3 de forma decisiva en la construcci\u00f3n visual de Star Wars. Tambi\u00e9n ayud\u00f3 a fijar algunos de los rasgos m\u00e1s reconocibles de sus personajes.<\/p>\n<p class=\"paragraph\">Cuando McQuarrie ley\u00f3 el libreto de la pel\u00edcula que luego ser\u00eda <b>Una nueva esperanza<\/b>, o <b>La guerra de las galaxias<\/b> (1977), detect\u00f3 el punto que cambiar\u00eda el dise\u00f1o de Vader. La idea inicial del rostro cubierto con telas no encajaba con una entrada desde el espacio abierto.<\/p>\n<p class=\"paragraph\">El propio dise\u00f1ador resumi\u00f3 as\u00ed la propuesta original de Lucas. <b>\u201cGeorge dijo que quer\u00eda un traje que ondease en el viento, una especie de tipo oscuro con una capa negra y un casco grande, como un guerrero japon\u00e9s&#8230; Quiz\u00e1s con seda negra sobre su cara o algo as\u00ed\u201d<\/b>.<\/p>\n<p class=\"paragraph\">\u201cPero en el gui\u00f3n, Vader cruzaba el espacio entre su nave y la rebelde, y entraba en esta nave desde el espacio interior, quemando la pared para que \u00e9l y sus tropas de asalto pudieran entrar en este pasillo\u201d, explic\u00f3.<\/p>\n<p><img alt=\"Una escena eliminada de &quot;Star Wars&quot; dej\u00f3 un impacto duradero y convirti\u00f3 el casco de Darth Vader en una se\u00f1a de identidad del cine\" class=\"global-image\" decoding=\"async\" fetchpriority=\"low\" height=\"1080\" loading=\"lazy\" src=\"https:\/\/www.europesays.com\/es\/wp-content\/uploads\/2026\/07\/TTU4MFHXIBGN7GDDMRQJCC5SGM.jpg\" width=\"1920\"\/>Una escena eliminada de \u00abStar Wars\u00bb dej\u00f3 un impacto duradero y convirti\u00f3 el casco de Darth Vader en una se\u00f1a de identidad del cine<\/p>\n<p class=\"paragraph\">Esa contradicci\u00f3n llev\u00f3 a George Lucas y a McQuarrie a <b>reformular el aspecto del personaje desde una necesidad funcional<\/b>. \u201cY yo pens\u00e9&#8230; \u2018Vaya, Darth Vader necesita funcionar en el vac\u00edo\u2019. As\u00ed que le suger\u00ed a George que Vader tuviera alg\u00fan tipo de traje espacial que le permitiese sobrevivir este viaje por el vac\u00edo\u201d.<\/p>\n<p class=\"paragraph\">La respuesta de Lucas complet\u00f3 el paso decisivo hacia la imagen definitiva. <b>\u201cY George dijo: \u2018Vale, pues dale alg\u00fan tipo de aparato respiratorio\u2019. As\u00ed que adem\u00e1s del casco grande, tambi\u00e9n le puse una m\u00e1scara\u201d<\/b>.<\/p>\n<p class=\"paragraph\">La secuencia que origin\u00f3 esa decisi\u00f3n no lleg\u00f3 al montaje final de la pel\u00edcula. Aun as\u00ed, la soluci\u00f3n planteada para hacer viable aquel cruce por el espacio sobrevivi\u00f3 al recorte y acab\u00f3 convertida en la se\u00f1a de identidad del personaje.<\/p>\n<p class=\"paragraph\">Como recuerda Espinof, una escena descartada termin\u00f3 por influir en el aspecto definitivo de Darth Vader. <b>As\u00ed qued\u00f3 fijada la imagen de uno de los villanos m\u00e1s reconocibles de la historia del cine<\/b>.<\/p>\n","protected":false},"excerpt":{"rendered":"Ralph McQuarrie concluy\u00f3 que Darth Vader necesitaba sobrevivir fuera de la nave y propuso un traje apto para&hellip;\n","protected":false},"author":2,"featured_media":664592,"comment_status":"","ping_status":"","sticky":false,"template":"","format":"standard","meta":{"footnotes":""},"categories":[169],"tags":[90401,1902,6843,177,72992,146,147,25,1246,24,121156,176,175,23],"class_list":["post-664591","post","type-post","status-publish","format-standard","has-post-thumbnail","category-cine","tag-bocetos","tag-casco","tag-ciencia-ficcion","tag-cine","tag-darth-vader","tag-entertainment","tag-entretenimiento","tag-es","tag-escultura","tag-espana","tag-estudio-de-diseno","tag-film","tag-movies","tag-spain"],"share_on_mastodon":{"url":"https:\/\/pubeurope.com\/@es\/116941228767442890","error":""},"_links":{"self":[{"href":"https:\/\/www.europesays.com\/es\/wp-json\/wp\/v2\/posts\/664591","targetHints":{"allow":["GET"]}}],"collection":[{"href":"https:\/\/www.europesays.com\/es\/wp-json\/wp\/v2\/posts"}],"about":[{"href":"https:\/\/www.europesays.com\/es\/wp-json\/wp\/v2\/types\/post"}],"author":[{"embeddable":true,"href":"https:\/\/www.europesays.com\/es\/wp-json\/wp\/v2\/users\/2"}],"replies":[{"embeddable":true,"href":"https:\/\/www.europesays.com\/es\/wp-json\/wp\/v2\/comments?post=664591"}],"version-history":[{"count":0,"href":"https:\/\/www.europesays.com\/es\/wp-json\/wp\/v2\/posts\/664591\/revisions"}],"wp:featuredmedia":[{"embeddable":true,"href":"https:\/\/www.europesays.com\/es\/wp-json\/wp\/v2\/media\/664592"}],"wp:attachment":[{"href":"https:\/\/www.europesays.com\/es\/wp-json\/wp\/v2\/media?parent=664591"}],"wp:term":[{"taxonomy":"category","embeddable":true,"href":"https:\/\/www.europesays.com\/es\/wp-json\/wp\/v2\/categories?post=664591"},{"taxonomy":"post_tag","embeddable":true,"href":"https:\/\/www.europesays.com\/es\/wp-json\/wp\/v2\/tags?post=664591"}],"curies":[{"name":"wp","href":"https:\/\/api.w.org\/{rel}","templated":true}]}}