{"id":66466,"date":"2025-08-23T08:12:09","date_gmt":"2025-08-23T08:12:09","guid":{"rendered":"https:\/\/www.europesays.com\/es\/66466\/"},"modified":"2025-08-23T08:12:09","modified_gmt":"2025-08-23T08:12:09","slug":"rui-fernandes-y-ferrer-martin-acompanaran-a-diego-ventura-en-los-rejones-de-antequera-tras-la-baja-de-cartagena","status":"publish","type":"post","link":"https:\/\/www.europesays.com\/es\/66466\/","title":{"rendered":"Rui Fernandes y Ferrer Mart\u00edn acompa\u00f1ar\u00e1n a Diego Ventura en los rejones de Antequera tras la baja de Cartagena"},"content":{"rendered":"<p><strong>Jorge Buend\u00eda\u00a0<\/strong>ha solucionado la baja de\u00a0<strong>Andy Cartagena:\u00a0<\/strong>as\u00ed el cartel de los\u00a0<strong>rejones de Antequera de este s\u00e1bado queda formado por:\u00a0Rui Fernandes, Diego Ventura y Ferrer Mart\u00edn,<\/strong> que lo dar\u00e1n todo ante los toros de Prieto de la Cal, seg\u00fan comunica la empresa.<\/p>\n<p>Tras la baja de Andy Cartagena, la empresa Taurina de Buend\u00eda as\u00ed lo ha anunciado para este festejo que dar\u00e1 comienzo a las 19,30 horas en el coso antequerano.<\/p>\n<p>Finalmente, se ha considerado reprogramar el espect\u00e1culo en una terna en la que se mantiene como gran atractivo la presencia del n\u00famero uno del toreo a caballo: Diego Ventura.<\/p>\n<p>Abrir\u00e1 cartel la figura portuguesa Rui Fernandes, mientras que lo cierra el rejoneador malague\u00f1o Ferrer Mart\u00edn, que entra en la sustituci\u00f3n tras su importante actuaci\u00f3n en la Feria de M\u00e1laga y haber dado una meritoria vuelta al ruedo el pasado jueves en<br \/>su confirmaci\u00f3n de alternativa en la plaza de toros de Las Ventas de Madrid.<\/p>\n<p>En los corrales aguarda ya una espectacular corrida con seis toros de la hist\u00f3rica ganader\u00eda de Prieto de la Cal.<\/p>\n<p>Tras este festejo a caballo, el domingo 24 de agosto se vivir\u00e1 una nueva edici\u00f3n de la goyesca m\u00e1s antigua de Espa\u00f1a con la participaci\u00f3n de los espadas Curro D\u00edaz, Emilio de Justo y Marco P\u00e9rez, ante reses de N\u00fa\u00f1ez del Cuvillo y Manuel Bl\u00e1zquez.<\/p>\n<p>Desde la empresa Taurina de Buend\u00eda se quiere recordar a todos los aficionados que el plazo para las posibles devoluciones de entradas, tras el cambio de cartel, ser\u00e1 hasta las 12 horas del d\u00eda del festejo, tal y como se fija en el art\u00edculo 71.6 del vigente Reglamento Taurino de Andaluc\u00eda, aprobado por Decreto 87\/2025 de 26 de marzo de 2025.<\/p>\n<p>\u00a0<\/p>\n<p><strong>Habr\u00e1 que esperar<\/strong><\/p>\n<p>Por lo que el esperado mano a mano entre Andy Cartagena y Diego Ventura en Antequera tendr\u00e1 que esperar. El rejoneador alicantino comunicaba que debido a sus problemas de salud no podr\u00e1 estar en esta corrida del s\u00e1bado 23 de agosto.<\/p>\n<p>La empresa Taurina de Buend\u00eda as\u00ed lo hab\u00eda comunicado en la tarde del viernes 22: <strong>\u00abEl rejoneador Andy Cartagena ha presentado en la tarde de este viernes 22 de agosto parte <\/strong><strong>facultativo que le impide hacer el pase\u00edllo ma\u00f1ana s\u00e1bado 23 de agosto en la Plaza de Toros de Antequera.<\/strong><\/p>\n<p><strong>Taurina de Buend\u00eda trabaja en cerrar un nuevo cartel, con la presencia de Diego Ventura, que sea del mayor gusto posible para los aficionados.<\/strong><\/p>\n<p><strong>La empresa anuncia que el plazo para las posibles devoluciones de entradas, tras el cambio de cartel, ser\u00e1 hasta las 12 horas de ma\u00f1ana, tal y como se fija en el art\u00edculo 71.6 del vigente Reglamento Taurino de Andaluc\u00eda, aprobado por Decreto 87\/2025 de 26 de marzo de 2025\u2033.<\/strong><\/p>\n<p>A este comunicado, adjuntaban el parte m\u00e9dico de Cartagena donde se refleja los problemas que sufre en el aductor por lo que se recomienda reposo absoluto.<\/p>\n<p style=\"text-align: center;\"><img fetchpriority=\"high\" decoding=\"async\" class=\"alignnone size-full wp-image-188829\" src=\"https:\/\/www.europesays.com\/es\/wp-content\/uploads\/2025\/08\/rejones-antequera-ferrermartin-23-082024.jpg\" alt=\"\" width=\"787\" height=\"525\"  \/><\/p>\n<p style=\"text-align: center;\"><img loading=\"lazy\" decoding=\"async\" class=\"alignnone size-full wp-image-135463\" src=\"https:\/\/www.europesays.com\/es\/wp-content\/uploads\/2025\/08\/images_2019_multimedia_fotogaleria_Rejones2019_Rejones_04_Antequera_2019.jpg\" alt=\"\" width=\"1020\" height=\"680\"  \/><\/p>\n<p>\u00a0<\/p>\n","protected":false},"excerpt":{"rendered":"Jorge Buend\u00eda\u00a0ha solucionado la baja de\u00a0Andy Cartagena:\u00a0as\u00ed el cartel de los\u00a0rejones de Antequera de este s\u00e1bado queda formado&hellip;\n","protected":false},"author":2,"featured_media":66467,"comment_status":"","ping_status":"","sticky":false,"template":"","format":"standard","meta":{"footnotes":""},"categories":[277],"tags":[16848,373,168,5642,25,24,13649,23,167,26987,374,444],"class_list":{"0":"post-66466","1":"post","2":"type-post","3":"status-publish","4":"format-standard","5":"has-post-thumbnail","7":"category-toreo","8":"tag-antequera","9":"tag-bullfighting","10":"tag-deportes","11":"tag-diego-ventura","12":"tag-es","13":"tag-espana","14":"tag-rejones","15":"tag-spain","16":"tag-sports","17":"tag-taurina-de-buendia","18":"tag-toreo","19":"tag-toros"},"share_on_mastodon":{"url":"","error":""},"_links":{"self":[{"href":"https:\/\/www.europesays.com\/es\/wp-json\/wp\/v2\/posts\/66466","targetHints":{"allow":["GET"]}}],"collection":[{"href":"https:\/\/www.europesays.com\/es\/wp-json\/wp\/v2\/posts"}],"about":[{"href":"https:\/\/www.europesays.com\/es\/wp-json\/wp\/v2\/types\/post"}],"author":[{"embeddable":true,"href":"https:\/\/www.europesays.com\/es\/wp-json\/wp\/v2\/users\/2"}],"replies":[{"embeddable":true,"href":"https:\/\/www.europesays.com\/es\/wp-json\/wp\/v2\/comments?post=66466"}],"version-history":[{"count":0,"href":"https:\/\/www.europesays.com\/es\/wp-json\/wp\/v2\/posts\/66466\/revisions"}],"wp:featuredmedia":[{"embeddable":true,"href":"https:\/\/www.europesays.com\/es\/wp-json\/wp\/v2\/media\/66467"}],"wp:attachment":[{"href":"https:\/\/www.europesays.com\/es\/wp-json\/wp\/v2\/media?parent=66466"}],"wp:term":[{"taxonomy":"category","embeddable":true,"href":"https:\/\/www.europesays.com\/es\/wp-json\/wp\/v2\/categories?post=66466"},{"taxonomy":"post_tag","embeddable":true,"href":"https:\/\/www.europesays.com\/es\/wp-json\/wp\/v2\/tags?post=66466"}],"curies":[{"name":"wp","href":"https:\/\/api.w.org\/{rel}","templated":true}]}}