{"id":664930,"date":"2026-07-18T17:43:14","date_gmt":"2026-07-18T17:43:14","guid":{"rendered":"https:\/\/www.europesays.com\/es\/664930\/"},"modified":"2026-07-18T17:43:14","modified_gmt":"2026-07-18T17:43:14","slug":"la-hija-de-jose-luis-gil-actualiza-el-estado-de-salud-de-su-padre-bastante-duro-es-asumirlo","status":"publish","type":"post","link":"https:\/\/www.europesays.com\/es\/664930\/","title":{"rendered":"La hija de Jos\u00e9 Luis Gil actualiza el estado de salud de su padre: \u00abBastante duro es asumirlo\u00bb"},"content":{"rendered":"<p style=\"\">Hace ya casi 5 a\u00f1os que Jos\u00e9 Luis Gil padeci\u00f3 un ictus. Ese desagradable episodio le oblig\u00f3 a dejar de lado su trabajo como actor.  &#8230; Se trata de uno de los rostros m\u00e1s conocidos de nuestra televisi\u00f3n. Pese a que desarroll\u00f3 gran parte de su carrera en el teatro, en 2003 le lleg\u00f3 el papel de Juan Cuesta <a href=\"https:\/\/www.lasprovincias.es\/culturas\/tv\/cumplen-anos-final-viva-unico-capitulo-puede-20260706003538-nt.html\" title=\"\" data-voc-vtm-id=\"in-text-traffic\" data-mrf-link=\"www.lasprovincias.es\" rel=\"nofollow noopener\" target=\"_blank\">en la serie &#8216;Aqu\u00ed no hay quien viva&#8217;<\/a>. Fue todo un \u00e9xito. Cuando finaliz\u00f3, el proyecto se reinvent\u00f3 en Mediaset con el nombre &#8216;La que se avecina&#8217;. <\/p>\n<p class=\"v-d-p\" style=\"\">En los \u00faltimos d\u00edas diversas cuentas en redes sociales han difundido el &#8216;bulo&#8217; de que Jos\u00e9 Luis Gil va a regresar a la serie para interpretar a Enrique Pastor. Muchos fans dieron por buena la informaci\u00f3n y se mostraron muy emocionados. Sin embargo, su hija Irene ha emitido un comunicado en Instagram donde niega que esto vaya a suceder.<\/p>\n<p class=\"v-d-p\" style=\"\">La joven ha aclarado que, aunque a \u00e9l le encantar\u00eda volver, su estado de salud actual no se lo permite. \u00abToca desmentir\u2026 Ahora entiendo los mensajes y las preguntas, parece que sigue habiendo gente que necesita un click a cualquier precio\u2026 Nos encantar\u00eda que volviese, le encantar\u00eda volver, pero no puede. Bastante duro es asumirlo, como para adem\u00e1s tener que compaginar el dolor y la pena con gestionar estas publicaciones\u00bb, comienza diciendo el comunicado publicado.<\/p>\n<p class=\"v-d-p\" style=\"\">Ha recordado lo feliz que fue su padre durante esa etapa profesional: \u00abLe deseamos lo mejor a Laura y Alberto Caballero y a todo el equipo, fue muy feliz trabajando con ellos: compartiendo jornadas largas de trabajo, risas, nervios y talento, un honor, as\u00ed lo vivimos en casa\u00bb.<\/p>\n<p class=\"v-d-p\" style=\"\">Por \u00faltimo, agradece las muestras de cari\u00f1o y apoyo que recibe a diario: \u00abGracias a todos por el respeto, la admiraci\u00f3n y por echarle de menos. Es un orgullo sentir tanto cari\u00f1o y saber que os ha hecho tan felices\u00bb.<\/p>\n<p class=\"v-d-p\" style=\"\">Lo que durante los \u00faltimos a\u00f1os parec\u00eda una puerta abierta dado que <a href=\"https:\/\/www.lasprovincias.es\/culturas\/tv\/daniel-guzman-rompe-llorar-hablar-estado-salud-20251020010741-nt.html\" title=\"\" data-voc-vtm-id=\"in-text-traffic\" data-mrf-link=\"www.lasprovincias.es\" rel=\"nofollow noopener\" target=\"_blank\">varios compa\u00f1eros de reparto no lo descartaban<\/a>, ahora parece un fin de etapa definitivo. Las palabras de su hija dejan entrever que Jos\u00e9 Luis Gil no volver\u00e1 a interpretar a Enrique Pastor.<\/p>\n","protected":false},"excerpt":{"rendered":"Hace ya casi 5 a\u00f1os que Jos\u00e9 Luis Gil padeci\u00f3 un ictus. Ese desagradable episodio le oblig\u00f3 a&hellip;\n","protected":false},"author":2,"featured_media":664931,"comment_status":"","ping_status":"","sticky":false,"template":"","format":"standard","meta":{"footnotes":""},"categories":[174],"tags":[7495,255,90392,146,147,25,24,693,256,1510,3983,2467,7820,39,4191,11491,5150,166,23],"class_list":["post-664930","post","type-post","status-publish","format-standard","has-post-thumbnail","category-famosos","tag-actualiza","tag-celebrities","tag-desmentir","tag-entertainment","tag-entretenimiento","tag-es","tag-espana","tag-estado","tag-famosos","tag-gil","tag-hija","tag-jose","tag-luis","tag-padre","tag-paso","tag-rumores","tag-sale","tag-salud","tag-spain"],"share_on_mastodon":{"url":"https:\/\/pubeurope.com\/@es\/116942222744939379","error":""},"_links":{"self":[{"href":"https:\/\/www.europesays.com\/es\/wp-json\/wp\/v2\/posts\/664930","targetHints":{"allow":["GET"]}}],"collection":[{"href":"https:\/\/www.europesays.com\/es\/wp-json\/wp\/v2\/posts"}],"about":[{"href":"https:\/\/www.europesays.com\/es\/wp-json\/wp\/v2\/types\/post"}],"author":[{"embeddable":true,"href":"https:\/\/www.europesays.com\/es\/wp-json\/wp\/v2\/users\/2"}],"replies":[{"embeddable":true,"href":"https:\/\/www.europesays.com\/es\/wp-json\/wp\/v2\/comments?post=664930"}],"version-history":[{"count":0,"href":"https:\/\/www.europesays.com\/es\/wp-json\/wp\/v2\/posts\/664930\/revisions"}],"wp:featuredmedia":[{"embeddable":true,"href":"https:\/\/www.europesays.com\/es\/wp-json\/wp\/v2\/media\/664931"}],"wp:attachment":[{"href":"https:\/\/www.europesays.com\/es\/wp-json\/wp\/v2\/media?parent=664930"}],"wp:term":[{"taxonomy":"category","embeddable":true,"href":"https:\/\/www.europesays.com\/es\/wp-json\/wp\/v2\/categories?post=664930"},{"taxonomy":"post_tag","embeddable":true,"href":"https:\/\/www.europesays.com\/es\/wp-json\/wp\/v2\/tags?post=664930"}],"curies":[{"name":"wp","href":"https:\/\/api.w.org\/{rel}","templated":true}]}}