{"id":665068,"date":"2026-07-18T19:35:16","date_gmt":"2026-07-18T19:35:16","guid":{"rendered":"https:\/\/www.europesays.com\/es\/665068\/"},"modified":"2026-07-18T19:35:16","modified_gmt":"2026-07-18T19:35:16","slug":"herido-un-ciclista-de-59-anos-al-sufrir-una-caida-en-beruete","status":"publish","type":"post","link":"https:\/\/www.europesays.com\/es\/665068\/","title":{"rendered":"Herido un ciclista de 59 a\u00f1os al sufrir una ca\u00edda en Beruete"},"content":{"rendered":"<p class=\"paragraph\">Un <b>ciclista de 59 a\u00f1os<\/b> ha resultado herido este s\u00e1bado al sufrir una<b> ca\u00edda en Beruete<\/b> (Basabur\u00faa), seg\u00fan han informado desde<b> Sos Navarra.<\/b><\/p>\n<p class=\"paragraph\">El suceso ha tenido lugar a las 13.21 horas en el kil\u00f3metro 2,5 de la carretera NA-4112. El ciclista ha sido trasladado al <b>Hospital Universitario de Navarra<\/b>, en Pamplona, con politraumatismos.<\/p>\n<p class=\"paragraph\">Al lugar se han desplazado un equipo m\u00e9dico, una ambulancia SVA, agentes de la <b>Polic\u00eda Foral <\/b>y un helic\u00f3ptero medicalizado.<\/p>\n","protected":false},"excerpt":{"rendered":"Un ciclista de 59 a\u00f1os ha resultado herido este s\u00e1bado al sufrir una ca\u00edda en Beruete (Basabur\u00faa), seg\u00fan&hellip;\n","protected":false},"author":2,"featured_media":665069,"comment_status":"","ping_status":"","sticky":false,"template":"","format":"standard","meta":{"footnotes":""},"categories":[273],"tags":[45666,988,313,1757,312,168,25,24,53,23,167,18389],"class_list":["post-665068","post","type-post","status-publish","format-standard","has-post-thumbnail","category-ciclismo","tag-45666","tag-anos","tag-ciclismo","tag-ciclista","tag-cycling","tag-deportes","tag-es","tag-espana","tag-herido","tag-spain","tag-sports","tag-sufrir"],"share_on_mastodon":{"url":"https:\/\/pubeurope.com\/@es\/116942662815707820","error":""},"_links":{"self":[{"href":"https:\/\/www.europesays.com\/es\/wp-json\/wp\/v2\/posts\/665068","targetHints":{"allow":["GET"]}}],"collection":[{"href":"https:\/\/www.europesays.com\/es\/wp-json\/wp\/v2\/posts"}],"about":[{"href":"https:\/\/www.europesays.com\/es\/wp-json\/wp\/v2\/types\/post"}],"author":[{"embeddable":true,"href":"https:\/\/www.europesays.com\/es\/wp-json\/wp\/v2\/users\/2"}],"replies":[{"embeddable":true,"href":"https:\/\/www.europesays.com\/es\/wp-json\/wp\/v2\/comments?post=665068"}],"version-history":[{"count":0,"href":"https:\/\/www.europesays.com\/es\/wp-json\/wp\/v2\/posts\/665068\/revisions"}],"wp:featuredmedia":[{"embeddable":true,"href":"https:\/\/www.europesays.com\/es\/wp-json\/wp\/v2\/media\/665069"}],"wp:attachment":[{"href":"https:\/\/www.europesays.com\/es\/wp-json\/wp\/v2\/media?parent=665068"}],"wp:term":[{"taxonomy":"category","embeddable":true,"href":"https:\/\/www.europesays.com\/es\/wp-json\/wp\/v2\/categories?post=665068"},{"taxonomy":"post_tag","embeddable":true,"href":"https:\/\/www.europesays.com\/es\/wp-json\/wp\/v2\/tags?post=665068"}],"curies":[{"name":"wp","href":"https:\/\/api.w.org\/{rel}","templated":true}]}}