{"id":66507,"date":"2025-08-23T08:41:13","date_gmt":"2025-08-23T08:41:13","guid":{"rendered":"https:\/\/www.europesays.com\/es\/66507\/"},"modified":"2025-08-23T08:41:13","modified_gmt":"2025-08-23T08:41:13","slug":"de-wembanyama-a-sabonis-las-grandes-ausencias-para-el-eurobasket-2025","status":"publish","type":"post","link":"https:\/\/www.europesays.com\/es\/66507\/","title":{"rendered":"De Wembanyama a Sabonis: las grandes ausencias para el Eurobasket 2025"},"content":{"rendered":"<p class=\"ft-text\">En un Eurobasket plagado de grandes estrellas, <a href=\"https:\/\/www.sport.es\/es\/noticias\/baloncesto\/jokic-arrolla-doncic-eurobasket-120830671\" class=\"ft-link ft-link--decoration\" rel=\"nofollow noopener\" target=\"_blank\"><strong>como Doncic, Antetokounmpo o Jokic<\/strong><\/a>, tambi\u00e9n hay jugadores que se perder\u00e1n la cita de selecciones, gran parte de ellos por lesi\u00f3n.<strong> Figuras importantes en sus equipos durante la temporada que no podr\u00e1n ayudar sus respectivos pa\u00edses<\/strong> a levantar el t\u00edtulo. Francia ser\u00e1 la gran afectada en este aspecto, con muchas bajas sensibles.<\/p>\n<p class=\"ft-text\"><strong>La gran ausencia en el torneo es Victor Wembanyama.<\/strong> El p\u00edvot franc\u00e9s de los San Antonio Spurs no estar\u00e1 en el europeo debido a que todav\u00eda se recupera de una lesi\u00f3n de febrero. El jugador se encuentra cada vez mejor, pero sigue en un estado \u00abdesfavorable\u00bb para rendir al m\u00e1ximo nivel. \u00ab<strong>Creo que a\u00fan es demasiado pronto. Depender\u00e1 en gran medida de c\u00f3mo evolucione su salud<\/strong>\u00ab, dijo su presidente hace unas semanas.<\/p>\n<p class=\"ft-text\">Francia afrontar\u00e1 el Eurobasket con la baja de su principal estrella y de varias m\u00e1s. Adem\u00e1s de Wembanyama, <strong>tampoco estar\u00e1n ni Evan Fournier, ni Rudy Gobert, ni Mathias Lessort ni Vincent Poirier,<\/strong> lo que supone un duro golpe en sus aspiraciones y un claro baj\u00f3n en la zona interior del equipo. Aun as\u00ed, s\u00ed estar\u00e1n jugadores de la talla de <strong>Yabusele, Risacher o Maledon. <\/strong><\/p>\n<p><img decoding=\"async\" src=\"https:\/\/www.europesays.com\/es\/wp-content\/uploads\/2025\/08\/3cd5e5bc-9a4a-4b06-b49a-53d16a7fd141_alta-libre-aspect-ratio_default_0.jpg\" width=\"1200\" height=\"675\" alt=\"Victor Wembanyama y Evan Fournier, dos de las grandes referencias de Francia\" class=\"ft-helper-img-rd\" loading=\"lazy\" hasdataaida=\"true\"\/><\/p>\n<p class=\"ft-helper-fontColor-quaternary ft-helper-fontSize-body-S ft-helper-spacer-t-xxs\">Dos grandes bajas en Francia  \/ AP<\/p>\n<p class=\"ft-text\">Alemania, aunque no al nivel de Francia, tampoco contar\u00e1 con varios de sus &#8216;cracks&#8217; de la NBA. <strong>El principal es Isaiah Hartenstein<\/strong>, p\u00edvot de los Oklahoma City Thunder, <strong>que no estar\u00e1 a las \u00f3rdenes de \u00c1lex Mumbr\u00fa por una lesi\u00f3n en el tend\u00f3n de Aquiles<\/strong>, de la cual se quiere recuperar antes del comienzo liguero en Estados Unidos. <strong>En cuanto a los hermanos Wagner, tan solo estar\u00e1 Franz<\/strong> en el combinado alem\u00e1n.<\/p>\n<p class=\"ft-text\">Si existe otra selecci\u00f3n m\u00e1s que afectada por las bajas, esa es Espa\u00f1a. Scariolo ha visto c\u00f3mo se han ido cayendo poco a poco nombres <strong>como Lorenzo Brown, Juan N\u00fa\u00f1ez o \u00c1lex Abrines<\/strong>. A tal nivel han llegado los problemas para &#8216;La Familia&#8217;, <strong>que tendr\u00e1n que contar con dos jugadores sub-20<\/strong> como bases titulares para el torneo.<\/p>\n<p><img decoding=\"async\" src=\"https:\/\/www.europesays.com\/es\/wp-content\/uploads\/2025\/08\/91254452-9079-4020-a703-722a00fbe388_alta-libre-aspect-ratio_default_0.jpg\" width=\"1200\" height=\"675\" alt=\"Lorenzo Brown, con Espa\u00f1a en los Juegos de Par\u00eds\" class=\"ft-helper-img-rd\" loading=\"lazy\" hasdataaida=\"true\"\/><\/p>\n<p class=\"ft-helper-fontColor-quaternary ft-helper-fontSize-body-S ft-helper-spacer-t-xxs\">Lorenzo Brown no estar\u00e1 en el Eurobasket  \/ EFE<\/p>\n<p class=\"ft-text\">Grecia contar\u00e1 con <strong>Giannis Antetokounmpo<\/strong> para el europeo. Sin embargo, algunos nombres de la primera unidad no podr\u00e1n complementar las actuaciones del jugador de los Bucks. Entre ellos, est\u00e1n <strong>Thomas Walkup, Nick Calathes, Nikos Rogkavopoulos, Georgios Papagiannis<\/strong> o el propio hermano de Giannis: Thanasis Antetokounmpo.<\/p>\n<p>Tambi\u00e9n &#8216;pagan&#8217; las menos favoritas<\/p>\n<p class=\"ft-text\">Otras selecciones, menos candidatas a ganar el t\u00edtulo, tambi\u00e9n se han visto afectadas por las lesiones e incluso se han quedado sin su &#8216;jugador franquicia&#8217;. <strong>Es el caso de Lituania, que no contar\u00e1 con Domantas Sabonis por \u00abmotivos personales del jugador\u00bb. <\/strong>Una baja capital, ya que se trata de la referencia ofensiva de la plantilla.<\/p>\n<p class=\"ft-text\"><strong>La \u00faltima noticia ha sido la de Dzanan Musa, que no estar\u00e1 en las filas de Bosnia y Herzegovina.<\/strong> El ya ex jugador del Real Madrid fue operado hace unos d\u00edas, priorizando la temporada regular. \u00abPor motivos de salud, lamentablemente no podr\u00e9 ayudar a mis compa\u00f1eros en el pr\u00f3ximo Eurobasket. Es la primera vez que me enfrento a algo as\u00ed y, sin duda, no es nada f\u00e1cil pasar por esto\u00bb, coment\u00f3.<\/p>\n","protected":false},"excerpt":{"rendered":"En un Eurobasket plagado de grandes estrellas, como Doncic, Antetokounmpo o Jokic, tambi\u00e9n hay jugadores que se perder\u00e1n&hellip;\n","protected":false},"author":2,"featured_media":66508,"comment_status":"","ping_status":"","sticky":false,"template":"","format":"standard","meta":{"footnotes":""},"categories":[269],"tags":[299,298,168,25,24,301,26999,23,167,8674],"class_list":{"0":"post-66507","1":"post","2":"type-post","3":"status-publish","4":"format-standard","5":"has-post-thumbnail","7":"category-baloncesto","8":"tag-baloncesto","9":"tag-basketball","10":"tag-deportes","11":"tag-es","12":"tag-espana","13":"tag-eurobasket","14":"tag-sabonis","15":"tag-spain","16":"tag-sports","17":"tag-wembanyama"},"share_on_mastodon":{"url":"","error":""},"_links":{"self":[{"href":"https:\/\/www.europesays.com\/es\/wp-json\/wp\/v2\/posts\/66507","targetHints":{"allow":["GET"]}}],"collection":[{"href":"https:\/\/www.europesays.com\/es\/wp-json\/wp\/v2\/posts"}],"about":[{"href":"https:\/\/www.europesays.com\/es\/wp-json\/wp\/v2\/types\/post"}],"author":[{"embeddable":true,"href":"https:\/\/www.europesays.com\/es\/wp-json\/wp\/v2\/users\/2"}],"replies":[{"embeddable":true,"href":"https:\/\/www.europesays.com\/es\/wp-json\/wp\/v2\/comments?post=66507"}],"version-history":[{"count":0,"href":"https:\/\/www.europesays.com\/es\/wp-json\/wp\/v2\/posts\/66507\/revisions"}],"wp:featuredmedia":[{"embeddable":true,"href":"https:\/\/www.europesays.com\/es\/wp-json\/wp\/v2\/media\/66508"}],"wp:attachment":[{"href":"https:\/\/www.europesays.com\/es\/wp-json\/wp\/v2\/media?parent=66507"}],"wp:term":[{"taxonomy":"category","embeddable":true,"href":"https:\/\/www.europesays.com\/es\/wp-json\/wp\/v2\/categories?post=66507"},{"taxonomy":"post_tag","embeddable":true,"href":"https:\/\/www.europesays.com\/es\/wp-json\/wp\/v2\/tags?post=66507"}],"curies":[{"name":"wp","href":"https:\/\/api.w.org\/{rel}","templated":true}]}}