{"id":665117,"date":"2026-07-18T20:15:23","date_gmt":"2026-07-18T20:15:23","guid":{"rendered":"https:\/\/www.europesays.com\/es\/665117\/"},"modified":"2026-07-18T20:15:23","modified_gmt":"2026-07-18T20:15:23","slug":"dimite-el-lider-parlamentario-del-partido-de-merz-por-recurrir-a-un-vientre-de-alquiler-en-eeuu","status":"publish","type":"post","link":"https:\/\/www.europesays.com\/es\/665117\/","title":{"rendered":"Dimite el l\u00edder parlamentario del partido de Merz por recurrir a un vientre de alquiler en EEUU"},"content":{"rendered":"<p class=\"article-text\">\n        El l\u00edder del bloque conservador en el Parlamento de Alemania, Jens Spahn, ha dimitido este s\u00e1bado tras un debate que se hab\u00eda generado despu\u00e9s de que se conociera que \u00e9l y su marido, Daniel Funke, hab\u00edan sido padres recurriendo a un vientre de alquiler en Estados Unidos.\n    <\/p>\n<p>    <a href=\"https:\/\/www.eldiario.es\/sociedad\/fiscalia-pide-ministerio-igualdad-bloquee-13-webs-extranjeras-maternidad-subrogada_1_12982655.html\" data-mrf-recirculation=\"saber-mas\" data-dl-event=\"saber-mas\" rel=\"nofollow noopener\" target=\"_blank\"><\/p>\n<p class=\"know-more__title\">La Fiscal\u00eda pide al Ministerio de Igualdad que bloquee 13 webs extranjeras de maternidad subrogada<\/p>\n<p>            <img decoding=\"async\" class=\"lazy\" loading=\"lazy\" data-src=\"https:\/\/static.eldiario.es\/clip\/9266d0e1-136a-47b3-9358-21038165ffff_16-9-aspect-ratio_default_0.jpg\" src=\"data:image\/svg+xml,%3Csvg xmlns=\" http:=\"\" viewbox=\"0 0 880 495\" alt=\"La Fiscal\u00eda pide al Ministerio de Igualdad que bloquee 13 webs extranjeras de maternidad subrogada\"\/><\/p>\n<p>                        <\/a><\/p>\n<p class=\"article-text\">\n        \u201cEn los \u00faltimos d\u00edas me he hecho consciente de que mi felicidad personal de crear una familia junto con mi marido no es compatible con mi cargo pol\u00edtico\u201d, ha escrito Spahn en una carta a la que han tenido acceso varios medios alemanes, entre ellos la revista Der Spiegel.\n    <\/p>\n<p class=\"article-text\">\n        \u201cLa contradicci\u00f3n entre mi decisi\u00f3n privada de tener un hijo a trav\u00e9s de un vientre de alquiler y las expectativas comprensibles en m\u00ed como l\u00edder de nuestro grupo parlamentario se ha hecho m\u00e1s grande de lo que esperaba\u201d, ha a\u00f1adido el l\u00edder del grupo parlamentario conjunto de la Uni\u00f3n Cristianodem\u00f3crata (CDU), el partido del canciller alem\u00e1n, Friedrich Merz, y la Uni\u00f3n Socialcristiana (CSU).\n    <\/p>\n<p class=\"article-text\">\n        El recurrir a los vientres de alquiler es ilegal en Alemania y la CDU\/CSU se ha manifestado siempre en contra de una eventual legalizaci\u00f3n. Spahn se ha mantenido siempre dentro de la l\u00ednea del partido.\n    <\/p>\n<p class=\"article-text\">\n        \u201cUna cosa es la doctrina pura, otra cosa es la vida\u201d, hab\u00eda dicho Spahn en la primera declaraci\u00f3n p\u00fablica desde que empez\u00f3 el debate, en un p\u00f3dcast del redactor jefe del diario Bild, Paul Ronzheimer.\n    <\/p>\n<p class=\"article-text\">\n        Spahn fue ministro de Sanidad entre 2018 y 2021 y su cartera ten\u00eda la responsabilidad de la ley de protecci\u00f3n de embriones en la que est\u00e1 contemplada la prohibici\u00f3n del uso de vientres de alquiler y siempre se hab\u00eda opuesto a una posible legalizaci\u00f3n.\n    <\/p>\n<p class=\"article-text\">\n        En el debate, Spahn fue acusado de doble moral y dentro de la propia CDU hubo varias exigencias de dimisi\u00f3n.\n    <\/p>\n<p class=\"article-text\">\n        Especialmente en los estados federados de Mecklemburgo-Antepomerania y Sajonia Anhalt, ambos en el este en Alemania, hubo duras cr\u00edticas a Spahn y preocupaci\u00f3n ante la posibilidad de que el debate perjudicase a la CDU en las elecciones regionales de septiembre.\n    <\/p>\n<p class=\"article-text\">\n        Merz ha calificado la dimisi\u00f3n de Spahn como una decisi\u00f3n \u201ccorrecta e inevitable\u201d.\n    <\/p>\n<p>    <a href=\"https:\/\/www.eldiario.es\/sociedad\/fiscalia-pide-ministerio-igualdad-bloquee-13-webs-extranjeras-maternidad-subrogada_1_12982655.html\" data-mrf-recirculation=\"saber-mas-abajo\" data-dl-event=\"saber-mas-abajo\" rel=\"nofollow noopener\" target=\"_blank\"><\/p>\n<p class=\"know-more__title\">La Fiscal\u00eda pide al Ministerio de Igualdad que bloquee 13 webs extranjeras de maternidad subrogada<\/p>\n<p>            <img decoding=\"async\" class=\"lazy\" loading=\"lazy\" data-src=\"https:\/\/static.eldiario.es\/clip\/9266d0e1-136a-47b3-9358-21038165ffff_16-9-aspect-ratio_default_0.jpg\" src=\"data:image\/svg+xml,%3Csvg xmlns=\" http:=\"\" viewbox=\"0 0 880 495\" alt=\"La Fiscal\u00eda pide al Ministerio de Igualdad que bloquee 13 webs extranjeras de maternidad subrogada\"\/><\/p>\n<p>                        <\/a><\/p>\n<p class=\"article-text\">\n        \u201cJens Spahn me ha comunicado que dimite de la jefatura del grupo parlamentario de la CDU\/CSU. La decisi\u00f3n es correcta y era inevitable. La credibilidad es el valor m\u00e1s importante en la pol\u00edtica\u201d, ha dicho Merz.\n    <\/p>\n","protected":false},"excerpt":{"rendered":"El l\u00edder del bloque conservador en el Parlamento de Alemania, Jens Spahn, ha dimitido este s\u00e1bado tras un&hellip;\n","protected":false},"author":2,"featured_media":665118,"comment_status":"","ping_status":"","sticky":false,"template":"","format":"standard","meta":{"footnotes":""},"categories":[5],"tags":[17,18,2334,115,25,24,13,14,58133,11,19,20,5564,2929,9,10,15,16,107465,1045,68254,23,58134,12,21,22],"class_list":["post-665117","post","type-post","status-publish","format-standard","has-post-thumbnail","category-titulares","tag-breaking-news","tag-breakingnews","tag-dimite","tag-eeuu","tag-es","tag-espana","tag-featured-news","tag-featurednews","tag-gestacion","tag-headlines","tag-latest-news","tag-latestnews","tag-lider","tag-merz","tag-news","tag-noticias","tag-noticias-destacadas","tag-noticiasdestacadas","tag-parlamentario","tag-partido","tag-recurrir","tag-spain","tag-subrogada","tag-titulares","tag-ultimas-noticias","tag-ultimasnoticias"],"share_on_mastodon":{"url":"https:\/\/pubeurope.com\/@es\/116942820128111419","error":""},"_links":{"self":[{"href":"https:\/\/www.europesays.com\/es\/wp-json\/wp\/v2\/posts\/665117","targetHints":{"allow":["GET"]}}],"collection":[{"href":"https:\/\/www.europesays.com\/es\/wp-json\/wp\/v2\/posts"}],"about":[{"href":"https:\/\/www.europesays.com\/es\/wp-json\/wp\/v2\/types\/post"}],"author":[{"embeddable":true,"href":"https:\/\/www.europesays.com\/es\/wp-json\/wp\/v2\/users\/2"}],"replies":[{"embeddable":true,"href":"https:\/\/www.europesays.com\/es\/wp-json\/wp\/v2\/comments?post=665117"}],"version-history":[{"count":0,"href":"https:\/\/www.europesays.com\/es\/wp-json\/wp\/v2\/posts\/665117\/revisions"}],"wp:featuredmedia":[{"embeddable":true,"href":"https:\/\/www.europesays.com\/es\/wp-json\/wp\/v2\/media\/665118"}],"wp:attachment":[{"href":"https:\/\/www.europesays.com\/es\/wp-json\/wp\/v2\/media?parent=665117"}],"wp:term":[{"taxonomy":"category","embeddable":true,"href":"https:\/\/www.europesays.com\/es\/wp-json\/wp\/v2\/categories?post=665117"},{"taxonomy":"post_tag","embeddable":true,"href":"https:\/\/www.europesays.com\/es\/wp-json\/wp\/v2\/tags?post=665117"}],"curies":[{"name":"wp","href":"https:\/\/api.w.org\/{rel}","templated":true}]}}