{"id":665297,"date":"2026-07-18T22:54:21","date_gmt":"2026-07-18T22:54:21","guid":{"rendered":"https:\/\/www.europesays.com\/es\/665297\/"},"modified":"2026-07-18T22:54:21","modified_gmt":"2026-07-18T22:54:21","slug":"precio-de-la-luz-para-hoy-el-precio-de-la-luz-de-este-domingo-deja-varias-horas-gratis-y-se-dispara-en-la-final-del-mundial","status":"publish","type":"post","link":"https:\/\/www.europesays.com\/es\/665297\/","title":{"rendered":"Precio de la luz para HOY | El precio de la luz de este domingo deja varias horas gratis y se dispara en la final del Mundial"},"content":{"rendered":"<p style=\"\">Durante los \u00faltimos d\u00edas el precio de la luz hab\u00eda experimentado una importante subida. Sin embargo,<a href=\"https:\/\/www.lasprovincias.es\/economia\/precio-luz-cae-sabado-deja-cinco-horas-20260717210243-nt.html\" title=\"\" data-voc-vtm-id=\"in-text-traffic\" data-mrf-link=\"www.lasprovincias.es\" rel=\"nofollow noopener\" target=\"_blank\"> para este s\u00e1bado la tendencia cambi\u00f3<\/a> y se  &#8230; abarat\u00f3. De cara a este domingo vuelve a encarecerse, pero los consumidores apenas notar\u00e1n la diferencia. El coste promedio pasar\u00e1 de ser de 90,74 euros\/MWh a 90,98 UER\/MWh para este 19 de julio, seg\u00fan los datos ofrecidos por el Operador del Mercado Ib\u00e9rico de la Energ\u00eda (OMIE).<\/p>\n<p class=\"v-d-p\" style=\"\">Los consumidores siempre est\u00e1n buscando f\u00f3rmulas para abaratar al m\u00e1ximo posible su factura de la luz. Lo mejor es conocer el precio de la luz por horas. De esta manera se pueden aprovechar los tramos m\u00e1s baratos para enchufar los electrodom\u00e9sticos.<\/p>\n<p>\nLa hora m\u00e1s barata\n<\/p>\n<p class=\"v-d-p\" style=\"\">Este domingo hay varias horas gratuitas y otras en negativo. Cabe recordar que no quiere decir que estas \u00faltimas sean gratis. Significan que hay tanta generaci\u00f3n de energ\u00eda (especialmente solar y e\u00f3lica) que la oferta supera ampliamente la demanda.<\/p>\n<p class=\"v-d-p\" style=\"\">La hora m\u00e1s barata a pagar tendr\u00e1 lugar entre las 10 y las 11 y tendr\u00e1 un coste de 0&#8217;31 EUR\/MWh.<\/p>\n<p>\nLa hora m\u00e1s cara\n<\/p>\n<p class=\"v-d-p\" style=\"\">La hora m\u00e1s cara tendr\u00e1 lugar mientras se est\u00e1 disputando la final del Mundial 2026. Entre las 22.00 y las 23.00 horas la luz costar\u00e1 175&#8217;76 euros.<\/p>\n<p>Precio de la luz por horas<\/p>\n<tr class=\"v-tbl__r\">\n<\/tr>\n<tr class=\"v-tbl__r\">\n<td class=\"v-tbl__d\">Tramo horario<\/td>\n<td class=\"v-tbl__d\">Euros\/MWh<\/td>\n<\/tr>\n<tr class=\"v-tbl__r\">\n<td class=\"v-tbl__d\">00.00-01.00<\/td>\n<td class=\"v-tbl__d\">162&#8217;58 \u20ac\/MWh<\/td>\n<\/tr>\n<tr class=\"v-tbl__r\">\n<td class=\"v-tbl__d\">01.00-02.00<\/td>\n<td class=\"v-tbl__d\">160&#8217;75 \u20ac\/MWh<\/td>\n<\/tr>\n<tr class=\"v-tbl__r\">\n<td class=\"v-tbl__d\">02.00-03.00<\/td>\n<td class=\"v-tbl__d\">158&#8217;81 \u20ac\/MWh<\/td>\n<\/tr>\n<tr class=\"v-tbl__r\">\n<td class=\"v-tbl__d\">03.00-04.00<\/td>\n<td class=\"v-tbl__d\">155&#8217;38 \u20ac\/MWh<\/td>\n<\/tr>\n<tr class=\"v-tbl__r\">\n<td class=\"v-tbl__d\">04.00-05.00<\/td>\n<td class=\"v-tbl__d\">153&#8217;48 \u20ac\/MWh<\/td>\n<\/tr>\n<tr class=\"v-tbl__r\">\n<td class=\"v-tbl__d\">05.00-06.00<\/td>\n<td class=\"v-tbl__d\">157&#8217;50 \u20ac\/MWh<\/td>\n<\/tr>\n<tr class=\"v-tbl__r\">\n<td class=\"v-tbl__d\">06.00-07.00<\/td>\n<td class=\"v-tbl__d\">161&#8217;08 \u20ac\/MWh<\/td>\n<\/tr>\n<tr class=\"v-tbl__r\">\n<td class=\"v-tbl__d\">07.00-08.00<\/td>\n<td class=\"v-tbl__d\">153&#8217;31 \u20ac\/MWh<\/td>\n<\/tr>\n<tr class=\"v-tbl__r\">\n<td class=\"v-tbl__d\">08.00-09.00<\/td>\n<td class=\"v-tbl__d\">105&#8217;21 \u20ac\/MWh<\/td>\n<\/tr>\n<tr class=\"v-tbl__r\">\n<td class=\"v-tbl__d\">09.00-10.00<\/td>\n<td class=\"v-tbl__d\">34&#8217;47 \u20ac\/MWh<\/td>\n<\/tr>\n<tr class=\"v-tbl__r\">\n<td class=\"v-tbl__d\">10.00-11.00<\/td>\n<td class=\"v-tbl__d\">0&#8217;31 \u20ac\/MWh<\/td>\n<\/tr>\n<tr class=\"v-tbl__r\">\n<td class=\"v-tbl__d\">11.00-12.00<\/td>\n<td class=\"v-tbl__d\">-0,01 \u20ac\/MWh<\/td>\n<\/tr>\n<tr class=\"v-tbl__r\">\n<td class=\"v-tbl__d\">12.00-13.00<\/td>\n<td class=\"v-tbl__d\">-0,01 \u20ac\/MWh<\/td>\n<\/tr>\n<tr class=\"v-tbl__r\">\n<td class=\"v-tbl__d\">13.00-14.00<\/td>\n<td class=\"v-tbl__d\">0,00 \u20ac\/MWh<\/td>\n<\/tr>\n<tr class=\"v-tbl__r\">\n<td class=\"v-tbl__d\">14.00-15.00<\/td>\n<td class=\"v-tbl__d\">0,00 \u20ac\/MWh<\/td>\n<\/tr>\n<tr class=\"v-tbl__r\">\n<td class=\"v-tbl__d\">15.00-16.00<\/td>\n<td class=\"v-tbl__d\">-0,02 \u20ac\/MWh<\/td>\n<\/tr>\n<tr class=\"v-tbl__r\">\n<td class=\"v-tbl__d\">16.00-17.00<\/td>\n<td class=\"v-tbl__d\">-0,04 \u20ac\/MWh<\/td>\n<\/tr>\n<tr class=\"v-tbl__r\">\n<td class=\"v-tbl__d\">17.00-18.00<\/td>\n<td class=\"v-tbl__d\">0 \u20ac\/MWh<\/td>\n<\/tr>\n<tr class=\"v-tbl__r\">\n<td class=\"v-tbl__d\">18.00-19.00<\/td>\n<td class=\"v-tbl__d\">18,63 \u20ac\/MWh<\/td>\n<\/tr>\n<tr class=\"v-tbl__r\">\n<td class=\"v-tbl__d\">19.00-20.00<\/td>\n<td class=\"v-tbl__d\">99,50 \u20ac\/MWh<\/td>\n<\/tr>\n<tr class=\"v-tbl__r\">\n<td class=\"v-tbl__d\">20.00-21.00<\/td>\n<td class=\"v-tbl__d\">142,40 \u20ac\/MWh<\/td>\n<\/tr>\n<tr class=\"v-tbl__r\">\n<td class=\"v-tbl__d\">21.00-22.00<\/td>\n<td class=\"v-tbl__d\">172,22 \u20ac\/MWh<\/td>\n<\/tr>\n<tr class=\"v-tbl__r\">\n<td class=\"v-tbl__d\">22.00-23.00<\/td>\n<td class=\"v-tbl__d\">175,76 \u20ac\/MWh<\/td>\n<\/tr>\n<tr class=\"v-tbl__r\">\n<td class=\"v-tbl__d\">23.00-24.00<\/td>\n<td class=\"v-tbl__d\">172,75 \u20ac\/MWh<\/td>\n<\/tr>\n<p class=\"v-f__p v-d-p v-f__p--1\">Descubre la nueva app de LAS PROVINCIAS, desc\u00e1rgatela: <\/p>\n<p>\nLas medidas del Gobierno para amortiguar la subida\n<\/p>\n<p class=\"v-d-p\" style=\"\">El encarecimiento de la luz se produce en un contexto de tensi\u00f3n energ\u00e9tica vinculada al conflicto en Oriente Medio, que est\u00e1 impulsando al alza el precio del gas y, con \u00e9l, el de la electricidad. Sin embargo, <a href=\"https:\/\/www.lasprovincias.es\/economia\/gobierno-iva-electricidad-gas-20260514104911-nt.html\" target=\"_blank\" data-voc-vtm-id=\"in-text-traffic\" rel=\"nofollow noopener\">desde el 1 de junio se han desactivado las rebajas relativas al IVA aplicado a la electricidad<\/a>, al gas natural, as\u00ed como a las briquetas, pellets y le\u00f1a. <\/p>\n<p class=\"v-d-p\" style=\"\">Esta decisi\u00f3n responde a que los precios de la electricidad y del gas natural registraron en abril descensos interanuales del 4,3% y del 9,6%, respectivamente, permitiendo que el sistema inicie el retorno a la fiscalidad habitual.<\/p>\n<p><img decoding=\"async\" loading=\"lazy\" src=\"https:\/\/www.europesays.com\/es\/wp-content\/uploads\/2026\/07\/1784415261_659_enchufe-kPrE-U33311127475UFK-208x112@Las Provincias.jpg\" class=\"v-cmp-chp__i\" alt=\"Consejos para ahorrar en la factura de la luz\" width=\"208\" height=\"112\"\/><\/p>\n<p class=\"v-a-p-t\">\nAhorro\n<\/p>\n<p>Consejos para ahorrar en la factura de la luz<\/p>\n<p class=\"v-d-p\" style=\"\">Para reducir el consumo y abaratar el recibo de la electricidad, puedes seguir estos consejos: <\/p>\n<p>\nElectrodom\u00e9sticos\n<\/p>\n<p class=\"v-d-p\" style=\"\">Para reducir el consumo de los electrodom\u00e9sticos de tu hogar es aconsejable, es aconsejable:<\/p>\n<p class=\"v-d-p\" style=\"\">&#8211; Desconecta los electrodom\u00e9sticos cuando no est\u00e9s casa por un per\u00edodo largo (vacaciones). <strong>Especialmente el frigor\u00edfico-congelador<\/strong> que consume hasta el 30% del total del consumo de la vivienda.<\/p>\n<p class=\"v-d-p\" style=\"\">&#8211; Evita dejarlos en &#8216;stand by&#8217; ya que siguen gastando, aunque no consuman.<\/p>\n<p class=\"v-d-p\" style=\"\">&#8211; Trata de aprovechar las horas de sol para el secado de ropa.<\/p>\n<p>\nAgua caliente\n<\/p>\n<p class=\"v-d-p\" style=\"\">Ser\u00eda recomendable que siempre:<\/p>\n<p class=\"v-d-p\" style=\"\">&#8211; Uses el agua caliente con prudencia. Es recomendable prestar atenci\u00f3n para que nunca se quede un grifo abierto m\u00e1s de la cuenta.<\/p>\n<p class=\"v-d-p\" style=\"\">&#8211; Con car\u00e1cter general, una temperatura del agua <strong>entre 30\u00baC y 35\u00baC<\/strong> puede ser suficiente.<\/p>\n<p>\nIluminaci\u00f3n\n<\/p>\n<p class=\"v-d-p\" style=\"\">Es recomendable:<\/p>\n<p class=\"v-d-p\" style=\"\">&#8211; Sustituir progresivamente las bombillas incandescentes y hal\u00f3genas por tecnolog\u00eda LED, ya que emplea una potencia diez veces menor que las incandescentes y tienen una vida \u00fatil diez veces mayor, ahorrando hasta un 85% de la energ\u00eda.<\/p>\n<p class=\"v-d-p\" style=\"\">&#8211; Aprovechar al m\u00e1ximo la luz natural apagando la luz de las zonas iluminadas de manera natural y siempre que haya espacios abiertos o paredes acristaladas que contribuyan a una vigilancia pasiva.<\/p>\n","protected":false},"excerpt":{"rendered":"Durante los \u00faltimos d\u00edas el precio de la luz hab\u00eda experimentado una importante subida. Sin embargo, para este&hellip;\n","protected":false},"author":2,"featured_media":665298,"comment_status":"","ping_status":"","sticky":false,"template":"","format":"standard","meta":{"footnotes":""},"categories":[80],"tags":[82,51,5658,1053,95,94,25,24,1058,126,297,1875,1070,3282,23,11304],"class_list":["post-665297","post","type-post","status-publish","format-standard","has-post-thumbnail","category-economia","tag-business","tag-deja","tag-dispara","tag-domingo","tag-economia","tag-economy","tag-es","tag-espana","tag-final","tag-gratis","tag-horas","tag-luz","tag-mundial","tag-precio","tag-spain","tag-varias"],"share_on_mastodon":{"url":"https:\/\/pubeurope.com\/@es\/116943445594713818","error":""},"_links":{"self":[{"href":"https:\/\/www.europesays.com\/es\/wp-json\/wp\/v2\/posts\/665297","targetHints":{"allow":["GET"]}}],"collection":[{"href":"https:\/\/www.europesays.com\/es\/wp-json\/wp\/v2\/posts"}],"about":[{"href":"https:\/\/www.europesays.com\/es\/wp-json\/wp\/v2\/types\/post"}],"author":[{"embeddable":true,"href":"https:\/\/www.europesays.com\/es\/wp-json\/wp\/v2\/users\/2"}],"replies":[{"embeddable":true,"href":"https:\/\/www.europesays.com\/es\/wp-json\/wp\/v2\/comments?post=665297"}],"version-history":[{"count":0,"href":"https:\/\/www.europesays.com\/es\/wp-json\/wp\/v2\/posts\/665297\/revisions"}],"wp:featuredmedia":[{"embeddable":true,"href":"https:\/\/www.europesays.com\/es\/wp-json\/wp\/v2\/media\/665298"}],"wp:attachment":[{"href":"https:\/\/www.europesays.com\/es\/wp-json\/wp\/v2\/media?parent=665297"}],"wp:term":[{"taxonomy":"category","embeddable":true,"href":"https:\/\/www.europesays.com\/es\/wp-json\/wp\/v2\/categories?post=665297"},{"taxonomy":"post_tag","embeddable":true,"href":"https:\/\/www.europesays.com\/es\/wp-json\/wp\/v2\/tags?post=665297"}],"curies":[{"name":"wp","href":"https:\/\/api.w.org\/{rel}","templated":true}]}}