{"id":665411,"date":"2026-07-19T00:35:12","date_gmt":"2026-07-19T00:35:12","guid":{"rendered":"https:\/\/www.europesays.com\/es\/665411\/"},"modified":"2026-07-19T00:35:12","modified_gmt":"2026-07-19T00:35:12","slug":"con-inglaterra-en-la-sangre-la-bici-en-la-piel-y-un-amigo-en-la-cabeza","status":"publish","type":"post","link":"https:\/\/www.europesays.com\/es\/665411\/","title":{"rendered":"Con Inglaterra en la sangre, la bici en la piel y un amigo en la cabeza"},"content":{"rendered":"<p style=\"\">\u00abLa verdad, verme como opci\u00f3n de ganar una etapa ser\u00eda muy loco\u00bb, exterioriza Abel Balderstone Roumens (Ullastrell, Barcelona, 2000). Y se r\u00ede, t\u00edmido, como  &#8230; si fuera un ni\u00f1o peque\u00f1o que acaba de pensar una trastada. Un esp\u00edritu similar es es el que revolotea en los equipos modestos del Tour. Sus objetivos m\u00e1s ambiciosos chocan con los de los mayores, que les mantienen a raya. El catal\u00e1n es uno de los seis ciclistas del Caja Rural que quiere escapar de su yugo, la ley del m\u00e1s fuerte, que les fuerza a pasar las de Ca\u00edn. <\/p>\n<p class=\"v-d-p\" style=\"\">Abel no es hijo de Ad\u00e1n y Eva, sino de padre brit\u00e1nico y madre con ra\u00edces francesas. \u00abSu abuelo era de all\u00ed, pero ya no nos queda nadie en ning\u00fan sitio\u00bb. John Mark Balderstone se crio en el condado de Lancashire, donde pronuncian el apellido a\u00f1adiendo una &#8216;u&#8217; en la primera s\u00edlaba . Con 24 a\u00f1os, emigr\u00f3 a Catalu\u00f1a para ganarse la vida como profesor de ingl\u00e9s, conoci\u00f3 a su esposa y transmiti\u00f3 a sus dos hijos la pasi\u00f3n por la bicicleta. El hermano mayor fue el primero en empezar a salir con la grupeta del ingl\u00e9s. El peque\u00f1o tuvo que esperar hasta los doce a\u00f1os.<\/p>\n<p class=\"v-d-p\" style=\"\">Primero en un club de Terrassa y luego en el de Valverde comenz\u00f3 a labrar su futuro hacia el profesionalismo. \u00abSiempre lo tuve claro. Este tatuaje me lo hice ya con 18 a\u00f1os\u00bb, cuenta mientras ense\u00f1a la bici con unas redes infinitas que tiene tatuado en la mu\u00f1eca derecha. Y tiene otra, en el b\u00edceps del mismo brazo, incluida en una l\u00ednea de par\u00e1metros vitales y con un mensaje debajo. &#8216;Keep Fighting&#8217;. Sigue peleando.<\/p>\n<p>\nAl UAE el a\u00f1o que viene\n<\/p>\n<p class=\"v-d-p\" style=\"\">Cuando logr\u00f3 ganar la Cl\u00e1sica Terres de l&#8217;\u00c8bre en 2024, mostr\u00f3 el tatuaje. Una lesi\u00f3n de rodilla le hab\u00eda mantenido siete meses de baja. Los contratiempos f\u00edsicos le han esculpido una evoluci\u00f3n paulatina que en las \u00faltimas temporadas ya le dejan brillar en grandes escenarios. En 2025 se proclam\u00f3 campe\u00f3n nacional de contrarreloj en Sierra Nevada. \u00abNo me defiendo mal, pero ese recorrido era perfecto para mi perfil\u00bb. Escalador con buena planta, piernas largas, rubio y mejor espa\u00f1ol en la general de La Vuelta (13\u00ba) unos meses despu\u00e9s. <\/p>\n<p class=\"v-d-p\" style=\"\">Siempre de la mano de Jaume Guarde\u00f1o (14\u00ba). Compa\u00f1ero y amigo. El alicantino, de Altea, se mud\u00f3 a Barcelona para estudiar Fisioterapia y entrenaban juntos o coincid\u00edan en las carreteras. En una de ellas, se tropez\u00f3 con una piedra y choc\u00f3 contra un coche. El accidente del 2 de abril le mantiene ingresado en la Cl\u00ednica Guttmann y en la cabeza de Balderstone, que promete seguir peleando en su \u00faltimo servicio en el Caja Rural. Pese a tener un a\u00f1o m\u00e1s de contrato, en 2027 tiene apalabrado recalar en el UAE.<\/p>\n","protected":false},"excerpt":{"rendered":"\u00abLa verdad, verme como opci\u00f3n de ganar una etapa ser\u00eda muy loco\u00bb, exterioriza Abel Balderstone Roumens (Ullastrell, Barcelona,&hellip;\n","protected":false},"author":2,"featured_media":665412,"comment_status":"","ping_status":"","sticky":false,"template":"","format":"standard","meta":{"footnotes":""},"categories":[273],"tags":[4420,2237,1067,313,312,168,25,24,332,10003,13967,23,167],"class_list":["post-665411","post","type-post","status-publish","format-standard","has-post-thumbnail","category-ciclismo","tag-amigo","tag-bici","tag-cabeza","tag-ciclismo","tag-cycling","tag-deportes","tag-es","tag-espana","tag-inglaterra","tag-piel","tag-sangre","tag-spain","tag-sports"],"share_on_mastodon":{"url":"https:\/\/pubeurope.com\/@es\/116943842325639969","error":""},"_links":{"self":[{"href":"https:\/\/www.europesays.com\/es\/wp-json\/wp\/v2\/posts\/665411","targetHints":{"allow":["GET"]}}],"collection":[{"href":"https:\/\/www.europesays.com\/es\/wp-json\/wp\/v2\/posts"}],"about":[{"href":"https:\/\/www.europesays.com\/es\/wp-json\/wp\/v2\/types\/post"}],"author":[{"embeddable":true,"href":"https:\/\/www.europesays.com\/es\/wp-json\/wp\/v2\/users\/2"}],"replies":[{"embeddable":true,"href":"https:\/\/www.europesays.com\/es\/wp-json\/wp\/v2\/comments?post=665411"}],"version-history":[{"count":0,"href":"https:\/\/www.europesays.com\/es\/wp-json\/wp\/v2\/posts\/665411\/revisions"}],"wp:featuredmedia":[{"embeddable":true,"href":"https:\/\/www.europesays.com\/es\/wp-json\/wp\/v2\/media\/665412"}],"wp:attachment":[{"href":"https:\/\/www.europesays.com\/es\/wp-json\/wp\/v2\/media?parent=665411"}],"wp:term":[{"taxonomy":"category","embeddable":true,"href":"https:\/\/www.europesays.com\/es\/wp-json\/wp\/v2\/categories?post=665411"},{"taxonomy":"post_tag","embeddable":true,"href":"https:\/\/www.europesays.com\/es\/wp-json\/wp\/v2\/tags?post=665411"}],"curies":[{"name":"wp","href":"https:\/\/api.w.org\/{rel}","templated":true}]}}